{"id":1949,"date":"2022-07-20T10:54:20","date_gmt":"2022-07-20T13:54:20","guid":{"rendered":"http:\/\/blogdoarmindomaia.com.br\/?p=1949"},"modified":"2022-07-20T10:54:22","modified_gmt":"2022-07-20T13:54:22","slug":"familias-que-trabalham-em-cooperativas-e-associacoes-de-reciclagem-recebem-apoio-da-prefeitura","status":"publish","type":"post","link":"http:\/\/blogdoarmindomaia.com.br\/?p=1949","title":{"rendered":"Fam\u00edlias que trabalham em cooperativas e associa\u00e7\u00f5es de reciclagem recebem apoio da Prefeitura"},"content":{"rendered":"\n<figure class=\"wp-block-image size-full\"><img loading=\"lazy\" decoding=\"async\" width=\"1024\" height=\"683\" src=\"http:\/\/blogdoarmindomaia.com.br\/wp-content\/uploads\/2022\/07\/Familias-que-trabalham-em-cooperativas-e-associacoes-de-reciclagem-pag-08.jpeg\" alt=\"\" class=\"wp-image-1950\" srcset=\"http:\/\/blogdoarmindomaia.com.br\/wp-content\/uploads\/2022\/07\/Familias-que-trabalham-em-cooperativas-e-associacoes-de-reciclagem-pag-08.jpeg 1024w, http:\/\/blogdoarmindomaia.com.br\/wp-content\/uploads\/2022\/07\/Familias-que-trabalham-em-cooperativas-e-associacoes-de-reciclagem-pag-08-300x200.jpeg 300w, http:\/\/blogdoarmindomaia.com.br\/wp-content\/uploads\/2022\/07\/Familias-que-trabalham-em-cooperativas-e-associacoes-de-reciclagem-pag-08-768x512.jpeg 768w\" sizes=\"auto, (max-width: 1024px) 100vw, 1024px\" \/><\/figure>\n\n\n\n<p>A Prefeitura de Arax\u00e1 est\u00e1 contribuindo de forma efetiva com o trabalho de coleta seletiva de materiais recicl\u00e1veis realizado por cooperativas e associa\u00e7\u00f5es. A falta de estrutura, de apoio, de investimentos e at\u00e9 mesmo o abandono ficaram para tr\u00e1s.<br><br>Desde o ano passado, conv\u00eanios firmados que somam mais de R$ 660.000 possibilitaram a reestrutura\u00e7\u00e3o das quatro entidades que tiram da reciclagem o sustento de diversas fam\u00edlias, com o aluguel de galp\u00f5es e compra de caminh\u00f5es e equipamentos. J\u00e1 s\u00e3o 28 fam\u00edlias que melhoraram suas rendas atrav\u00e9s do apoio da Prefeitura de Arax\u00e1.<br><br>Segundo o prefeito Robson Magela, as condi\u00e7\u00f5es dignas de trabalho oferecidas aos catadores foi o primeiro compromisso firmado pela atual gest\u00e3o. \u201cAtualmente, os associados e cooperados podem realizar um trabalho ainda melhor, gerando renda e contribuindo da forma como merecem para uma vida digna aos seus familiares\u201d, relata o prefeito.<br><br>O integrante da Foco Ambiental, Jo\u00e3o Carlos de Paula, conta que com o aux\u00edlio da prefeitura existe maior estabilidade financeira na vida dos catadores. \u201cA gente n\u00e3o tinha apoio e muito menos seguran\u00e7a. Receb\u00edamos um valor razo\u00e1vel em um m\u00eas, e em outro n\u00e3o t\u00ednhamos quantia nenhuma. E hoje, podemos contar com uma renda fixa mensalmente. Isso faz toda a diferen\u00e7a para n\u00f3s\u201d, destaca.<br><br>Regina Aparecida Martins, da Reciclara, relata como se sente recebendo a ajuda da Administra\u00e7\u00e3o Municipal. \u201cEstou muito orgulhosa, pois hoje estamos bem estruturados, estamos trabalhando felizes e com muito mais vontade. Sabemos que a tend\u00eancia agora \u00e9 s\u00f3 melhorar\u201d, diz.<br><br>Catadora da Cooperare h\u00e1 seis anos, Darlene Malvina Silva, reitera a import\u00e2ncia do benef\u00edcio que recebe da gest\u00e3o. \u201cN\u00f3s dependemos do dinheiro da reciclagem para sustentar as nossas casas. E quando a prefeitura come\u00e7ou a nos oferecer o benef\u00edcio, nos ajudou demais. Dependemos do dinheiro daqui para poder comprar um chinelo, para comer, pagar uma \u00e1gua, uma luz. Com essa ajuda agora eu posso pensar at\u00e9 em ter uma casa mais confort\u00e1vel e sei que como aut\u00f4noma dificilmente eu conseguiria\u201d, conta.<br><br>Leidiani Cristina Silva dos Santos, que trabalha na Cooperativa Dona Beja h\u00e1 tr\u00eas anos, relata que o aux\u00edlio mudou a vida dos trabalhadores e tamb\u00e9m de suas fam\u00edlias. \u201cAntes, a gente trabalhava sem nenhum tipo de prote\u00e7\u00e3o, debaixo de sol quente, sem \u00e1gua, sem banheiro, sem nenhuma dignidade. Hoje temos nosso barrac\u00e3o e a ajuda auxilia bastante. N\u00e3o receb\u00edamos ajuda de ningu\u00e9m, antes era a gente pela gente mesmo\u201d, conclui.<br><\/p>\n","protected":false},"excerpt":{"rendered":"<p>A Prefeitura de Arax\u00e1 est\u00e1 contribuindo de forma efetiva com o trabalho de coleta seletiva de materiais recicl\u00e1veis realizado por<\/p>\n","protected":false},"author":2,"featured_media":1950,"comment_status":"open","ping_status":"open","sticky":false,"template":"","format":"standard","meta":{"footnotes":""},"categories":[9,8],"tags":[],"class_list":["post-1949","post","type-post","status-publish","format-standard","has-post-thumbnail","hentry","category-araxa","category-cidades"],"_links":{"self":[{"href":"http:\/\/blogdoarmindomaia.com.br\/index.php?rest_route=\/wp\/v2\/posts\/1949","targetHints":{"allow":["GET"]}}],"collection":[{"href":"http:\/\/blogdoarmindomaia.com.br\/index.php?rest_route=\/wp\/v2\/posts"}],"about":[{"href":"http:\/\/blogdoarmindomaia.com.br\/index.php?rest_route=\/wp\/v2\/types\/post"}],"author":[{"embeddable":true,"href":"http:\/\/blogdoarmindomaia.com.br\/index.php?rest_route=\/wp\/v2\/users\/2"}],"replies":[{"embeddable":true,"href":"http:\/\/blogdoarmindomaia.com.br\/index.php?rest_route=%2Fwp%2Fv2%2Fcomments&post=1949"}],"version-history":[{"count":1,"href":"http:\/\/blogdoarmindomaia.com.br\/index.php?rest_route=\/wp\/v2\/posts\/1949\/revisions"}],"predecessor-version":[{"id":1951,"href":"http:\/\/blogdoarmindomaia.com.br\/index.php?rest_route=\/wp\/v2\/posts\/1949\/revisions\/1951"}],"wp:featuredmedia":[{"embeddable":true,"href":"http:\/\/blogdoarmindomaia.com.br\/index.php?rest_route=\/wp\/v2\/media\/1950"}],"wp:attachment":[{"href":"http:\/\/blogdoarmindomaia.com.br\/index.php?rest_route=%2Fwp%2Fv2%2Fmedia&parent=1949"}],"wp:term":[{"taxonomy":"category","embeddable":true,"href":"http:\/\/blogdoarmindomaia.com.br\/index.php?rest_route=%2Fwp%2Fv2%2Fcategories&post=1949"},{"taxonomy":"post_tag","embeddable":true,"href":"http:\/\/blogdoarmindomaia.com.br\/index.php?rest_route=%2Fwp%2Fv2%2Ftags&post=1949"}],"curies":[{"name":"wp","href":"https:\/\/api.w.org\/{rel}","templated":true}]}}