{"id":1952,"date":"2022-07-20T10:57:31","date_gmt":"2022-07-20T13:57:31","guid":{"rendered":"http:\/\/blogdoarmindomaia.com.br\/?p=1952"},"modified":"2022-07-20T10:57:33","modified_gmt":"2022-07-20T13:57:33","slug":"livro-projeto-mineiro-de-desenvolvimento-sustentavel-sera-lancado-em-araxa","status":"publish","type":"post","link":"http:\/\/blogdoarmindomaia.com.br\/?p=1952","title":{"rendered":"Livro \u201cProjeto Mineiro de Desenvolvimento Sustent\u00e1vel\u201d ser\u00e1 \u00a0lan\u00e7ado em Arax\u00e1"},"content":{"rendered":"\n<figure class=\"wp-block-image size-large\"><img loading=\"lazy\" decoding=\"async\" width=\"1024\" height=\"682\" src=\"http:\/\/blogdoarmindomaia.com.br\/wp-content\/uploads\/2022\/07\/lanca_livro3-1024x682.jpeg\" alt=\"\" class=\"wp-image-1953\" srcset=\"http:\/\/blogdoarmindomaia.com.br\/wp-content\/uploads\/2022\/07\/lanca_livro3-1024x682.jpeg 1024w, http:\/\/blogdoarmindomaia.com.br\/wp-content\/uploads\/2022\/07\/lanca_livro3-300x200.jpeg 300w, http:\/\/blogdoarmindomaia.com.br\/wp-content\/uploads\/2022\/07\/lanca_livro3-768x512.jpeg 768w, http:\/\/blogdoarmindomaia.com.br\/wp-content\/uploads\/2022\/07\/lanca_livro3.jpeg 1280w\" sizes=\"auto, (max-width: 1024px) 100vw, 1024px\" \/><\/figure>\n\n\n\n<p>Uma obra que procura alavancar a economia do Brasil e de Minas Gerais, mas tamb\u00e9m reconstruir com otimismo um novo horizonte para o povo. \u00c9 com esse mote que o Deputado Federal Mario Heringer escreveu o Plano Mineiro de Desenvolvimento Sustent\u00e1vel (PMDS). O livro ser\u00e1 lan\u00e7ado em Arax\u00e1 no dia 21 de julho, em um encontro especial que reunir\u00e1 convidados e autoridades para conhecerem a obra, no Sal\u00e3o Clara Rosa.<\/p>\n\n\n\n<p>\u201cA proposta \u00e9 que Minas Gerais tome a dianteira na condu\u00e7\u00e3o econ\u00f4mica, agindo como uma verdadeira locomotiva para retirar o Brasil da crise. Identificamos rotas estrat\u00e9gicas para constru\u00e7\u00e3o de uma pol\u00edtica industrial que vai se destacar pelos pr\u00f3ximos 50 anos. Esta vis\u00e3o de longo alcance construiu nossa siderurgia, com planejamento estatal e parceria privada, e agora \u00e9 hora de entrarmos de vez na ind\u00fastria 4.0 e no mercado de cr\u00e9ditos de carbono\u201d, explica o autor. Ele conta que a proposta do Projeto Mineiro de Desenvolvimento Sustent\u00e1vel surge como continuidade e aprofundamento do Projeto Nacional de Desenvolvimento (PND), identificando oportunidades e desafios para o desenvolvimento econ\u00f4mico e social inclusivo, com aten\u00e7\u00e3o \u00e0s particularidades locais.<\/p>\n\n\n\n<p>Um dos investimentos estrat\u00e9gicos de maior relev\u00e2ncia citados na obra encontra-se nas jazidas de ni\u00f3bio de Arax\u00e1. Mas, segundo Heringer, mais interessante do que somente exportar a mat\u00e9ria prima seria avan\u00e7ar na produ\u00e7\u00e3o de c\u00e9lulas combust\u00edveis (<em>fuel cells<\/em>) e de baterias el\u00e9tricas, itens centrais na ind\u00fastria 4.0 que s\u00e3o produzidos a partir do min\u00e9rio. Com este avan\u00e7o industrial, o valor do produto exportado aumenta, h\u00e1 maior gera\u00e7\u00e3o de empregos e desenvolvimento tecnol\u00f3gico. Nosso Munic\u00edpio tamb\u00e9m \u00e9 citado em uma proposta para sua inclus\u00e3o na SUDECO (Superintend\u00eancia de Desenvolvimento do Centro-Oeste), visando ampliar os incentivos econ\u00f4micos para agroneg\u00f3cio, agricultura familiar, micro e pequenas empresas, setor mineral, industrial, turismo, entre outros setores.<\/p>\n\n\n\n<p>Mas o livro n\u00e3o se resume \u00e0 an\u00e1lise econ\u00f4mica, e traz tamb\u00e9m uma discuss\u00e3o sobre como melhorar a qualidade de vida do povo mineiro em pol\u00edticas p\u00fablicas de sa\u00fade, educa\u00e7\u00e3o, seguran\u00e7a p\u00fablica, cultura, entre outras. Segundo o autor, as duas discuss\u00f5es se complementam. \u201cTudo est\u00e1 muito conectado, porque a dignidade e a cidadania s\u00e3o refor\u00e7adas pelo emprego e renda, que por sua vez movimentam o mercado. Os empregos podem ser gerados justamente no atendimento \u00e0s necessidades da popula\u00e7\u00e3o, e na constru\u00e7\u00e3o de resili\u00eancia ambiental, e tamb\u00e9m precisamos nos atentar a oportunidades criativas, fortalecer nosso mercado interno e nos posicionar em mercados globais\u201d, conta Heringer.<\/p>\n\n\n\n<p>O autor refor\u00e7a que, mais do que focar em investimentos, devemos cuidar de nossas perspectivas. \u201cNeste projeto, busco n\u00e3o somente cuidar da economia de nosso estado, mas tamb\u00e9m reconstruir um horizonte de esperan\u00e7a para o nosso povo, cultivando nosso esp\u00edrito de coletividade e comunidade, esta alegria de viver. O mesmo vale para a federa\u00e7\u00e3o: s\u00f3 poderemos atingir nossos maiores potenciais se acreditarmos e fizermos esfor\u00e7os conscientes, com planejamento e vis\u00e3o estrat\u00e9gica. Somos um povo pioneiro, ao mesmo tempo tradicional e inovador, e temos \u00e0 nossa disposi\u00e7\u00e3o grandes oportunidades pelos caminhos do futuro\u201d, ressalta Heringer, que \u00e9 mineiro de Manhumirim, m\u00e9dico e gestor hospitalar, e exerce seu quarto mandato como Deputado Federal por Minas Gerais.<\/p>\n\n\n\n<p>O livro est\u00e1 dispon\u00edvel para download em <em>ebook<\/em> pela p\u00e1gina <a href=\"https:\/\/marioheringer.com.br\/webnario\/\">https:\/\/marioheringer.com.br\/webnario\/<\/a> , e promete dar o que falar.<\/p>\n","protected":false},"excerpt":{"rendered":"<p>Uma obra que procura alavancar a economia do Brasil e de Minas Gerais, mas tamb\u00e9m reconstruir com otimismo um novo<\/p>\n","protected":false},"author":2,"featured_media":1953,"comment_status":"open","ping_status":"open","sticky":false,"template":"","format":"standard","meta":{"footnotes":""},"categories":[9,5,11],"tags":[],"class_list":["post-1952","post","type-post","status-publish","format-standard","has-post-thumbnail","hentry","category-araxa","category-arte-e-cultura","category-destaques"],"_links":{"self":[{"href":"http:\/\/blogdoarmindomaia.com.br\/index.php?rest_route=\/wp\/v2\/posts\/1952","targetHints":{"allow":["GET"]}}],"collection":[{"href":"http:\/\/blogdoarmindomaia.com.br\/index.php?rest_route=\/wp\/v2\/posts"}],"about":[{"href":"http:\/\/blogdoarmindomaia.com.br\/index.php?rest_route=\/wp\/v2\/types\/post"}],"author":[{"embeddable":true,"href":"http:\/\/blogdoarmindomaia.com.br\/index.php?rest_route=\/wp\/v2\/users\/2"}],"replies":[{"embeddable":true,"href":"http:\/\/blogdoarmindomaia.com.br\/index.php?rest_route=%2Fwp%2Fv2%2Fcomments&post=1952"}],"version-history":[{"count":1,"href":"http:\/\/blogdoarmindomaia.com.br\/index.php?rest_route=\/wp\/v2\/posts\/1952\/revisions"}],"predecessor-version":[{"id":1954,"href":"http:\/\/blogdoarmindomaia.com.br\/index.php?rest_route=\/wp\/v2\/posts\/1952\/revisions\/1954"}],"wp:featuredmedia":[{"embeddable":true,"href":"http:\/\/blogdoarmindomaia.com.br\/index.php?rest_route=\/wp\/v2\/media\/1953"}],"wp:attachment":[{"href":"http:\/\/blogdoarmindomaia.com.br\/index.php?rest_route=%2Fwp%2Fv2%2Fmedia&parent=1952"}],"wp:term":[{"taxonomy":"category","embeddable":true,"href":"http:\/\/blogdoarmindomaia.com.br\/index.php?rest_route=%2Fwp%2Fv2%2Fcategories&post=1952"},{"taxonomy":"post_tag","embeddable":true,"href":"http:\/\/blogdoarmindomaia.com.br\/index.php?rest_route=%2Fwp%2Fv2%2Ftags&post=1952"}],"curies":[{"name":"wp","href":"https:\/\/api.w.org\/{rel}","templated":true}]}}