{"id":1957,"date":"2022-07-21T17:17:07","date_gmt":"2022-07-21T20:17:07","guid":{"rendered":"http:\/\/blogdoarmindomaia.com.br\/?p=1957"},"modified":"2022-07-21T17:17:09","modified_gmt":"2022-07-21T20:17:09","slug":"5a-edicao-do-programa-prefeitura-no-bairro-sera-no-bairro-pao-de-acucar-4","status":"publish","type":"post","link":"http:\/\/blogdoarmindomaia.com.br\/?p=1957","title":{"rendered":"5\u00aa edi\u00e7\u00e3o do programa Prefeitura no Bairro ser\u00e1 no bairro P\u00e3o de A\u00e7\u00facar 4"},"content":{"rendered":"\n<figure class=\"wp-block-image size-full\"><img loading=\"lazy\" decoding=\"async\" width=\"800\" height=\"533\" src=\"http:\/\/blogdoarmindomaia.com.br\/wp-content\/uploads\/2022\/07\/5a-edicao-do-programa-Prefeitura-no-Bairro-sera-no-bairro-Pao-de-Acucar-pag-08.jpeg\" alt=\"\" class=\"wp-image-1958\" srcset=\"http:\/\/blogdoarmindomaia.com.br\/wp-content\/uploads\/2022\/07\/5a-edicao-do-programa-Prefeitura-no-Bairro-sera-no-bairro-Pao-de-Acucar-pag-08.jpeg 800w, http:\/\/blogdoarmindomaia.com.br\/wp-content\/uploads\/2022\/07\/5a-edicao-do-programa-Prefeitura-no-Bairro-sera-no-bairro-Pao-de-Acucar-pag-08-300x200.jpeg 300w, http:\/\/blogdoarmindomaia.com.br\/wp-content\/uploads\/2022\/07\/5a-edicao-do-programa-Prefeitura-no-Bairro-sera-no-bairro-Pao-de-Acucar-pag-08-768x512.jpeg 768w\" sizes=\"auto, (max-width: 800px) 100vw, 800px\" \/><\/figure>\n\n\n\n<p>Os moradores da regi\u00e3o do bairro P\u00e3o de A\u00e7\u00facar ter\u00e3o a oportunidade de apresentar suas demandas diretamente \u00e0 Prefeitura de Arax\u00e1 e acesso a mais de 40 servi\u00e7os gratuitos. A 5\u00aa edi\u00e7\u00e3o do programa Prefeitura no Bairro acontece no pr\u00f3ximo dia 30 de julho, na Escola Municipal Agar de Affonseca e Silva, no bairro P\u00e3o de A\u00e7\u00facar 4, a partir das 8h.<br><br>Ser\u00e3o realizados o agendamento da 1\u00aa via de identidade, vacina\u00e7\u00e3o contra a Covid e de rotina, acesso a programas sociais, orienta\u00e7\u00e3o para a abertura de empresas, atividades esportivas e muitos outros projetos desenvolvidos pela Prefeitura de Arax\u00e1. As a\u00e7\u00f5es disponibilizadas levam os projetos da Administra\u00e7\u00e3o Municipal mais pr\u00f3ximo ao cidad\u00e3o e torna mais eficiente as estrat\u00e9gias de atendimento da gest\u00e3o p\u00fablica.<br><br>O programa Prefeitura no Bairro tamb\u00e9m levar\u00e1 atendimentos nas \u00e1reas de A\u00e7\u00e3o Social, Sa\u00fade, Seguran\u00e7a, Cidadania, Infraestrutura, Direitos Humanos, Acolhimento \u00e0 Mulher, Educa\u00e7\u00e3o, Meio Ambiente, Trabalho e Emprego, Habita\u00e7\u00e3o, Cultura, Esporte, Lazer e Agricultura. O Gabinete do Prefeito e a Secretaria de Governo tamb\u00e9m estar\u00e3o \u00e0 disposi\u00e7\u00e3o para ouvir as demandas dos cidad\u00e3os. O programa prev\u00ea um evento peri\u00f3dico, uma vez por m\u00eas, contemplando todas as regi\u00f5es do munic\u00edpio.<br><br><strong>Prefeitura no Bairro &#8211; Bairro P\u00e3o de A\u00e7\u00facar 4<\/strong><br><br><strong>&#8211; Local:&nbsp;<\/strong>Escola Municipal Agar de Affonseca e Silva &#8211; Endere\u00e7o: Rua Sargento Gislei Oliveira Reis, n\u00ba 600, bairro P\u00e3o de A\u00e7\u00facar 4.<br><br><strong>&#8211; Data:&nbsp;<\/strong>30 de julho (s\u00e1bado)<br><strong><br>&#8211; Hor\u00e1rio<\/strong>: 8h \u00e0s 12h<br><br>Principais servi\u00e7os que ser\u00e3o oferecidos \u00e0 popula\u00e7\u00e3o:<br><strong><br>GABINETE DO PREFEITO E SECRETARIA DE GOVERNO<\/strong><br>\u2022 Atendimento<br><br><strong>SA\u00daDE<\/strong><br>\u2022 Vacina\u00e7\u00e3o contra a Covid-19;<br>\u2022 Vacina\u00e7\u00e3o de rotina &#8211; Influenza, Triviral, Febre Amarela, Hepatite B, T\u00e9tano, HPV (meninas a partir de 9 anos e meninos a partir de 11 anos), Meningoc\u00f3cica ACWY (meninas e meninos a partir de 11 anos);<br>\u2022 Orienta\u00e7\u00e3o Nutricional;<br>\u2022 Atualiza\u00e7\u00e3o do Cart\u00e3o do SUS;<br>\u2022 Orienta\u00e7\u00f5es sobre Sa\u00fade da Mulher;<br>\u2022 Aferi\u00e7\u00e3o de press\u00e3o arterial;<br>\u2022 Orienta\u00e7\u00e3o Postural.<br><strong><br>SOCIAL<\/strong><br>\u2022 Informa\u00e7\u00f5es e Cadastro de Programa M\u00e3os \u00e0 Obra;<br>\u2022 Cadastro do Programa Planta Popular (Habitacional);<br>\u2022 Atualiza\u00e7\u00e3o do Cadastro \u00danico;<br>\u2022 Cadastro do Programa Renda B\u00e1sica;<br>\u2022 Orienta\u00e7\u00e3o do ID Jovem;<br>\u2022 Atendimento e Acolhimento \u00e0 Mulher;<br>\u2022 Doa\u00e7\u00e3o de Mudas (Pequeno Jardineiro);<br>\u2022 Cadastro Acessuas e Confec\u00e7\u00e3o de Curr\u00edculos.<br><br><strong>PROCON<\/strong><br>\u2022 Atendimento ao p\u00fablico para reclama\u00e7\u00f5es relativas ao consumo, finan\u00e7as, telefonia e outras.<br><br><strong>SINE<\/strong><br>\u2022 Atendimento sobre vagas de emprego e cadastro de trabalhadores.<br><br><strong>DESENVOLVIMENTO ECON\u00d4MICO<\/strong><br>\u2022 Sala do Empreendedor: como abrir sua pr\u00f3pria empresa;<br>\u2022 Orienta\u00e7\u00e3o sobre o Projeto Arax\u00e1 Empreendedora;<br>\u2022 Inscri\u00e7\u00f5es para cursos de qualifica\u00e7\u00e3o e capacita\u00e7\u00e3o.<br><br><strong>TURISMO<\/strong><br>\u2022 Apresenta\u00e7\u00e3o do Plano Municipal do Turismo;<br>\u2022 Amostra dos Pontos Tur\u00edsticos da cidade;<br>\u2022 Amostra de Produtos.<br><strong><br>IPDSA &#8211; MEIO AMBIENTE<\/strong><br>\u2022 Recolhimento de eletroeletr\u00f4nicos (pilhas, baterias, celulares, etc);<br>\u2022 Requerimento de poda de \u00e1rvores em cal\u00e7ada;<br>\u2022 Coleta de material recicl\u00e1vel.<br><br><strong>EDUCA\u00c7\u00c3O<\/strong><br>\u2022 Orienta\u00e7\u00e3o para educa\u00e7\u00e3o dos filhos;<br>\u2022 Busca ativa de crian\u00e7as de 0 a 5 anos que est\u00e3o fora da escola;<br>\u2022 Busca Ativa de Jovens e Adultos que n\u00e3o completaram o ensino fundamental;<br>\u2022 Biblioteca M\u00f3vel e Conta\u00e7\u00e3o de Hist\u00f3rias.<br><strong><br>OBRAS P\u00daBLICAS E MOBILIDADE URBANA<\/strong><br>\u2022 Apresenta\u00e7\u00e3o de Projetos das Obras da Prefeitura;<br>\u2022 Requerimento de Tapa-Buracos;<br>\u2022 Requerimento de Limpeza Urbana;<br>\u2022 Requerimento de Ilumina\u00e7\u00e3o P\u00fablica.<br><br><strong>AGRICULTURA E PECU\u00c1RIA<\/strong><br>\u2022 Cadastro de Produtores;<br>\u2022 Como obter o SIM (Selo de Inspe\u00e7\u00e3o Municipal);<br>\u2022 Inscri\u00e7\u00f5es de Programas.<br><br><strong>ESPORTES<\/strong><br>\u2022 Recrea\u00e7\u00e3o;<br>\u2022 Gin\u00e1stica para Terceira Idade;<br>\u2022 Projeto Viva a Vida;<br>\u2022 Aula Funcional.<br><br><strong>FAZENDA, PLANEJAMENTO E GEST\u00c3O<\/strong><br>\u2022 Rec\u00e1lculo de parcelas atrasadas de IPTU e D\u00edvida Ativa;<br>\u2022 Emiss\u00e3o de guias de IPTU;<br>\u2022 Isen\u00e7\u00e3o de IPTU para aposentados e pensionistas;<br>\u2022 Orienta\u00e7\u00f5es tribut\u00e1rias;<br>\u2022 Orienta\u00e7\u00f5es e preenchimentos de requerimentos de isen\u00e7\u00f5es e outros.<br><strong><br>SEGURAN\u00c7A P\u00daBLICA<\/strong><br>\u2022 Agendamento para emiss\u00e3o de 1\u00aa via de Identidade;<br>\u2022 Emiss\u00e3o de Cart\u00e3o de Estacionamento para Idoso;<br>\u2022 Emiss\u00e3o de Estacionamento para Deficiente.<br><br><strong>CULTURA<\/strong><br>\u2022 Cadastro de Artistas;<br>\u2022 Apresenta\u00e7\u00e3o Musical;<br>\u2022 Oficinas Culturais.<br><br><strong>IPREMA<\/strong><br>\u2022 Orienta\u00e7\u00e3o Previdenci\u00e1ria (Regime Geral e Iprema).<br><br><strong>VIGIL\u00c2NCIA EM SA\u00daDE<\/strong><br>\u2022 Atendimentos Cerest;<br>\u2022 Exames CTA;<br>\u2022 Orienta\u00e7\u00e3o Dengue e Animais Pe\u00e7onhentos.<br><\/p>\n","protected":false},"excerpt":{"rendered":"<p>Os moradores da regi\u00e3o do bairro P\u00e3o de A\u00e7\u00facar ter\u00e3o a oportunidade de apresentar suas demandas diretamente \u00e0 Prefeitura de<\/p>\n","protected":false},"author":2,"featured_media":1958,"comment_status":"open","ping_status":"open","sticky":false,"template":"","format":"standard","meta":{"footnotes":""},"categories":[9,11],"tags":[],"class_list":["post-1957","post","type-post","status-publish","format-standard","has-post-thumbnail","hentry","category-araxa","category-destaques"],"_links":{"self":[{"href":"http:\/\/blogdoarmindomaia.com.br\/index.php?rest_route=\/wp\/v2\/posts\/1957","targetHints":{"allow":["GET"]}}],"collection":[{"href":"http:\/\/blogdoarmindomaia.com.br\/index.php?rest_route=\/wp\/v2\/posts"}],"about":[{"href":"http:\/\/blogdoarmindomaia.com.br\/index.php?rest_route=\/wp\/v2\/types\/post"}],"author":[{"embeddable":true,"href":"http:\/\/blogdoarmindomaia.com.br\/index.php?rest_route=\/wp\/v2\/users\/2"}],"replies":[{"embeddable":true,"href":"http:\/\/blogdoarmindomaia.com.br\/index.php?rest_route=%2Fwp%2Fv2%2Fcomments&post=1957"}],"version-history":[{"count":1,"href":"http:\/\/blogdoarmindomaia.com.br\/index.php?rest_route=\/wp\/v2\/posts\/1957\/revisions"}],"predecessor-version":[{"id":1959,"href":"http:\/\/blogdoarmindomaia.com.br\/index.php?rest_route=\/wp\/v2\/posts\/1957\/revisions\/1959"}],"wp:featuredmedia":[{"embeddable":true,"href":"http:\/\/blogdoarmindomaia.com.br\/index.php?rest_route=\/wp\/v2\/media\/1958"}],"wp:attachment":[{"href":"http:\/\/blogdoarmindomaia.com.br\/index.php?rest_route=%2Fwp%2Fv2%2Fmedia&parent=1957"}],"wp:term":[{"taxonomy":"category","embeddable":true,"href":"http:\/\/blogdoarmindomaia.com.br\/index.php?rest_route=%2Fwp%2Fv2%2Fcategories&post=1957"},{"taxonomy":"post_tag","embeddable":true,"href":"http:\/\/blogdoarmindomaia.com.br\/index.php?rest_route=%2Fwp%2Fv2%2Ftags&post=1957"}],"curies":[{"name":"wp","href":"https:\/\/api.w.org\/{rel}","templated":true}]}}