{"id":1960,"date":"2022-07-21T17:19:33","date_gmt":"2022-07-21T20:19:33","guid":{"rendered":"http:\/\/blogdoarmindomaia.com.br\/?p=1960"},"modified":"2022-07-21T17:19:35","modified_gmt":"2022-07-21T20:19:35","slug":"skank-fara-ultimo-o-ultimo-show-da-banda-em-araxa","status":"publish","type":"post","link":"http:\/\/blogdoarmindomaia.com.br\/?p=1960","title":{"rendered":"\u00a0Skank far\u00e1 \u00faltimo o \u00faltimo show da banda em Arax\u00e1"},"content":{"rendered":"\n<figure class=\"wp-block-image size-large\"><img loading=\"lazy\" decoding=\"async\" width=\"1024\" height=\"1024\" src=\"http:\/\/blogdoarmindomaia.com.br\/wp-content\/uploads\/2022\/07\/Skank-fara-ultimo-o-ultimo-show-da-banda-em-Araxa-pag-04-1024x1024.jpg\" alt=\"\" class=\"wp-image-1961\" srcset=\"http:\/\/blogdoarmindomaia.com.br\/wp-content\/uploads\/2022\/07\/Skank-fara-ultimo-o-ultimo-show-da-banda-em-Araxa-pag-04-1024x1024.jpg 1024w, http:\/\/blogdoarmindomaia.com.br\/wp-content\/uploads\/2022\/07\/Skank-fara-ultimo-o-ultimo-show-da-banda-em-Araxa-pag-04-300x300.jpg 300w, http:\/\/blogdoarmindomaia.com.br\/wp-content\/uploads\/2022\/07\/Skank-fara-ultimo-o-ultimo-show-da-banda-em-Araxa-pag-04-150x150.jpg 150w, http:\/\/blogdoarmindomaia.com.br\/wp-content\/uploads\/2022\/07\/Skank-fara-ultimo-o-ultimo-show-da-banda-em-Araxa-pag-04-768x769.jpg 768w, http:\/\/blogdoarmindomaia.com.br\/wp-content\/uploads\/2022\/07\/Skank-fara-ultimo-o-ultimo-show-da-banda-em-Araxa-pag-04.jpg 1084w\" sizes=\"auto, (max-width: 1024px) 100vw, 1024px\" \/><\/figure>\n\n\n\n<p>Depois de anunciar pausa por tempo indeterminado ap\u00f3s mais de 30 anos, o Skank far\u00e1 sua &#8216;Turn\u00ea da Despedida&#8221; e Arax\u00e1 est\u00e1 na rota do grupo mineiro de rock nacional.<\/p>\n\n\n\n<p>&nbsp;A banda se apresentar\u00e1 no Expominas de Arax\u00e1 no pr\u00f3ximo dia 14 de agosto. A reportagem do Jornal Intera\u00e7\u00e3o, conversou com exclusividade com o radialista e promotor de eventos, o araxaense Kaiser Henrique Alves, radicado na capital mineira h\u00e1 mais de 30 anos e ele informou que,\u201d por ser amigo pessoal da banda, a gente fez quest\u00e3o de presentear os f\u00e3s de Arax\u00e1 do Skank com esse \u00faltimo show, antes da separa\u00e7\u00e3o. A banda \u00e9 muito querida em Arax\u00e1. Ainda no in\u00edcio da carreira, o Skank se apresentou por duas vezes na cidade; uma no Clube Arax\u00e1 e outra no Gin\u00e1sio do Col\u00e9gio Dom Bosco. Ser\u00e1 um grande show, com certeza e vai deixar saudades\u201d.&nbsp; <strong>&nbsp;<\/strong>&nbsp;&nbsp;&nbsp;&nbsp;&nbsp;<\/p>\n\n\n\n<p>A separa\u00e7\u00e3o foi anunciada no fim de 2019 antes de a pandemia ser decretada, por isso que a turn\u00ea precisou ser adiada no pa\u00eds.&nbsp;Samuel Rosa (guitarra e voz), Lelo Zanetti (baixo), Henrique Portugal (teclados) e Haroldo Ferretti (bateria) decidiram optar&nbsp; &#8220;por experimentar caminhos individuais&#8221;. &nbsp;&nbsp;<\/p>\n\n\n\n<p>Considerada uma das principais bandas do rock nacional, o Skank tem nove \u00e1lbuns de est\u00fadio e mais de 5 milh\u00f5es de unidades vendidas, al\u00e9m de tr\u00eas \u00e1lbuns gravados ao vivo e 25 inser\u00e7\u00f5es em trilhas sonoras de novelas.&nbsp;Entre os principais hits est\u00e3o &#8216;Garota Nacional&#8217;, &#8216;Vou Deixar&#8217; e outros mais recentes, &#8216;Algo Parecido&#8217; e &#8216;Simplesmente&#8217;.&nbsp;<\/p>\n\n\n\n<p>Foto-&nbsp; divulga\u00e7\u00e3o da Banda Skank<\/p>\n","protected":false},"excerpt":{"rendered":"<p>Depois de anunciar pausa por tempo indeterminado ap\u00f3s mais de 30 anos, o Skank far\u00e1 sua &#8216;Turn\u00ea da Despedida&#8221; e<\/p>\n","protected":false},"author":2,"featured_media":1961,"comment_status":"open","ping_status":"open","sticky":false,"template":"","format":"standard","meta":{"footnotes":""},"categories":[9,5],"tags":[],"class_list":["post-1960","post","type-post","status-publish","format-standard","has-post-thumbnail","hentry","category-araxa","category-arte-e-cultura"],"_links":{"self":[{"href":"http:\/\/blogdoarmindomaia.com.br\/index.php?rest_route=\/wp\/v2\/posts\/1960","targetHints":{"allow":["GET"]}}],"collection":[{"href":"http:\/\/blogdoarmindomaia.com.br\/index.php?rest_route=\/wp\/v2\/posts"}],"about":[{"href":"http:\/\/blogdoarmindomaia.com.br\/index.php?rest_route=\/wp\/v2\/types\/post"}],"author":[{"embeddable":true,"href":"http:\/\/blogdoarmindomaia.com.br\/index.php?rest_route=\/wp\/v2\/users\/2"}],"replies":[{"embeddable":true,"href":"http:\/\/blogdoarmindomaia.com.br\/index.php?rest_route=%2Fwp%2Fv2%2Fcomments&post=1960"}],"version-history":[{"count":1,"href":"http:\/\/blogdoarmindomaia.com.br\/index.php?rest_route=\/wp\/v2\/posts\/1960\/revisions"}],"predecessor-version":[{"id":1962,"href":"http:\/\/blogdoarmindomaia.com.br\/index.php?rest_route=\/wp\/v2\/posts\/1960\/revisions\/1962"}],"wp:featuredmedia":[{"embeddable":true,"href":"http:\/\/blogdoarmindomaia.com.br\/index.php?rest_route=\/wp\/v2\/media\/1961"}],"wp:attachment":[{"href":"http:\/\/blogdoarmindomaia.com.br\/index.php?rest_route=%2Fwp%2Fv2%2Fmedia&parent=1960"}],"wp:term":[{"taxonomy":"category","embeddable":true,"href":"http:\/\/blogdoarmindomaia.com.br\/index.php?rest_route=%2Fwp%2Fv2%2Fcategories&post=1960"},{"taxonomy":"post_tag","embeddable":true,"href":"http:\/\/blogdoarmindomaia.com.br\/index.php?rest_route=%2Fwp%2Fv2%2Ftags&post=1960"}],"curies":[{"name":"wp","href":"https:\/\/api.w.org\/{rel}","templated":true}]}}