{"id":197,"date":"2022-04-10T02:54:52","date_gmt":"2022-04-10T05:54:52","guid":{"rendered":"http:\/\/blogdoarmindomaia.com.br\/?p=197"},"modified":"2022-04-10T02:54:54","modified_gmt":"2022-04-10T05:54:54","slug":"prefeitura-de-araxa-promove-no-calcadao-mobilizacao-contra-a-dengue","status":"publish","type":"post","link":"http:\/\/blogdoarmindomaia.com.br\/?p=197","title":{"rendered":"Prefeitura de Arax\u00e1 promove no Cal\u00e7ad\u00e3o mobiliza\u00e7\u00e3o contra a dengue"},"content":{"rendered":"\n<p><\/p>\n\n\n\n<figure class=\"wp-block-image size-full is-style-default\"><img loading=\"lazy\" decoding=\"async\" width=\"1024\" height=\"683\" src=\"http:\/\/blogdoarmindomaia.com.br\/wp-content\/uploads\/2022\/04\/mobilizacao-dengue-6.jpeg\" alt=\"\" class=\"wp-image-198\" srcset=\"http:\/\/blogdoarmindomaia.com.br\/wp-content\/uploads\/2022\/04\/mobilizacao-dengue-6.jpeg 1024w, http:\/\/blogdoarmindomaia.com.br\/wp-content\/uploads\/2022\/04\/mobilizacao-dengue-6-300x200.jpeg 300w, http:\/\/blogdoarmindomaia.com.br\/wp-content\/uploads\/2022\/04\/mobilizacao-dengue-6-768x512.jpeg 768w\" sizes=\"auto, (max-width: 1024px) 100vw, 1024px\" \/><\/figure>\n\n\n\n<p>A Vigil\u00e2ncia Ambiental e o Setor de Zoonoses da Prefeitura de Arax\u00e1 est\u00e3o promovendo a\u00e7\u00f5es de conscientiza\u00e7\u00e3o contra a dengue. Os profissionais dos dois setores est\u00e3o durante a manh\u00e3 e tarde desta quinta-feira (7), no Cal\u00e7ad\u00e3o da rua Presidente Oleg\u00e1rio Maciel, para instruir a popula\u00e7\u00e3o sobre os cuidados contra o mosquito Aedes aegypti. Os trabalhos come\u00e7aram nesta quarta-feira (6).<\/p>\n\n\n\n<p>Entrega de panfletos, orienta\u00e7\u00f5es sobre o combate \u00e0 doen\u00e7a, disponibiliza\u00e7\u00e3o de um microsc\u00f3pio para que as pessoas possam conhecer as larvas do mosquito, al\u00e9m de outras atividades, fazem parte da mobiliza\u00e7\u00e3o. O intuito \u00e9 atingir um grande n\u00famero de araxaenses e bloquear a prolifera\u00e7\u00e3o do inseto. De acordo com o \u00faltimo boletim divulgado pelo Governo do Estado no dia 5 de abril, Arax\u00e1 est\u00e1 com 134 casos registrados.<\/p>\n\n\n\n<p>Segundo a coordenadora da Vigil\u00e2ncia em Sa\u00fade, Leninha Severo, a maior preocupa\u00e7\u00e3o dos profissionais da \u00e1rea na cidade \u00e9 conseguir evitar a propaga\u00e7\u00e3o da dengue. E o combate s\u00f3 ocorre atrav\u00e9s de atitudes individuais bem simples, que se tornam uma parede contra a doen\u00e7a. N\u00e3o deixar \u00e1gua parada, lixos acumulados, calhas sujas e garrafas viradas com a boca para cima, contribuem de forma significativa para o fim do Aedes aegypti.<\/p>\n\n\n\n<p>\u2018\u2019Al\u00e9m disso, por meio do carro UBV, os pontos de maior incid\u00eancia est\u00e3o recebendo o fumac\u00ea das 5h \u00e0s 9h na cidade e tamb\u00e9m h\u00e1 resgates nas resid\u00eancias fechadas, aos s\u00e1bados. Realmente precisamos unir for\u00e7as. A gente conta com a colabora\u00e7\u00e3o de toda a popula\u00e7\u00e3o de Arax\u00e1\u201d, destaca Leninha.<\/p>\n\n\n\n<p><strong>Dengue<\/strong><\/p>\n\n\n\n<p>\u00c9 uma doen\u00e7a infecciosa causada por um v\u00edrus transmitido pelo mosquito Aedes aegypti. N\u00e3o tem tratamento espec\u00edfico, causa sintomas como febre alta, dores no corpo, manchas vermelhas e pode at\u00e9 matar. Pessoas infectadas com o v\u00edrus pela segunda vez t\u00eam um risco significativamente maior de desenvolver doen\u00e7a grave, que exige cuidados hospitalares.<\/p>\n","protected":false},"excerpt":{"rendered":"<p>A Vigil\u00e2ncia Ambiental e o Setor de Zoonoses da Prefeitura de Arax\u00e1 est\u00e3o promovendo a\u00e7\u00f5es de conscientiza\u00e7\u00e3o contra a dengue.<\/p>\n","protected":false},"author":2,"featured_media":198,"comment_status":"open","ping_status":"open","sticky":false,"template":"","format":"standard","meta":{"footnotes":""},"categories":[29],"tags":[],"class_list":["post-197","post","type-post","status-publish","format-standard","has-post-thumbnail","hentry","category-saude"],"_links":{"self":[{"href":"http:\/\/blogdoarmindomaia.com.br\/index.php?rest_route=\/wp\/v2\/posts\/197","targetHints":{"allow":["GET"]}}],"collection":[{"href":"http:\/\/blogdoarmindomaia.com.br\/index.php?rest_route=\/wp\/v2\/posts"}],"about":[{"href":"http:\/\/blogdoarmindomaia.com.br\/index.php?rest_route=\/wp\/v2\/types\/post"}],"author":[{"embeddable":true,"href":"http:\/\/blogdoarmindomaia.com.br\/index.php?rest_route=\/wp\/v2\/users\/2"}],"replies":[{"embeddable":true,"href":"http:\/\/blogdoarmindomaia.com.br\/index.php?rest_route=%2Fwp%2Fv2%2Fcomments&post=197"}],"version-history":[{"count":1,"href":"http:\/\/blogdoarmindomaia.com.br\/index.php?rest_route=\/wp\/v2\/posts\/197\/revisions"}],"predecessor-version":[{"id":199,"href":"http:\/\/blogdoarmindomaia.com.br\/index.php?rest_route=\/wp\/v2\/posts\/197\/revisions\/199"}],"wp:featuredmedia":[{"embeddable":true,"href":"http:\/\/blogdoarmindomaia.com.br\/index.php?rest_route=\/wp\/v2\/media\/198"}],"wp:attachment":[{"href":"http:\/\/blogdoarmindomaia.com.br\/index.php?rest_route=%2Fwp%2Fv2%2Fmedia&parent=197"}],"wp:term":[{"taxonomy":"category","embeddable":true,"href":"http:\/\/blogdoarmindomaia.com.br\/index.php?rest_route=%2Fwp%2Fv2%2Fcategories&post=197"},{"taxonomy":"post_tag","embeddable":true,"href":"http:\/\/blogdoarmindomaia.com.br\/index.php?rest_route=%2Fwp%2Fv2%2Ftags&post=197"}],"curies":[{"name":"wp","href":"https:\/\/api.w.org\/{rel}","templated":true}]}}