{"id":1979,"date":"2022-07-21T18:00:20","date_gmt":"2022-07-21T21:00:20","guid":{"rendered":"http:\/\/blogdoarmindomaia.com.br\/?p=1979"},"modified":"2022-07-21T18:00:22","modified_gmt":"2022-07-21T21:00:22","slug":"secretario-juliano-cesar-destaca-a-importancia-e-a-riqueza-do-memorial-da-escrita-e-imprensa-mauricio-rosa","status":"publish","type":"post","link":"http:\/\/blogdoarmindomaia.com.br\/?p=1979","title":{"rendered":"Secret\u00e1rio Juliano C\u00e9sar destaca a import\u00e2ncia e a riqueza do Memorial da Escrita e Imprensa Maur\u00edcio Rosa"},"content":{"rendered":"\n<figure class=\"wp-block-image size-large\"><img loading=\"lazy\" decoding=\"async\" width=\"1024\" height=\"768\" src=\"http:\/\/blogdoarmindomaia.com.br\/wp-content\/uploads\/2022\/07\/Domingos-Carina-Juliano-Mauricio-e-Paulo-1024x768.jpg\" alt=\"\" class=\"wp-image-1981\" srcset=\"http:\/\/blogdoarmindomaia.com.br\/wp-content\/uploads\/2022\/07\/Domingos-Carina-Juliano-Mauricio-e-Paulo-1024x768.jpg 1024w, http:\/\/blogdoarmindomaia.com.br\/wp-content\/uploads\/2022\/07\/Domingos-Carina-Juliano-Mauricio-e-Paulo-300x225.jpg 300w, http:\/\/blogdoarmindomaia.com.br\/wp-content\/uploads\/2022\/07\/Domingos-Carina-Juliano-Mauricio-e-Paulo-768x576.jpg 768w, http:\/\/blogdoarmindomaia.com.br\/wp-content\/uploads\/2022\/07\/Domingos-Carina-Juliano-Mauricio-e-Paulo-1536x1152.jpg 1536w, http:\/\/blogdoarmindomaia.com.br\/wp-content\/uploads\/2022\/07\/Domingos-Carina-Juliano-Mauricio-e-Paulo.jpg 1600w\" sizes=\"auto, (max-width: 1024px) 100vw, 1024px\" \/><\/figure>\n\n\n\n<figure class=\"wp-block-image size-large\"><img loading=\"lazy\" decoding=\"async\" width=\"1024\" height=\"768\" src=\"http:\/\/blogdoarmindomaia.com.br\/wp-content\/uploads\/2022\/07\/Mauricinho-e-Juliano-1024x768.jpg\" alt=\"\" class=\"wp-image-1980\" srcset=\"http:\/\/blogdoarmindomaia.com.br\/wp-content\/uploads\/2022\/07\/Mauricinho-e-Juliano-1024x768.jpg 1024w, http:\/\/blogdoarmindomaia.com.br\/wp-content\/uploads\/2022\/07\/Mauricinho-e-Juliano-300x225.jpg 300w, http:\/\/blogdoarmindomaia.com.br\/wp-content\/uploads\/2022\/07\/Mauricinho-e-Juliano-768x576.jpg 768w, http:\/\/blogdoarmindomaia.com.br\/wp-content\/uploads\/2022\/07\/Mauricinho-e-Juliano-1536x1152.jpg 1536w, http:\/\/blogdoarmindomaia.com.br\/wp-content\/uploads\/2022\/07\/Mauricinho-e-Juliano.jpg 1600w\" sizes=\"auto, (max-width: 1024px) 100vw, 1024px\" \/><\/figure>\n\n\n\n<p>&#8221; A visita do Secret\u00e1rio Municipal de Desenvolvimento Econ\u00f4mico, Inova\u00e7\u00e3o e Turismo de Arax\u00e1 Juliano Cesar da Silva, ao MMR, este m\u00eas durou mais de uma hora. Logo na entrada do espa\u00e7o cultural, ao se deparar com um acervo raro composto por m\u00e1quinas de impress\u00e3o e m\u00f3veis do s\u00e9culo passado, ele disse com entusiasmo e f\u00f4lego Juvenil, &#8220;eu estou muito espantado e admirado ao ver nesse espa\u00e7o agrad\u00e1vel tanta raridade e hist\u00f3rias interessantes. Hoje com certeza eu confesso que ganhei o meu dia. Esse Memorial e a hist\u00f3ria que ele conta, me fez fazer uma bela viagem no t\u00fanel do tempo. Eu que tamb\u00e9m sou formado em hist\u00f3ria; poder conhecer esse museu, me deixou arrepiado e emocionado. Eu estou em del\u00edrio, isso aqui \u00e9 fant\u00e1stico.&#8221;<\/p>\n\n\n\n<p>&nbsp;Juliano tamb\u00e9m fez quest\u00e3o de levantar uma bandeira importante: &#8221; n\u00f3s temos que trazer as crian\u00e7as, os estudantes de Arax\u00e1, para conhecerem e aprenderem um pouco dessa hist\u00f3ria fascinante que o MMR conta com muita intimidade, realidade e com um acervo fenomenal e raro. Esse espa\u00e7o \u00e9 um resgate da nossa cultura real e n\u00f3s temos o privil\u00e9gio aqui em Arax\u00e1 em um dos poucos museus da tipografia e escrita da imprensa do Brasil. No final da visita o Secret\u00e1rio, emocionado, abra\u00e7ou e agradeceu ao idealizador do MMR, Mauricinho Castro e disse: &#8220;eu hoje quero parabenizar o Maur\u00edcio por ter tido a coragem e a vis\u00e3o pioneira de nos ofertar essa j\u00f3ia que \u00e9 esse espa\u00e7o incr\u00edvel, maravilhoso e acima de tudo hist\u00f3rico. E n\u00f3s jamais podemos perder essa ess\u00eancia, isso aqui \u00e9 a nossa vida e a verdadeira evolu\u00e7\u00e3o da humanidade contada com muita sensibilidade e riqueza de detalhes.&#8217;<\/p>\n","protected":false},"excerpt":{"rendered":"<p>&#8221; A visita do Secret\u00e1rio Municipal de Desenvolvimento Econ\u00f4mico, Inova\u00e7\u00e3o e Turismo de Arax\u00e1 Juliano Cesar da Silva, ao MMR,<\/p>\n","protected":false},"author":2,"featured_media":1980,"comment_status":"open","ping_status":"open","sticky":false,"template":"","format":"standard","meta":{"footnotes":""},"categories":[9,5,11],"tags":[],"class_list":["post-1979","post","type-post","status-publish","format-standard","has-post-thumbnail","hentry","category-araxa","category-arte-e-cultura","category-destaques"],"_links":{"self":[{"href":"http:\/\/blogdoarmindomaia.com.br\/index.php?rest_route=\/wp\/v2\/posts\/1979","targetHints":{"allow":["GET"]}}],"collection":[{"href":"http:\/\/blogdoarmindomaia.com.br\/index.php?rest_route=\/wp\/v2\/posts"}],"about":[{"href":"http:\/\/blogdoarmindomaia.com.br\/index.php?rest_route=\/wp\/v2\/types\/post"}],"author":[{"embeddable":true,"href":"http:\/\/blogdoarmindomaia.com.br\/index.php?rest_route=\/wp\/v2\/users\/2"}],"replies":[{"embeddable":true,"href":"http:\/\/blogdoarmindomaia.com.br\/index.php?rest_route=%2Fwp%2Fv2%2Fcomments&post=1979"}],"version-history":[{"count":1,"href":"http:\/\/blogdoarmindomaia.com.br\/index.php?rest_route=\/wp\/v2\/posts\/1979\/revisions"}],"predecessor-version":[{"id":1982,"href":"http:\/\/blogdoarmindomaia.com.br\/index.php?rest_route=\/wp\/v2\/posts\/1979\/revisions\/1982"}],"wp:featuredmedia":[{"embeddable":true,"href":"http:\/\/blogdoarmindomaia.com.br\/index.php?rest_route=\/wp\/v2\/media\/1980"}],"wp:attachment":[{"href":"http:\/\/blogdoarmindomaia.com.br\/index.php?rest_route=%2Fwp%2Fv2%2Fmedia&parent=1979"}],"wp:term":[{"taxonomy":"category","embeddable":true,"href":"http:\/\/blogdoarmindomaia.com.br\/index.php?rest_route=%2Fwp%2Fv2%2Fcategories&post=1979"},{"taxonomy":"post_tag","embeddable":true,"href":"http:\/\/blogdoarmindomaia.com.br\/index.php?rest_route=%2Fwp%2Fv2%2Ftags&post=1979"}],"curies":[{"name":"wp","href":"https:\/\/api.w.org\/{rel}","templated":true}]}}