{"id":1995,"date":"2022-07-26T11:12:21","date_gmt":"2022-07-26T14:12:21","guid":{"rendered":"http:\/\/blogdoarmindomaia.com.br\/?p=1995"},"modified":"2022-07-26T11:12:23","modified_gmt":"2022-07-26T14:12:23","slug":"detran-de-araxa-vai-realizar-mais-um-leilao-virtual-de-veiculos","status":"publish","type":"post","link":"http:\/\/blogdoarmindomaia.com.br\/?p=1995","title":{"rendered":"Detran de Arax\u00e1 vai realizar mais um leil\u00e3o virtual de ve\u00edculos"},"content":{"rendered":"\n<p><\/p>\n\n\n\n<figure class=\"wp-block-image size-full\"><img loading=\"lazy\" decoding=\"async\" width=\"275\" height=\"183\" src=\"http:\/\/blogdoarmindomaia.com.br\/wp-content\/uploads\/2022\/07\/download.jpg\" alt=\"\" class=\"wp-image-1997\"\/><\/figure>\n\n\n\n<p>O Detran &#8211; Departamento de Tr\u00e2nsito de Minas Gerias, por meio da unidade de Arax\u00e1, estar\u00e1 realizando neste m\u00eas de julho, mais um leil\u00e3o virtual de ve\u00edculos automotores que foram apreendidos no munic\u00edpio. O leil\u00e3o vai acontecer entre os dias 25 e 28 de julho. De acordo com as informa\u00e7\u00f5es, o evento ser\u00e1 realizado ao vivo pela internet, no seguinte endere\u00e7o eletr\u00f4nico: <a href=\"http:\/\/leilao.detran.mg.gov.br\/\"><strong>leilao.detran.mg.gov.br<\/strong><\/a><strong>.<\/strong><\/p>\n\n\n\n<p><strong>Desde a \u00faltima segunda-feira, dia <\/strong>18 de julho, os ve\u00edculos a serem leiloados, est\u00e3o a disposi\u00e7\u00e3o das pessoas interessadas para visita\u00e7\u00e3o e vistorias presenciais nos p\u00e1tios credenciados pelo Detran no munic\u00edpio de Arax\u00e1. S\u00e3o ao todo 43 lotes ser\u00e1 disponibilizado em cat\u00e1logo, que tamb\u00e9m podem ser acessados&nbsp; pelo site&nbsp;<a href=\"http:\/\/leilao.detran.mg.gov.br\/\"><strong>leilao.detran.mg.gov.br.<\/strong><\/a><strong><\/strong><\/p>\n\n\n\n<p>Atrav\u00e9s do Projeto Renovar, institu\u00eddo entre o Detran-MG, Ciretran em Arax\u00e1, empresas credenciadas, Poder Judici\u00e1rio e Conselho Comunit\u00e1rio de Seguran\u00e7a P\u00fablica (Consep), tem sido poss\u00edvel tornar peri\u00f3dicos os leil\u00f5es na regi\u00e3o e ampliar a atua\u00e7\u00e3o para as demais cidades das regionais, reduzindo a quantidade de ve\u00edculos em desuso nos p\u00e1tios.<\/p>\n\n\n\n<p>At\u00e9 agora j\u00e1 foram alienados mais de 5 mil ve\u00edculos na regi\u00e3o nos \u00faltimos anos. Com isso, houve a renova\u00e7\u00e3o da frota, aquecimento do mercado automotivo e de pe\u00e7as, al\u00e9m de possibilitar melhor gest\u00e3o dos p\u00e1tios. Atualmente, j\u00e1 s\u00e3o mais R$ 1 milh\u00e3o revertidos ao Poder Judici\u00e1rio para o Fundo Judici\u00e1rio.<\/p>\n\n\n\n<p>A visita\u00e7\u00e3o nos p\u00e1tios credenciados pode ser feita at\u00e9 o dia 24 de julho, nos seguintes endere\u00e7os:<\/p>\n\n\n\n<p><strong>PATIO AMAZONAS, <\/strong><strong>AV. MINISTRO OLAVO DRUMMOND&nbsp;&nbsp; 720&nbsp;<\/strong><\/p>\n\n\n\n<p><strong>PATIO ARAXA DIA E NOITE- RUA. <\/strong><strong>SANTO ANTONIO&nbsp;&nbsp;&nbsp; 149&nbsp;&nbsp;&nbsp;<\/strong><\/p>\n\n\n\n<p><strong>&nbsp;RESGATE TRIANGULO- <\/strong><strong>AV. GERALDO PORFIRIO BOTELHO&nbsp;&nbsp;&nbsp; 2040&nbsp;&nbsp;<\/strong><\/p>\n\n\n\n<p>INFORMA\u00c7\u00d5ES WATSAPP: <strong>3669-9939<\/strong>.<\/p>\n","protected":false},"excerpt":{"rendered":"<p>O Detran &#8211; Departamento de Tr\u00e2nsito de Minas Gerias, por meio da unidade de Arax\u00e1, estar\u00e1 realizando neste m\u00eas de<\/p>\n","protected":false},"author":2,"featured_media":1997,"comment_status":"open","ping_status":"open","sticky":false,"template":"","format":"standard","meta":{"footnotes":""},"categories":[9,8],"tags":[],"class_list":["post-1995","post","type-post","status-publish","format-standard","has-post-thumbnail","hentry","category-araxa","category-cidades"],"_links":{"self":[{"href":"http:\/\/blogdoarmindomaia.com.br\/index.php?rest_route=\/wp\/v2\/posts\/1995","targetHints":{"allow":["GET"]}}],"collection":[{"href":"http:\/\/blogdoarmindomaia.com.br\/index.php?rest_route=\/wp\/v2\/posts"}],"about":[{"href":"http:\/\/blogdoarmindomaia.com.br\/index.php?rest_route=\/wp\/v2\/types\/post"}],"author":[{"embeddable":true,"href":"http:\/\/blogdoarmindomaia.com.br\/index.php?rest_route=\/wp\/v2\/users\/2"}],"replies":[{"embeddable":true,"href":"http:\/\/blogdoarmindomaia.com.br\/index.php?rest_route=%2Fwp%2Fv2%2Fcomments&post=1995"}],"version-history":[{"count":1,"href":"http:\/\/blogdoarmindomaia.com.br\/index.php?rest_route=\/wp\/v2\/posts\/1995\/revisions"}],"predecessor-version":[{"id":1998,"href":"http:\/\/blogdoarmindomaia.com.br\/index.php?rest_route=\/wp\/v2\/posts\/1995\/revisions\/1998"}],"wp:featuredmedia":[{"embeddable":true,"href":"http:\/\/blogdoarmindomaia.com.br\/index.php?rest_route=\/wp\/v2\/media\/1997"}],"wp:attachment":[{"href":"http:\/\/blogdoarmindomaia.com.br\/index.php?rest_route=%2Fwp%2Fv2%2Fmedia&parent=1995"}],"wp:term":[{"taxonomy":"category","embeddable":true,"href":"http:\/\/blogdoarmindomaia.com.br\/index.php?rest_route=%2Fwp%2Fv2%2Fcategories&post=1995"},{"taxonomy":"post_tag","embeddable":true,"href":"http:\/\/blogdoarmindomaia.com.br\/index.php?rest_route=%2Fwp%2Fv2%2Ftags&post=1995"}],"curies":[{"name":"wp","href":"https:\/\/api.w.org\/{rel}","templated":true}]}}