{"id":1999,"date":"2022-07-26T11:15:13","date_gmt":"2022-07-26T14:15:13","guid":{"rendered":"http:\/\/blogdoarmindomaia.com.br\/?p=1999"},"modified":"2022-07-26T11:15:15","modified_gmt":"2022-07-26T14:15:15","slug":"araxa-tem-80-mil-eleitores-aptos-a-votar-nas-eleicoes-de-outubro","status":"publish","type":"post","link":"http:\/\/blogdoarmindomaia.com.br\/?p=1999","title":{"rendered":"Arax\u00e1 tem 80 mil eleitores aptos a votar nas elei\u00e7\u00f5es de outubro"},"content":{"rendered":"\n<figure class=\"wp-block-image size-full\"><img loading=\"lazy\" decoding=\"async\" width=\"1000\" height=\"667\" src=\"http:\/\/blogdoarmindomaia.com.br\/wp-content\/uploads\/2022\/07\/Araxa-tem-80-mil-eleitores-aptos-a-votar-nas-eleicoes-pag-07.jpeg\" alt=\"\" class=\"wp-image-2000\" srcset=\"http:\/\/blogdoarmindomaia.com.br\/wp-content\/uploads\/2022\/07\/Araxa-tem-80-mil-eleitores-aptos-a-votar-nas-eleicoes-pag-07.jpeg 1000w, http:\/\/blogdoarmindomaia.com.br\/wp-content\/uploads\/2022\/07\/Araxa-tem-80-mil-eleitores-aptos-a-votar-nas-eleicoes-pag-07-300x200.jpeg 300w, http:\/\/blogdoarmindomaia.com.br\/wp-content\/uploads\/2022\/07\/Araxa-tem-80-mil-eleitores-aptos-a-votar-nas-eleicoes-pag-07-768x512.jpeg 768w\" sizes=\"auto, (max-width: 1000px) 100vw, 1000px\" \/><\/figure>\n\n\n\n<p>Contagem regressiva para as elei\u00e7\u00f5es do pr\u00f3ximo dia 02 de outubro em todos os estados da federa\u00e7\u00e3o. A partir desta data os partidos pol\u00edticos j\u00e1 podem realizar as suas conven\u00e7\u00f5es visando o pleito vindouro para os candidatos postulantes aos&nbsp; cargos de deputados estadual e federal, senador, governador e presidente da rep\u00fablica. De acordo com a Chefe do Cart\u00f3rio Eleitoral de Arax\u00e1 Alcin\u00e9ia Suely de Sales,&nbsp;\u201c alguns prazos e regras j\u00e1 devem ser observadas pelos candidatos, agremia\u00e7\u00f5es pol\u00edticas, eleitor e imprensa em rela\u00e7\u00e3o ao per\u00edodo eleitoral\u201d.<\/p>\n\n\n\n<p>Um eventual segundo turno para definir o presidente e governadores ocorrer\u00e1 no dia 30 de outubro. As datas correspondem ao primeiro e \u00faltimo domingo do m\u00eas, conforme previsto na Constitui\u00e7\u00e3o Federal. De 26 de agosto a 29 de setembro, ser\u00e1 permitida a veicula\u00e7\u00e3o de propaganda eleitoral gratuita no r\u00e1dio e na televis\u00e3o relativa ao primeiro turno.<\/p>\n\n\n\n<p>20 de julho Data a ser considerada, para fins da garantia prevista em lei para a participa\u00e7\u00e3o em debates transmitidos por emissoras de r\u00e1dio e de televis\u00e3o, para o c\u00e1lculo da representatividade do Congresso Nacional decorrente de eventuais novas totaliza\u00e7\u00f5es do resultado das elei\u00e7\u00f5es gerais.<\/p>\n\n\n\n<p>15 de agosto 1. \u00daltimo dia para os partidos pol\u00edticos, as federa\u00e7\u00f5es e as coliga\u00e7\u00f5es requererem o registro de candidatas e candidatos a presidente e a vice-presidente da Rep\u00fablica.<\/p>\n\n\n\n<p>16 de agosto 1. Data a partir da qual ser\u00e1 permitida a propaganda eleitoral, inclusive na internet.<\/p>\n\n\n\n<p>29 de setembro (3 dias antes) \u00daltimo dia para a divulga\u00e7\u00e3o da propaganda eleitoral gratuita no r\u00e1dio e na televis\u00e3o relativa ao primeiro turno.<\/p>\n\n\n\n<p>2 de outubro &#8211; Dia das elei\u00e7\u00f5es (1\u00ba turno) 1. Data em que se realizar\u00e1 a vota\u00e7\u00e3o do primeiro turno das elei\u00e7\u00f5es, por sufr\u00e1gio universal e voto direto e secreto, observando-se, na se\u00e7\u00e3o eleitoral.<\/p>\n\n\n\n<p>Em rela\u00e7\u00e3o ao munic\u00edpio de Arax\u00e1 a Chefe do Cart\u00f3rio disse que totalizada contagem por parte da Justi\u00e7a Eleitoral, a cidade tem exatos 80 mil e 64 eleitores aptos a votar nas elei\u00e7\u00f5es de 02 de outubro de 2022.<\/p>\n","protected":false},"excerpt":{"rendered":"<p>Contagem regressiva para as elei\u00e7\u00f5es do pr\u00f3ximo dia 02 de outubro em todos os estados da federa\u00e7\u00e3o. A partir desta<\/p>\n","protected":false},"author":2,"featured_media":2000,"comment_status":"open","ping_status":"open","sticky":false,"template":"","format":"standard","meta":{"footnotes":""},"categories":[9,8],"tags":[],"class_list":["post-1999","post","type-post","status-publish","format-standard","has-post-thumbnail","hentry","category-araxa","category-cidades"],"_links":{"self":[{"href":"http:\/\/blogdoarmindomaia.com.br\/index.php?rest_route=\/wp\/v2\/posts\/1999","targetHints":{"allow":["GET"]}}],"collection":[{"href":"http:\/\/blogdoarmindomaia.com.br\/index.php?rest_route=\/wp\/v2\/posts"}],"about":[{"href":"http:\/\/blogdoarmindomaia.com.br\/index.php?rest_route=\/wp\/v2\/types\/post"}],"author":[{"embeddable":true,"href":"http:\/\/blogdoarmindomaia.com.br\/index.php?rest_route=\/wp\/v2\/users\/2"}],"replies":[{"embeddable":true,"href":"http:\/\/blogdoarmindomaia.com.br\/index.php?rest_route=%2Fwp%2Fv2%2Fcomments&post=1999"}],"version-history":[{"count":1,"href":"http:\/\/blogdoarmindomaia.com.br\/index.php?rest_route=\/wp\/v2\/posts\/1999\/revisions"}],"predecessor-version":[{"id":2001,"href":"http:\/\/blogdoarmindomaia.com.br\/index.php?rest_route=\/wp\/v2\/posts\/1999\/revisions\/2001"}],"wp:featuredmedia":[{"embeddable":true,"href":"http:\/\/blogdoarmindomaia.com.br\/index.php?rest_route=\/wp\/v2\/media\/2000"}],"wp:attachment":[{"href":"http:\/\/blogdoarmindomaia.com.br\/index.php?rest_route=%2Fwp%2Fv2%2Fmedia&parent=1999"}],"wp:term":[{"taxonomy":"category","embeddable":true,"href":"http:\/\/blogdoarmindomaia.com.br\/index.php?rest_route=%2Fwp%2Fv2%2Fcategories&post=1999"},{"taxonomy":"post_tag","embeddable":true,"href":"http:\/\/blogdoarmindomaia.com.br\/index.php?rest_route=%2Fwp%2Fv2%2Ftags&post=1999"}],"curies":[{"name":"wp","href":"https:\/\/api.w.org\/{rel}","templated":true}]}}