{"id":2008,"date":"2022-07-27T11:23:38","date_gmt":"2022-07-27T14:23:38","guid":{"rendered":"http:\/\/blogdoarmindomaia.com.br\/?p=2008"},"modified":"2022-07-27T11:23:39","modified_gmt":"2022-07-27T14:23:39","slug":"prefeitura-de-araxa-investe-em-salas-modulares-para-a-educacao-infantil","status":"publish","type":"post","link":"http:\/\/blogdoarmindomaia.com.br\/?p=2008","title":{"rendered":"Prefeitura de Arax\u00e1 investe em salas modulares para a Educa\u00e7\u00e3o Infantil"},"content":{"rendered":"\n<figure class=\"wp-block-image size-full\"><img loading=\"lazy\" decoding=\"async\" width=\"1024\" height=\"683\" src=\"http:\/\/blogdoarmindomaia.com.br\/wp-content\/uploads\/2022\/07\/Araxa-investe-emsalas-modularees-pag-03.jpeg\" alt=\"\" class=\"wp-image-2009\" srcset=\"http:\/\/blogdoarmindomaia.com.br\/wp-content\/uploads\/2022\/07\/Araxa-investe-emsalas-modularees-pag-03.jpeg 1024w, http:\/\/blogdoarmindomaia.com.br\/wp-content\/uploads\/2022\/07\/Araxa-investe-emsalas-modularees-pag-03-300x200.jpeg 300w, http:\/\/blogdoarmindomaia.com.br\/wp-content\/uploads\/2022\/07\/Araxa-investe-emsalas-modularees-pag-03-768x512.jpeg 768w\" sizes=\"auto, (max-width: 1024px) 100vw, 1024px\" \/><\/figure>\n\n\n\n<p>Quatro Centros Municipais de Educa\u00e7\u00e3o Infantil (Cemeis) de Arax\u00e1 v\u00e3o receber salas modulares para redistribui\u00e7\u00e3o de vagas. As unidades contempladas s\u00e3o o Querobina Gomes Borges (P\u00e3o de A\u00e7\u00facar 4), Professora Marlene Braga Guimar\u00e3es (Max Neumann), Dalva Santos Zema (P\u00e3o de A\u00e7\u00facar) e Doralice Afonso de Azevedo (Ana Ant\u00f4nia).<br><br>De acordo com a secret\u00e1ria municipal de Educa\u00e7\u00e3o, Zulma Moreira, ao todo ser\u00e3o 12 salas e 5 banheiros instalados nessas unidades. Ela diz que o processo de aquisi\u00e7\u00e3o foi realizado atrav\u00e9s de Ata de Registro de Pre\u00e7os, com valor global de R$ 1.914.400 via recursos pr\u00f3prios.<br><br>O uso das salas modulares tem sido a op\u00e7\u00e3o de muitas escolas no Brasil. Os ambientes s\u00e3o seguros para educadores e alunos, possuem garantia e a obra \u00e9 realizada em tempo recorde. Os materiais s\u00e3o entregues praticamente prontos pelos fabricantes e uma equipe reduzida consegue realizar a instala\u00e7\u00e3o. Essa modalidade contribui com o meio ambiente e \u00e9 conhecida como \u201cobra limpa\u201d.<br><br>\u201cAs salas modulares ir\u00e3o servir de imediato para uma redistribui\u00e7\u00e3o de vagas e remanejamento de alunos, pois a demanda de vagas na Educa\u00e7\u00e3o Infantil da cidade \u00e9 muito grande. O planejamento \u00e9 que as crian\u00e7as sejam atendidas perto de suas resid\u00eancias ou conforme disponibilidade de transporte escolar\u201d, afirma Zulma.<br><br>A secret\u00e1ria acrescenta que a montagem das salas pode ocorrer em at\u00e9 10 dias ap\u00f3s a entrega, prevista para esta sexta-feira (29). \u201cEstamos muito felizes porque vamos conseguir inserir as salas modulares nos locais onde h\u00e1 maior demanda de vagas. Elas v\u00e3o fazer uma diferen\u00e7a enorme no Ensino Municipal Infantil da cidade\u201d, relata.<br><br>O prefeito Robson Magela destaca que o grande investimento realizado pela Administra\u00e7\u00e3o Municipal na Educa\u00e7\u00e3o est\u00e1 gerando resultados altamente positivos. \u201cCom as necessidades que v\u00eam surgindo em rela\u00e7\u00e3o \u00e0s escolas municipais, aos servidores e alunos, a gest\u00e3o est\u00e1 trabalhando constantemente para que solu\u00e7\u00f5es sejam encontradas o mais breve poss\u00edvel. Essa \u00e9 a educa\u00e7\u00e3o que nossas crian\u00e7as merecem e seus familiares tamb\u00e9m\u201d, conta o prefeito.<br><\/p>\n","protected":false},"excerpt":{"rendered":"<p>Quatro Centros Municipais de Educa\u00e7\u00e3o Infantil (Cemeis) de Arax\u00e1 v\u00e3o receber salas modulares para redistribui\u00e7\u00e3o de vagas. As unidades contempladas<\/p>\n","protected":false},"author":2,"featured_media":2009,"comment_status":"open","ping_status":"open","sticky":false,"template":"","format":"standard","meta":{"footnotes":""},"categories":[9,13],"tags":[],"class_list":["post-2008","post","type-post","status-publish","format-standard","has-post-thumbnail","hentry","category-araxa","category-educacao"],"_links":{"self":[{"href":"http:\/\/blogdoarmindomaia.com.br\/index.php?rest_route=\/wp\/v2\/posts\/2008","targetHints":{"allow":["GET"]}}],"collection":[{"href":"http:\/\/blogdoarmindomaia.com.br\/index.php?rest_route=\/wp\/v2\/posts"}],"about":[{"href":"http:\/\/blogdoarmindomaia.com.br\/index.php?rest_route=\/wp\/v2\/types\/post"}],"author":[{"embeddable":true,"href":"http:\/\/blogdoarmindomaia.com.br\/index.php?rest_route=\/wp\/v2\/users\/2"}],"replies":[{"embeddable":true,"href":"http:\/\/blogdoarmindomaia.com.br\/index.php?rest_route=%2Fwp%2Fv2%2Fcomments&post=2008"}],"version-history":[{"count":1,"href":"http:\/\/blogdoarmindomaia.com.br\/index.php?rest_route=\/wp\/v2\/posts\/2008\/revisions"}],"predecessor-version":[{"id":2010,"href":"http:\/\/blogdoarmindomaia.com.br\/index.php?rest_route=\/wp\/v2\/posts\/2008\/revisions\/2010"}],"wp:featuredmedia":[{"embeddable":true,"href":"http:\/\/blogdoarmindomaia.com.br\/index.php?rest_route=\/wp\/v2\/media\/2009"}],"wp:attachment":[{"href":"http:\/\/blogdoarmindomaia.com.br\/index.php?rest_route=%2Fwp%2Fv2%2Fmedia&parent=2008"}],"wp:term":[{"taxonomy":"category","embeddable":true,"href":"http:\/\/blogdoarmindomaia.com.br\/index.php?rest_route=%2Fwp%2Fv2%2Fcategories&post=2008"},{"taxonomy":"post_tag","embeddable":true,"href":"http:\/\/blogdoarmindomaia.com.br\/index.php?rest_route=%2Fwp%2Fv2%2Ftags&post=2008"}],"curies":[{"name":"wp","href":"https:\/\/api.w.org\/{rel}","templated":true}]}}