{"id":2017,"date":"2022-07-27T11:38:29","date_gmt":"2022-07-27T14:38:29","guid":{"rendered":"http:\/\/blogdoarmindomaia.com.br\/?p=2017"},"modified":"2022-07-27T11:38:31","modified_gmt":"2022-07-27T14:38:31","slug":"aventura-em-duas-e-quatro-rodas-o-cerrado-minas-rally-regularidade-de-araxa-promete-muita-emocao-e-belas-paisagens","status":"publish","type":"post","link":"http:\/\/blogdoarmindomaia.com.br\/?p=2017","title":{"rendered":"Aventura em duas e quatro rodas: O Cerrado Minas &#8211; Rally Regularidade de Arax\u00e1, promete muita emo\u00e7\u00e3o e belas paisagens."},"content":{"rendered":"\n<figure class=\"wp-block-image size-full\"><img loading=\"lazy\" decoding=\"async\" width=\"800\" height=\"533\" src=\"http:\/\/blogdoarmindomaia.com.br\/wp-content\/uploads\/2022\/07\/Aventura-em-duas-e-quatro-rodas-pag-12.jpg\" alt=\"\" class=\"wp-image-2018\" srcset=\"http:\/\/blogdoarmindomaia.com.br\/wp-content\/uploads\/2022\/07\/Aventura-em-duas-e-quatro-rodas-pag-12.jpg 800w, http:\/\/blogdoarmindomaia.com.br\/wp-content\/uploads\/2022\/07\/Aventura-em-duas-e-quatro-rodas-pag-12-300x200.jpg 300w, http:\/\/blogdoarmindomaia.com.br\/wp-content\/uploads\/2022\/07\/Aventura-em-duas-e-quatro-rodas-pag-12-768x512.jpg 768w\" sizes=\"auto, (max-width: 800px) 100vw, 800px\" \/><\/figure>\n\n\n\n<p>Uma prova para pilotos iniciantes e experientes com direito a aula de navega\u00e7\u00e3o para todos os participantes.<\/p>\n\n\n\n<p>&nbsp;&nbsp;&nbsp;&nbsp;&nbsp;&nbsp;&nbsp;&nbsp;&nbsp;&nbsp;&nbsp;&nbsp;&nbsp;&nbsp;&nbsp;&nbsp;&nbsp;&nbsp;&nbsp;&nbsp;&nbsp;&nbsp;&nbsp;&nbsp;&nbsp;&nbsp;&nbsp;&nbsp;&nbsp;&nbsp;&nbsp;&nbsp;&nbsp;&nbsp;&nbsp;&nbsp;&nbsp;&nbsp;&nbsp;&nbsp;&nbsp;&nbsp;&nbsp;&nbsp;&nbsp;&nbsp;&nbsp;&nbsp;&nbsp;&nbsp;&nbsp;&nbsp;&nbsp;&nbsp;&nbsp;&nbsp;&nbsp;&nbsp;&nbsp;&nbsp;&nbsp;&nbsp; Contagem regressiva para o t\u00e3o esperado \u201cCerrado Minas &#8211; Rally Regularidade de Arax\u00e1\u201d. A prova que promete agitar Arax\u00e1 e a regi\u00e3o, ser\u00e1 realizada entre os dias 04 e 07 de agosto.<\/p>\n\n\n\n<p>Mais que um evento esportivo e competitivo, o Rally ter\u00e1 um grande diferencial;&nbsp; ser\u00e1 uma prova para todos os pilotos;&nbsp; dos mais experientes at\u00e9 os iniciantes. Como forma de garantir a todos os participantes,&nbsp; seguran\u00e7a e orienta\u00e7\u00f5es b\u00e1sicas e&nbsp; no\u00e7\u00f5es da prova, a organiza\u00e7\u00e3o do evento vai ministrar aos pilotos uma aula de navega\u00e7\u00e3o.<\/p>\n\n\n\n<p>Poder\u00e3o se inscrever e participar do Rally, carros, motos, UTV, 4X4 e caminhonetes.<\/p>\n\n\n\n<p>A competi\u00e7\u00e3o ser\u00e1 uma prova automobil\u00edstica na categoria RAID (Regularidade Absoluta em Itiner\u00e1rio Desconhecido) e que tem como objetivo desenvolver a capacidade do piloto e navegador em manter m\u00e9dias hor\u00e1rias estabelecidas&nbsp; e seguir o roteiro at\u00e9 o destino final da prova. Exige per\u00edcia, capacidade de c\u00e1lculo e racioc\u00ednio, necessitando um excelente entrosamento entre piloto e o navegador. A prova ser\u00e1 cercada de seguran\u00e7a, a planilha e aula de navega\u00e7\u00e3o, garantem que todos ter\u00e3o a oportunidade de participar do evento e se divertir com seguran\u00e7a.<\/p>\n\n\n\n<p>O percurso levar\u00e1 o Rally para as paisagens mais belas e os pontos tur\u00edsticos de Arax\u00e1 e regi\u00e3o com paradas para descanso.<\/p>\n\n\n\n<p>No final cerim\u00f4nia haver\u00e1&nbsp; premia\u00e7\u00e3o com show da banda Vinith no Emp\u00f3rio Dodora.&nbsp;<\/p>\n\n\n\n<p>O roteiro ser\u00e1 em torno de Arax\u00e1, com percurso de 97 km e com um tempo estimado entre 4:e 5 hs de prova, com paradas em neutro para descanso, alimenta\u00e7\u00e3o e para visitas aos pontos tur\u00edsticos da regi\u00e3o .<\/p>\n\n\n\n<p>Tamb\u00e9m haver\u00e1 categoria para ve\u00edculos 4X2 de qualquer marca, inclusive com a participa\u00e7\u00e3o at\u00e9 de quatro passageiros (Zequinha), desde que o ve\u00edculo tenha todos os itens de seguran\u00e7a ( luzes, cinto, setas, buzina entre outros).&nbsp;<\/p>\n\n\n\n<p>A organiza\u00e7\u00e3o \u00e9 da Moto Arts com supervis\u00e3o da Federa\u00e7\u00e3o Mineira de Automobilismo e Federa\u00e7\u00e3o Mineira de Motociclismo.<\/p>\n\n\n\n<p>As inscri\u00e7\u00f5es podem ser feitas at\u00e9 o dia 05 de agosto, sexta=feira, pelo site: cerradominasrally.com.br.<\/p>\n\n\n\n<p>Informa\u00e7\u00f5es&nbsp; whatsapp \u2013 34 99206 6462 e 34 99800 9521<\/p>\n\n\n\n<p>At\u00e9 agora dezenas de equipes j\u00e1 se inscreveram na prova. S\u00e3o equipes de Arax\u00e1, Sacramento (MG), Garopaba (SC), Moema (SP),&nbsp; S\u00e3o Jos\u00e9 do Rio Preto (SP), Tanabi (SP), Potirendaba ( SP), Bambu\u00ed ( MG), Uberl\u00e2ndia entre outras.<\/p>\n\n\n\n<p>Cerrado Minas \u2013 Rally de Regularidade<\/p>\n\n\n\n<p>De 04 a 07 de agosto 2022<\/p>\n","protected":false},"excerpt":{"rendered":"<p>Uma prova para pilotos iniciantes e experientes com direito a aula de navega\u00e7\u00e3o para todos os participantes. &nbsp;&nbsp;&nbsp;&nbsp;&nbsp;&nbsp;&nbsp;&nbsp;&nbsp;&nbsp;&nbsp;&nbsp;&nbsp;&nbsp;&nbsp;&nbsp;&nbsp;&nbsp;&nbsp;&nbsp;&nbsp;&nbsp;&nbsp;&nbsp;&nbsp;&nbsp;&nbsp;&nbsp;&nbsp;&nbsp;&nbsp;&nbsp;&nbsp;&nbsp;&nbsp;&nbsp;&nbsp;&nbsp;&nbsp;&nbsp;&nbsp;&nbsp;&nbsp;&nbsp;&nbsp;&nbsp;&nbsp;&nbsp;&nbsp;&nbsp;&nbsp;&nbsp;&nbsp;&nbsp;&nbsp;&nbsp;&nbsp;&nbsp;&nbsp;&nbsp;&nbsp;&nbsp; Contagem regressiva<\/p>\n","protected":false},"author":2,"featured_media":2018,"comment_status":"open","ping_status":"open","sticky":false,"template":"","format":"standard","meta":{"footnotes":""},"categories":[9,15],"tags":[],"class_list":["post-2017","post","type-post","status-publish","format-standard","has-post-thumbnail","hentry","category-araxa","category-esportes"],"_links":{"self":[{"href":"http:\/\/blogdoarmindomaia.com.br\/index.php?rest_route=\/wp\/v2\/posts\/2017","targetHints":{"allow":["GET"]}}],"collection":[{"href":"http:\/\/blogdoarmindomaia.com.br\/index.php?rest_route=\/wp\/v2\/posts"}],"about":[{"href":"http:\/\/blogdoarmindomaia.com.br\/index.php?rest_route=\/wp\/v2\/types\/post"}],"author":[{"embeddable":true,"href":"http:\/\/blogdoarmindomaia.com.br\/index.php?rest_route=\/wp\/v2\/users\/2"}],"replies":[{"embeddable":true,"href":"http:\/\/blogdoarmindomaia.com.br\/index.php?rest_route=%2Fwp%2Fv2%2Fcomments&post=2017"}],"version-history":[{"count":1,"href":"http:\/\/blogdoarmindomaia.com.br\/index.php?rest_route=\/wp\/v2\/posts\/2017\/revisions"}],"predecessor-version":[{"id":2019,"href":"http:\/\/blogdoarmindomaia.com.br\/index.php?rest_route=\/wp\/v2\/posts\/2017\/revisions\/2019"}],"wp:featuredmedia":[{"embeddable":true,"href":"http:\/\/blogdoarmindomaia.com.br\/index.php?rest_route=\/wp\/v2\/media\/2018"}],"wp:attachment":[{"href":"http:\/\/blogdoarmindomaia.com.br\/index.php?rest_route=%2Fwp%2Fv2%2Fmedia&parent=2017"}],"wp:term":[{"taxonomy":"category","embeddable":true,"href":"http:\/\/blogdoarmindomaia.com.br\/index.php?rest_route=%2Fwp%2Fv2%2Fcategories&post=2017"},{"taxonomy":"post_tag","embeddable":true,"href":"http:\/\/blogdoarmindomaia.com.br\/index.php?rest_route=%2Fwp%2Fv2%2Ftags&post=2017"}],"curies":[{"name":"wp","href":"https:\/\/api.w.org\/{rel}","templated":true}]}}