{"id":2020,"date":"2022-07-27T11:45:00","date_gmt":"2022-07-27T14:45:00","guid":{"rendered":"http:\/\/blogdoarmindomaia.com.br\/?p=2020"},"modified":"2022-07-27T11:45:02","modified_gmt":"2022-07-27T14:45:02","slug":"calcadao-de-araxa-recebe-totem-de-monitoramento-para-ampliar-seguranca-na-area-central","status":"publish","type":"post","link":"http:\/\/blogdoarmindomaia.com.br\/?p=2020","title":{"rendered":"Cal\u00e7ad\u00e3o de Arax\u00e1 recebe totem de monitoramento para ampliar seguran\u00e7a na \u00e1rea central"},"content":{"rendered":"\n<figure class=\"wp-block-image size-full\"><img loading=\"lazy\" decoding=\"async\" width=\"1024\" height=\"683\" src=\"http:\/\/blogdoarmindomaia.com.br\/wp-content\/uploads\/2022\/07\/Totem-no-Calcadao-5.jpeg\" alt=\"\" class=\"wp-image-2021\" srcset=\"http:\/\/blogdoarmindomaia.com.br\/wp-content\/uploads\/2022\/07\/Totem-no-Calcadao-5.jpeg 1024w, http:\/\/blogdoarmindomaia.com.br\/wp-content\/uploads\/2022\/07\/Totem-no-Calcadao-5-300x200.jpeg 300w, http:\/\/blogdoarmindomaia.com.br\/wp-content\/uploads\/2022\/07\/Totem-no-Calcadao-5-768x512.jpeg 768w\" sizes=\"auto, (max-width: 1024px) 100vw, 1024px\" \/><\/figure>\n\n\n\n<p>O Cal\u00e7ad\u00e3o da rua Presidente Oleg\u00e1rio Maciel recebeu um novo sistema eletr\u00f4nico para refor\u00e7ar a seguran\u00e7a na \u00e1rea central de Arax\u00e1. A Secretaria Municipal de Seguran\u00e7a P\u00fablica instalou um totem interativo com c\u00e2mera e bot\u00e3o de emerg\u00eancia, que permite o contato direto com a Central de Videomonitoramento.<br><br>O objetivo \u00e9 prevenir e registrar ocorr\u00eancias que possam acontecer no local, que tem intenso fluxo de pessoas e \u00e9 o principal ponto comercial da cidade.<br><br>\u201cO totem interativo vai otimizar e trazer mais seguran\u00e7a, uma vez que atender\u00e1 a popula\u00e7\u00e3o de forma r\u00e1pida, reprimindo a criminalidade no Centro de Arax\u00e1\u201d, destaca o secret\u00e1rio municipal de Seguran\u00e7a P\u00fablica, Daniel Rosa.<\/p>\n","protected":false},"excerpt":{"rendered":"<p>O Cal\u00e7ad\u00e3o da rua Presidente Oleg\u00e1rio Maciel recebeu um novo sistema eletr\u00f4nico para refor\u00e7ar a seguran\u00e7a na \u00e1rea central de<\/p>\n","protected":false},"author":2,"featured_media":2021,"comment_status":"open","ping_status":"open","sticky":false,"template":"","format":"standard","meta":{"footnotes":""},"categories":[9,8,11],"tags":[],"class_list":["post-2020","post","type-post","status-publish","format-standard","has-post-thumbnail","hentry","category-araxa","category-cidades","category-destaques"],"_links":{"self":[{"href":"http:\/\/blogdoarmindomaia.com.br\/index.php?rest_route=\/wp\/v2\/posts\/2020","targetHints":{"allow":["GET"]}}],"collection":[{"href":"http:\/\/blogdoarmindomaia.com.br\/index.php?rest_route=\/wp\/v2\/posts"}],"about":[{"href":"http:\/\/blogdoarmindomaia.com.br\/index.php?rest_route=\/wp\/v2\/types\/post"}],"author":[{"embeddable":true,"href":"http:\/\/blogdoarmindomaia.com.br\/index.php?rest_route=\/wp\/v2\/users\/2"}],"replies":[{"embeddable":true,"href":"http:\/\/blogdoarmindomaia.com.br\/index.php?rest_route=%2Fwp%2Fv2%2Fcomments&post=2020"}],"version-history":[{"count":1,"href":"http:\/\/blogdoarmindomaia.com.br\/index.php?rest_route=\/wp\/v2\/posts\/2020\/revisions"}],"predecessor-version":[{"id":2022,"href":"http:\/\/blogdoarmindomaia.com.br\/index.php?rest_route=\/wp\/v2\/posts\/2020\/revisions\/2022"}],"wp:featuredmedia":[{"embeddable":true,"href":"http:\/\/blogdoarmindomaia.com.br\/index.php?rest_route=\/wp\/v2\/media\/2021"}],"wp:attachment":[{"href":"http:\/\/blogdoarmindomaia.com.br\/index.php?rest_route=%2Fwp%2Fv2%2Fmedia&parent=2020"}],"wp:term":[{"taxonomy":"category","embeddable":true,"href":"http:\/\/blogdoarmindomaia.com.br\/index.php?rest_route=%2Fwp%2Fv2%2Fcategories&post=2020"},{"taxonomy":"post_tag","embeddable":true,"href":"http:\/\/blogdoarmindomaia.com.br\/index.php?rest_route=%2Fwp%2Fv2%2Ftags&post=2020"}],"curies":[{"name":"wp","href":"https:\/\/api.w.org\/{rel}","templated":true}]}}