{"id":203,"date":"2022-04-11T21:11:45","date_gmt":"2022-04-12T00:11:45","guid":{"rendered":"http:\/\/blogdoarmindomaia.com.br\/?p=203"},"modified":"2022-04-11T21:11:47","modified_gmt":"2022-04-12T00:11:47","slug":"tv-araxa-educa-tem-concessao-renovada-por-mais-um-ano","status":"publish","type":"post","link":"http:\/\/blogdoarmindomaia.com.br\/?p=203","title":{"rendered":"TV Arax\u00e1 Educa tem concess\u00e3o renovada por mais um ano"},"content":{"rendered":"\n<figure class=\"wp-block-image size-large is-style-default\"><img loading=\"lazy\" decoding=\"async\" width=\"1024\" height=\"576\" src=\"http:\/\/blogdoarmindomaia.com.br\/wp-content\/uploads\/2022\/04\/Renovacao-concessao-TV-Araxa-Educa-2-1024x576.jpeg\" alt=\"\" class=\"wp-image-204\" srcset=\"http:\/\/blogdoarmindomaia.com.br\/wp-content\/uploads\/2022\/04\/Renovacao-concessao-TV-Araxa-Educa-2-1024x576.jpeg 1024w, http:\/\/blogdoarmindomaia.com.br\/wp-content\/uploads\/2022\/04\/Renovacao-concessao-TV-Araxa-Educa-2-300x169.jpeg 300w, http:\/\/blogdoarmindomaia.com.br\/wp-content\/uploads\/2022\/04\/Renovacao-concessao-TV-Araxa-Educa-2-768x432.jpeg 768w, http:\/\/blogdoarmindomaia.com.br\/wp-content\/uploads\/2022\/04\/Renovacao-concessao-TV-Araxa-Educa-2-1536x864.jpeg 1536w, http:\/\/blogdoarmindomaia.com.br\/wp-content\/uploads\/2022\/04\/Renovacao-concessao-TV-Araxa-Educa-2.jpeg 1600w\" sizes=\"auto, (max-width: 1024px) 100vw, 1024px\" \/><\/figure>\n\n\n\n<p>A Secretaria Municipal de Educa\u00e7\u00e3o renovou a concess\u00e3o da TV Arax\u00e1 Educa por mais um ano. O objetivo principal da TV, mesmo no per\u00edodo atual no qual as aulas presenciais foram retomadas, \u00e9 contribuir de forma significativa para a educa\u00e7\u00e3o dos alunos da rede municipal de ensino, al\u00e9m de assegurar o direito de educa\u00e7\u00e3o para todos.<br><br>A TV Arax\u00e1 Educa \u00e9 transmitida pelo canal aberto 12.2 desde novembro de 2021 e possui 24 horas de programa\u00e7\u00e3o. S\u00e3o divulgados conte\u00fados educativos, al\u00e9m de campanhas de utilidade p\u00fablica e institucionais e projetos educacionais.<br><br>A programa\u00e7\u00e3o \u00e9 voltada para os alunos da Educa\u00e7\u00e3o Infantil, do Ensino Fundamental e da Educa\u00e7\u00e3o de Jovens e Adultos (EJA). Um projeto moderno, um ambiente virtual de aprendizagem que complementa o conte\u00fado oferecido pelos professores dentro da sala de aula e \u00e9 acess\u00edvel para toda a popula\u00e7\u00e3o da cidade.<br><br>A TV Integra\u00e7\u00e3o foi a vencedora da licita\u00e7\u00e3o para transmiss\u00e3o do sinal da TV Arax\u00e1 Educa por atender todas as demandas necess\u00e1rias. Atualmente, Arax\u00e1 \u00e9 a \u00fanica cidade da regi\u00e3o a contar com um canal aberto educativo e j\u00e1 faz parte da vida de muitas crian\u00e7as, jovens e adultos.<br><br>\u201cA concess\u00e3o da TV aberta foi feita para os canais obterem a divulga\u00e7\u00e3o educativa enquanto estiv\u00e9ssemos no estado de calamidade em fun\u00e7\u00e3o da pandemia, que acabou em 31 de mar\u00e7o de 2022. E no dia 4 de abril, o presidente da Rep\u00fablica assinou a renova\u00e7\u00e3o dessa concess\u00e3o por mais um ano, que agora vale at\u00e9 abril de 2023\u201d, explica a secret\u00e1ria municipal de Educa\u00e7\u00e3o, Zulma Moreira.<br><br>Segundo ela, a renova\u00e7\u00e3o traz in\u00fameros benef\u00edcios para a educa\u00e7\u00e3o de Arax\u00e1, que continua dando um passo important\u00edssimo no desenvolvimento do ensino p\u00fablico da cidade. \u201cA TV Arax\u00e1 Educa vai se tornar um canal de refor\u00e7o, uma complementa\u00e7\u00e3o ao estudo institucionalizado da escola. Queremos transformar esse canal em uma op\u00e7\u00e3o de educa\u00e7\u00e3o, um canal formativo, educativo, com programas de educa\u00e7\u00e3o ambiental, com informa\u00e7\u00f5es referentes \u00e0 sa\u00fade, entre outros in\u00fameros projetos\u2019, conclui a secret\u00e1ria.<\/p>\n","protected":false},"excerpt":{"rendered":"<p>A Secretaria Municipal de Educa\u00e7\u00e3o renovou a concess\u00e3o da TV Arax\u00e1 Educa por mais um ano. O objetivo principal da<\/p>\n","protected":false},"author":2,"featured_media":204,"comment_status":"open","ping_status":"open","sticky":false,"template":"","format":"standard","meta":{"footnotes":""},"categories":[13],"tags":[],"class_list":["post-203","post","type-post","status-publish","format-standard","has-post-thumbnail","hentry","category-educacao"],"_links":{"self":[{"href":"http:\/\/blogdoarmindomaia.com.br\/index.php?rest_route=\/wp\/v2\/posts\/203","targetHints":{"allow":["GET"]}}],"collection":[{"href":"http:\/\/blogdoarmindomaia.com.br\/index.php?rest_route=\/wp\/v2\/posts"}],"about":[{"href":"http:\/\/blogdoarmindomaia.com.br\/index.php?rest_route=\/wp\/v2\/types\/post"}],"author":[{"embeddable":true,"href":"http:\/\/blogdoarmindomaia.com.br\/index.php?rest_route=\/wp\/v2\/users\/2"}],"replies":[{"embeddable":true,"href":"http:\/\/blogdoarmindomaia.com.br\/index.php?rest_route=%2Fwp%2Fv2%2Fcomments&post=203"}],"version-history":[{"count":1,"href":"http:\/\/blogdoarmindomaia.com.br\/index.php?rest_route=\/wp\/v2\/posts\/203\/revisions"}],"predecessor-version":[{"id":205,"href":"http:\/\/blogdoarmindomaia.com.br\/index.php?rest_route=\/wp\/v2\/posts\/203\/revisions\/205"}],"wp:featuredmedia":[{"embeddable":true,"href":"http:\/\/blogdoarmindomaia.com.br\/index.php?rest_route=\/wp\/v2\/media\/204"}],"wp:attachment":[{"href":"http:\/\/blogdoarmindomaia.com.br\/index.php?rest_route=%2Fwp%2Fv2%2Fmedia&parent=203"}],"wp:term":[{"taxonomy":"category","embeddable":true,"href":"http:\/\/blogdoarmindomaia.com.br\/index.php?rest_route=%2Fwp%2Fv2%2Fcategories&post=203"},{"taxonomy":"post_tag","embeddable":true,"href":"http:\/\/blogdoarmindomaia.com.br\/index.php?rest_route=%2Fwp%2Fv2%2Ftags&post=203"}],"curies":[{"name":"wp","href":"https:\/\/api.w.org\/{rel}","templated":true}]}}