{"id":2030,"date":"2022-07-27T14:44:09","date_gmt":"2022-07-27T17:44:09","guid":{"rendered":"http:\/\/blogdoarmindomaia.com.br\/?p=2030"},"modified":"2022-07-27T14:44:11","modified_gmt":"2022-07-27T17:44:11","slug":"confira-os-detalhes-da-1a-audiencia-publica-de-revisao-do-plano-diretor-de-araxa","status":"publish","type":"post","link":"http:\/\/blogdoarmindomaia.com.br\/?p=2030","title":{"rendered":"Confira os detalhes da 1\u00aa audi\u00eancia p\u00fablica de revis\u00e3o do Plano Diretor de Arax\u00e1"},"content":{"rendered":"\n<figure class=\"wp-block-image size-full\"><img loading=\"lazy\" decoding=\"async\" width=\"1024\" height=\"683\" src=\"http:\/\/blogdoarmindomaia.com.br\/wp-content\/uploads\/2022\/07\/plano-diretor-3.jpeg\" alt=\"\" class=\"wp-image-2031\" srcset=\"http:\/\/blogdoarmindomaia.com.br\/wp-content\/uploads\/2022\/07\/plano-diretor-3.jpeg 1024w, http:\/\/blogdoarmindomaia.com.br\/wp-content\/uploads\/2022\/07\/plano-diretor-3-300x200.jpeg 300w, http:\/\/blogdoarmindomaia.com.br\/wp-content\/uploads\/2022\/07\/plano-diretor-3-768x512.jpeg 768w\" sizes=\"auto, (max-width: 1024px) 100vw, 1024px\" \/><\/figure>\n\n\n\n<figure class=\"wp-block-image size-full\"><img loading=\"lazy\" decoding=\"async\" width=\"1024\" height=\"683\" src=\"http:\/\/blogdoarmindomaia.com.br\/wp-content\/uploads\/2022\/07\/Confira-os-detalhes-da-1a-audiencia-publica-de-revisao-do-Plano-pag-07.jpeg\" alt=\"\" class=\"wp-image-2032\" srcset=\"http:\/\/blogdoarmindomaia.com.br\/wp-content\/uploads\/2022\/07\/Confira-os-detalhes-da-1a-audiencia-publica-de-revisao-do-Plano-pag-07.jpeg 1024w, http:\/\/blogdoarmindomaia.com.br\/wp-content\/uploads\/2022\/07\/Confira-os-detalhes-da-1a-audiencia-publica-de-revisao-do-Plano-pag-07-300x200.jpeg 300w, http:\/\/blogdoarmindomaia.com.br\/wp-content\/uploads\/2022\/07\/Confira-os-detalhes-da-1a-audiencia-publica-de-revisao-do-Plano-pag-07-768x512.jpeg 768w\" sizes=\"auto, (max-width: 1024px) 100vw, 1024px\" \/><\/figure>\n\n\n\n<p>A primeira audi\u00eancia p\u00fablica para a revis\u00e3o do Plano Diretor Estrat\u00e9gico de Arax\u00e1 foi realizada no \u00faltimo final de semana, (21), no audit\u00f3rio da Associa\u00e7\u00e3o Comercial de Arax\u00e1 (Acia), e contou com a presen\u00e7a da popula\u00e7\u00e3o e representantes de segmentos organizados.<br><br>Na ocasi\u00e3o, foi apresentada a s\u00edntese do diagn\u00f3stico de levantamento de dados feito ao longo dos \u00faltimos 10 meses de trabalho pela equipe t\u00e9cnica formada pelo Instituto de Planejamento e Desenvolvimento Sustent\u00e1vel de Arax\u00e1 (IPDSA) e a empresa licitada para realizar a revis\u00e3o, a DRZ Geotecnologia e Consultoria. O momento tamb\u00e9m foi de receber as demandas do p\u00fablico.<br><br>Entre os principais apontamentos est\u00e1 a quest\u00e3o da mobilidade urbana e a necessidade de legisla\u00e7\u00e3o mais moderna e compat\u00edvel com as atuais necessidades do munic\u00edpio.<br><br>&#8220;Essas demandas tragas pela popula\u00e7\u00e3o ir\u00e3o compor o diagn\u00f3stico que ir\u00e1 nortear a produ\u00e7\u00e3o de solu\u00e7\u00f5es para o desenvolvimento de Arax\u00e1. Esta \u00e9 a pr\u00f3xima etapa&#8221;, diz o coordenador t\u00e9cnico Henrique Ferrarini.<br><br>O Plano Diretor disciplina o desenvolvimento e expans\u00e3o urbana nos aspectos econ\u00f4micos, f\u00edsicos, ambientais e sociais, visando obter melhoria da qualidade de vida da comunidade local.&nbsp; A \u00faltima revis\u00e3o do Plano Diretor de Arax\u00e1 foi em 2011. Ela tamb\u00e9m contempla as regras urban\u00edsticas vigentes, como a Lei de Escalonamento Urbano, Lei de Uso e Ocupa\u00e7\u00e3o do Solo de Arax\u00e1, Lei de Parcelamento do Solo, Lei de Edifica\u00e7\u00f5es e C\u00f3digo de Posturas.<br><br>O superintendente do IPDSA, Ney Dutra, destaca a participa\u00e7\u00e3o popular como decisiva para a revis\u00e3o do Plano Diretor. &#8220;N\u00f3s n\u00e3o podemos definir nada sem a ajuda da comunidade, visto que o resultado desse trabalho ir\u00e1 impactar diretamente a vida de cada cidad\u00e3o&#8221;, explica.<br><br>Para o empres\u00e1rio Tom Rios, a revis\u00e3o do Plano Diretor se faz necess\u00e1ria no momento atual, visto o cen\u00e1rio de desenvolvimento econ\u00f4mico na cidade. &#8220;N\u00f3s estamos em um momento \u00edmpar aqui no munic\u00edpio, com ind\u00fastrias vindo para c\u00e1. E esse plano diretor hoje revisado e estruturado vai direcionar esse crescimento de forma sustent\u00e1vel para que a cidade decole de uma s\u00f3 vez &#8220;, relata.<br><br>O comandante do Corpo de Bombeiros, capit\u00e3o Thiago Augusto Pereira, acrescenta que o Plano Diretor vai contemplar tamb\u00e9m o conceito de cidade resiliente. &#8220;Isso significa a cidade estar preparada para um eventual desastre natural. E ainda que Arax\u00e1 n\u00e3o apresente hist\u00f3rico desse tipo, o crescimento da cidade, com mais \u00e1reas impermeabilizadas e as mudan\u00e7as clim\u00e1ticas podem criar um novo cen\u00e1rio para Arax\u00e1 no futuro, que devemos estar preparados&#8221;, diz.<br><br>O coordenador regional do Instituto Estadual de Florestas (IEF) e presidente do Conselho Municipal de Defesa, Conserva\u00e7\u00e3o e Desenvolvimento do Meio Ambiente (Codema) de Arax\u00e1, Giovani Marcos Leonel, destaca a import\u00e2ncia da participa\u00e7\u00e3o popular. &#8220;\u00c9 o momento que a sociedade teve o conhecimento do trabalho que est\u00e1 sendo feito e oportunidade de se manifestar no processo, afinal, \u00e9 a participa\u00e7\u00e3o popular que traz a realidade da cidade&#8221;, destaca.<\/p>\n","protected":false},"excerpt":{"rendered":"<p>A primeira audi\u00eancia p\u00fablica para a revis\u00e3o do Plano Diretor Estrat\u00e9gico de Arax\u00e1 foi realizada no \u00faltimo final de semana,<\/p>\n","protected":false},"author":2,"featured_media":2031,"comment_status":"open","ping_status":"open","sticky":false,"template":"","format":"standard","meta":{"footnotes":""},"categories":[9,11],"tags":[],"class_list":["post-2030","post","type-post","status-publish","format-standard","has-post-thumbnail","hentry","category-araxa","category-destaques"],"_links":{"self":[{"href":"http:\/\/blogdoarmindomaia.com.br\/index.php?rest_route=\/wp\/v2\/posts\/2030","targetHints":{"allow":["GET"]}}],"collection":[{"href":"http:\/\/blogdoarmindomaia.com.br\/index.php?rest_route=\/wp\/v2\/posts"}],"about":[{"href":"http:\/\/blogdoarmindomaia.com.br\/index.php?rest_route=\/wp\/v2\/types\/post"}],"author":[{"embeddable":true,"href":"http:\/\/blogdoarmindomaia.com.br\/index.php?rest_route=\/wp\/v2\/users\/2"}],"replies":[{"embeddable":true,"href":"http:\/\/blogdoarmindomaia.com.br\/index.php?rest_route=%2Fwp%2Fv2%2Fcomments&post=2030"}],"version-history":[{"count":1,"href":"http:\/\/blogdoarmindomaia.com.br\/index.php?rest_route=\/wp\/v2\/posts\/2030\/revisions"}],"predecessor-version":[{"id":2033,"href":"http:\/\/blogdoarmindomaia.com.br\/index.php?rest_route=\/wp\/v2\/posts\/2030\/revisions\/2033"}],"wp:featuredmedia":[{"embeddable":true,"href":"http:\/\/blogdoarmindomaia.com.br\/index.php?rest_route=\/wp\/v2\/media\/2031"}],"wp:attachment":[{"href":"http:\/\/blogdoarmindomaia.com.br\/index.php?rest_route=%2Fwp%2Fv2%2Fmedia&parent=2030"}],"wp:term":[{"taxonomy":"category","embeddable":true,"href":"http:\/\/blogdoarmindomaia.com.br\/index.php?rest_route=%2Fwp%2Fv2%2Fcategories&post=2030"},{"taxonomy":"post_tag","embeddable":true,"href":"http:\/\/blogdoarmindomaia.com.br\/index.php?rest_route=%2Fwp%2Fv2%2Ftags&post=2030"}],"curies":[{"name":"wp","href":"https:\/\/api.w.org\/{rel}","templated":true}]}}