{"id":2034,"date":"2022-07-27T16:34:49","date_gmt":"2022-07-27T19:34:49","guid":{"rendered":"http:\/\/blogdoarmindomaia.com.br\/?p=2034"},"modified":"2022-07-27T16:34:51","modified_gmt":"2022-07-27T19:34:51","slug":"atracoes-cenicas-e-musicais-no-brazil-classics-kia-show","status":"publish","type":"post","link":"http:\/\/blogdoarmindomaia.com.br\/?p=2034","title":{"rendered":"Atra\u00e7\u00f5es c\u00eanicas e musicais no Brazil Classics Kia Show"},"content":{"rendered":"\n<p><\/p>\n\n\n\n<figure class=\"wp-block-image size-large\"><img loading=\"lazy\" decoding=\"async\" width=\"1024\" height=\"680\" src=\"http:\/\/blogdoarmindomaia.com.br\/wp-content\/uploads\/2022\/07\/Jeronimo-Show-Circo-Caramba-credito-Tatiana-Sajorato-1024x680.jpg\" alt=\"\" class=\"wp-image-2037\" srcset=\"http:\/\/blogdoarmindomaia.com.br\/wp-content\/uploads\/2022\/07\/Jeronimo-Show-Circo-Caramba-credito-Tatiana-Sajorato-1024x680.jpg 1024w, http:\/\/blogdoarmindomaia.com.br\/wp-content\/uploads\/2022\/07\/Jeronimo-Show-Circo-Caramba-credito-Tatiana-Sajorato-300x199.jpg 300w, http:\/\/blogdoarmindomaia.com.br\/wp-content\/uploads\/2022\/07\/Jeronimo-Show-Circo-Caramba-credito-Tatiana-Sajorato-768x510.jpg 768w, http:\/\/blogdoarmindomaia.com.br\/wp-content\/uploads\/2022\/07\/Jeronimo-Show-Circo-Caramba-credito-Tatiana-Sajorato-1536x1020.jpg 1536w, http:\/\/blogdoarmindomaia.com.br\/wp-content\/uploads\/2022\/07\/Jeronimo-Show-Circo-Caramba-credito-Tatiana-Sajorato-2048x1360.jpg 2048w\" sizes=\"auto, (max-width: 1024px) 100vw, 1024px\" \/><\/figure>\n\n\n\n<figure class=\"wp-block-image size-large\"><img loading=\"lazy\" decoding=\"async\" width=\"767\" height=\"1024\" src=\"http:\/\/blogdoarmindomaia.com.br\/wp-content\/uploads\/2022\/07\/victor_biglione-767x1024.jpg\" alt=\"\" class=\"wp-image-2036\" srcset=\"http:\/\/blogdoarmindomaia.com.br\/wp-content\/uploads\/2022\/07\/victor_biglione-767x1024.jpg 767w, http:\/\/blogdoarmindomaia.com.br\/wp-content\/uploads\/2022\/07\/victor_biglione-225x300.jpg 225w, http:\/\/blogdoarmindomaia.com.br\/wp-content\/uploads\/2022\/07\/victor_biglione-768x1025.jpg 768w, http:\/\/blogdoarmindomaia.com.br\/wp-content\/uploads\/2022\/07\/victor_biglione-1151x1536.jpg 1151w, http:\/\/blogdoarmindomaia.com.br\/wp-content\/uploads\/2022\/07\/victor_biglione.jpg 1199w\" sizes=\"auto, (max-width: 767px) 100vw, 767px\" \/><\/figure>\n\n\n\n<figure class=\"wp-block-image size-large\"><img loading=\"lazy\" decoding=\"async\" width=\"1024\" height=\"769\" src=\"http:\/\/blogdoarmindomaia.com.br\/wp-content\/uploads\/2022\/07\/bejazz-1024x769.jpg\" alt=\"\" class=\"wp-image-2035\" srcset=\"http:\/\/blogdoarmindomaia.com.br\/wp-content\/uploads\/2022\/07\/bejazz-1024x769.jpg 1024w, http:\/\/blogdoarmindomaia.com.br\/wp-content\/uploads\/2022\/07\/bejazz-300x225.jpg 300w, http:\/\/blogdoarmindomaia.com.br\/wp-content\/uploads\/2022\/07\/bejazz-768x577.jpg 768w, http:\/\/blogdoarmindomaia.com.br\/wp-content\/uploads\/2022\/07\/bejazz-1536x1153.jpg 1536w, http:\/\/blogdoarmindomaia.com.br\/wp-content\/uploads\/2022\/07\/bejazz-2048x1538.jpg 2048w\" sizes=\"auto, (max-width: 1024px) 100vw, 1024px\" \/><\/figure>\n\n\n\n<p>O Brazil Classics Kia Show &#8211; Encontro Nacional de Carros Antigos &#8211; come\u00e7a nesta quinta (28) e promete aos amantes do antigomobilismo uma experi\u00eancia \u00fanica. Al\u00e9m de 250 raridades especialmente selecionadas pelo Veteran Car \u2013 MG, a programa\u00e7\u00e3o inclui ainda um leil\u00e3o, um passeio de autom\u00f3veis antigos pela cidade, a tradicional premia\u00e7\u00e3o, uma feira de pe\u00e7as e uma extensa programa\u00e7\u00e3o cultural.<\/p>\n\n\n\n<p>Durante a visita ao p\u00e1tio do Grande Hotel do Barreiro, onde foi montada a estrutura do evento, o p\u00fablico vai se deparar, por exemplo, com uma s\u00e9rie de interven\u00e7\u00f5es de dan\u00e7a e de teatro. &#8220;Ser\u00e3o v\u00e1rios espet\u00e1culos c\u00eanicos, com foco na dan\u00e7a e arte circense, modalidades que precisam muito de incentivo para se manterem no panorama da cultura brasileira. Tenho certeza de que divers\u00e3o, alegria e encantamento n\u00e3o ir\u00e3o faltar&#8221;, destaca a produtora de c\u00eanicas, Wanilza Vieira.<\/p>\n\n\n\n<p>A m\u00fasica, l\u00f3gico, tamb\u00e9m n\u00e3o poderia ficar de fora. Haver\u00e1 uma programa\u00e7\u00e3o diversificada, com muitos estilos e o melhor da m\u00fasica instrumental local e nacional. Toda a programa\u00e7\u00e3o cultural (<em>veja abaixo<\/em>) \u00e9 aberta ao p\u00fablico e realizada pelo Veteran Car &#8211; MG por meio da Lei Federal de Incentivo \u00e0 Cultura.<\/p>\n\n\n\n<p><strong>C\u00eanicas<\/strong><\/p>\n\n\n\n<p>As atra\u00e7\u00f5es c\u00eanicas incluem nomes reconhecidos no cen\u00e1rio nacional. Entre os grupos que t\u00eam presen\u00e7a confirmada, est\u00e3o o Circolando Iniciativas Art\u00edsticas, de Uberaba; a Cia. Circunst\u00e2ncia, de Belo Horizonte; artistas do Barrac\u00e3o Cultural com Circo Caramba, de Campinas (SP), al\u00e9m do grupo Enigma Dance Company de Arax\u00e1 e Cia. Alex Dark, de Franca (SP).<\/p>\n\n\n\n<p>Nos espet\u00e1culos, curiosidades como a \u201cA banda de um homem s\u00f3\u201d conduzida pelo palha\u00e7o Jer\u00f4nimo do Circo Caramba de Campinas e tamb\u00e9m o \u201cJer\u00f4nimo Show\u201d uma apresenta\u00e7\u00e3o inusitada em que o artista tira sons e m\u00fasicas de objetos que em nada lembram instrumentos musicais.<\/p>\n\n\n\n<p>Outro momento imperd\u00edvel \u00e9 o encontro do grupo Enigma Dance Company de Arax\u00e1 com a Cia. Alex Dark de Franca. A apresenta\u00e7\u00e3o trar\u00e1 um visual surpreendente com figurinos bem trabalhados, uma oportunidade ainda para promover a intera\u00e7\u00e3o e a troca de experi\u00eancias entre os bailarinos.<\/p>\n\n\n\n<p>A Cia. Circunst\u00e2ncia vai surpreender o p\u00fablico com uma Kombi inusitada e uma intera\u00e7\u00e3o bem divertida com crian\u00e7as e adultos. J\u00e1 a Circolando Iniciativas Art\u00edsticas prop\u00f5e uma experi\u00eancia curiosa: dois palha\u00e7os ir\u00e3o encantar o p\u00fablico com suas hist\u00f3rias e um carro antigo.<\/p>\n\n\n\n<p><strong>M\u00fasica<\/strong><\/p>\n\n\n\n<p>As atra\u00e7\u00f5es musicais incluem o melhor da m\u00fasica instrumental local e nacional. Pelo palco do Espa\u00e7o Classics e pelo p\u00e1tio do evento passar\u00e3o nomes como Manga Rosa Quinteto, B\u00eajazz Street Band,<\/p>\n\n\n\n<p>Moda de Rock, The Blue Black Bottles, Chorando na Pra\u00e7a, Rogerinho Dias e Charanga Pop. Destaque para as apresenta\u00e7\u00f5es de Tulio Araujo Quarteto e Victor Biglione Power Trio<\/p>\n\n\n\n<p><em>Tulio Araujo<\/em><\/p>\n\n\n\n<p>Mineiro de Passos e residente em Belo Horizonte, Tulio Araujo \u00e9 formado em Percuss\u00e3o, <em>e<\/em>studou com alguns dos mais renomados mestres e come\u00e7ou a imaginar como seria fundir seu principal instrumento com o universo da improvisa\u00e7\u00e3o que o Jazz possibilita.&nbsp;&nbsp;Com 5 \u00e1lbuns e diversos singles j\u00e1 lan\u00e7ados, Araujoj\u00e1 percorreu o pa\u00eds a convite de diversos festivais e, a partir de 2013, iniciou sua carreira internacional, apresentando-se em palcos renomad\u00edssimos dos Estados Unidos como o <em>Iridium<\/em>, <em>Birdland<\/em>, <em>Blue Note <\/em>e <em>Mezzrow,<\/em> em Nova Iorque, al\u00e9m do <em>California Jazz Conservatory<\/em>, <em>La Pe\u00f1a Cultural <\/em>e <em>Red&nbsp;Poppy Art House, <\/em>na California.&nbsp;Atualmente o pandeirista vem se dedicando ao seu novo quarteto de jazz, que recentemente fez um show lotado no renomad\u00edssimo palco do Blue Note SPe vem lan\u00e7ando singles e v\u00eddeos peri\u00f3dicos, chamando a aten\u00e7\u00e3o da cr\u00edtica especializada.&nbsp;&nbsp;<\/p>\n\n\n\n<p><em>Victor Biglione&nbsp;<\/em><em><\/em><\/p>\n\n\n\n<p>Biglione \u00e9 um dos poucos m\u00fasicos da atualidade que faz parte da hist\u00f3ria da m\u00fasica em v\u00e1rios estilos: Jazz, MPB e Rock. No jazz internacional conquistou o Grammy de 1988, ao lado do&nbsp;grupo Manhattan Transfer, al\u00e9m de ter gravado com nomes como Lee Konitz (um dos fundadores do <em>Cool Jazz<\/em>) e John Patitucci (<em>Chick Corea<\/em>). No rock esteve ao lado de nomes como Andy Summers (<em>The Police<\/em>, com quem possui dois \u00e1lbuns em parceria) e Steve Hackett (Genesis). Na MPB conquistou o Latin Grammy em 2000, ao lado de Milton Nascimento e fez parceria com nomes como Maria Beth\u00e2nia, Roberto Carlos, Gal Costa, Gonzaguinha, Ivan Lins, Caetano Veloso, Elis Regina, Chico Buarque e Vin\u00edcius de Moraes. Victor viajou por 23 pa\u00edses, apresentando-se nos principais festivais e clubes de Jazz do mundo; conquistou tamb\u00e9m seis pr\u00eamios com suas trilhas sonoras para cinema e em 2016 foi finalista do Grammy Latino, com seu \u00e1lbum Mercosul.<\/p>\n\n\n\n<p><strong><br>Programa\u00e7\u00e3o cultural<\/strong><\/p>\n\n\n\n<p><em>27 \/07 &#8211; Quarta Feira a 30\/03 &#8211; Domingo<\/em><\/p>\n\n\n\n<p>09h \u00e0s 18h &#8211; Grande Hotel &#8211; Solar dos Arax\u00e1s &#8211; Exposi\u00e7\u00e3o de Fotografias de Bruno C\u00e9sar Vilela Gonzaga<\/p>\n\n\n\n<p><em>28\/07 \u2013 Quinta-feira<\/em><\/p>\n\n\n\n<p>15:00 &#8211; P\u00e1tio &#8211; Grupo Circolando &#8211; Palha\u00e7o tem carro antigo?<\/p>\n\n\n\n<p>16:00 &#8211; Espa\u00e7o Classics &#8211; Manga Rosa Quinteto.<\/p>\n\n\n\n<p>17:00 &#8211; Pavilh\u00e3o de Bandeiras &#8211; Abertura oficial.<\/p>\n\n\n\n<p>17:00 &#8211; Hino Nacional com Henrique Reis (acordeon) e Rafael Borsato (sax).<\/p>\n\n\n\n<p>17:30 &#8211; Passarela &#8211; Grupos Alex Darc e Enigma Dance Company &#8211; Viagem no tempo.<\/p>\n\n\n\n<p><em>29\/07 \u2013 Sexta-feira<\/em><\/p>\n\n\n\n<p>14:30 &#8211; P\u00e1tio &#8211; Cia Circo Caramba &#8211; A Banda do Jer\u00f4nimo.<\/p>\n\n\n\n<p>15:30 &#8211; P\u00e1tio &#8211; B\u00eajazz Street Band.<\/p>\n\n\n\n<p>16:00 &#8211; Espa\u00e7o Classics &#8211; Moda de Rock.<\/p>\n\n\n\n<p>17:00 &#8211; Passarela &#8211; Grupo Circolando &#8211; Palha\u00e7o tem carro antigo?<\/p>\n\n\n\n<p>17:30 &#8211; Espa\u00e7o Classics -The Blue Black Bottles.<\/p>\n\n\n\n<p><em>30\/07 &#8211; S\u00e1bado<\/em><\/p>\n\n\n\n<p>10:30 &#8211; Espa\u00e7o Classics &#8211; Chorando na Pra\u00e7a.<\/p>\n\n\n\n<p>13:30 &#8211; Fonte &#8211; Cia Circunst\u00e2ncia &#8211; Circo de Fam\u00edlia.<\/p>\n\n\n\n<p>14:30 &#8211; Espa\u00e7o Classics &#8211; Rogerinho Dias.<\/p>\n\n\n\n<p>15:30 &#8211; P\u00e1tio &#8211; Charanga Pop.<\/p>\n\n\n\n<p>16:00 &#8211; Espa\u00e7o Classics &#8211; Tulio Araujo Quarteto.<\/p>\n\n\n\n<p>16:00 &#8211; P\u00e1tio &#8211; B\u00eajazz Street Band.<\/p>\n\n\n\n<p>16:00 &#8211; Passarela &#8211; Cia Circunst\u00e2ncia &#8211; Circo de Fam\u00edlia.<\/p>\n\n\n\n<p>17:00 &#8211; Fonte &#8211; Cia Circo Caramba &#8211; Jer\u00f4nimo Show.<\/p>\n\n\n\n<p>17:00 &#8211; Espa\u00e7o Classics &#8211; Victor Biglione Power Trio.<\/p>\n\n\n\n<p><strong>Brazil Classics Kia Show 2022<\/strong><\/p>\n\n\n\n<p>O Encontro Nacional de Carros Antigos em Arax\u00e1 &#8211; <strong>Brazil Classics Kia Show 2022<\/strong> \u2013 \u00e9 uma realiza\u00e7\u00e3o do Veteran Car \u2013 MG, com o patroc\u00ednio m\u00e1ster da Kia. \u201cRessaltamos esse apoio da Kia, na pessoa do senhor Jos\u00e9 Luiz Gandini, que al\u00e9m de ser um excelente companheiro, se tornou um dos principais colecionadores do Brasil e teve a sensibilidade de perceber a import\u00e2ncia de investir como patrocinador m\u00e1ster em um evento de tamanha dimens\u00e3o e qualidade. Fica o nosso agradecimento em nome do antigomobilismo nacional\u201d, diz o presidente do Veteran Car &#8211; MG, Oswaldo Borges da Costa Filho.<\/p>\n\n\n\n<p><strong>Sobre o Veteran Car \u2013 MG<\/strong><\/p>\n\n\n\n<p>Alguns dos mais raros e significativos antigos do Brasil pertencem \u00e0s cole\u00e7\u00f5es do clube mineiro Veteran Car. Al\u00e9m das raridades, o clube foi se tornando, em mais de 40 anos de atua\u00e7\u00e3o, uma refer\u00eancia nacional pelo elevado padr\u00e3o de restaura\u00e7\u00e3o dos autom\u00f3veis e por promover o mais importante encontro do g\u00eanero, o Brazil Classics Show que acontece em Arax\u00e1 nos anos pares. Nele, o Veteran de MG organiza o mais antigo e um dos raros leil\u00f5es de autom\u00f3veis cl\u00e1ssicos do pa\u00eds. Exibe tamb\u00e9m seu acervo em exposi\u00e7\u00f5es e feiras, al\u00e9m de promover ralis de carros hist\u00f3ricos e organizar a participa\u00e7\u00e3o dos s\u00f3cios em outros encontros de antigos no pa\u00eds. Analisa e certifica a originalidade dos &#8220;velhinhos&#8221; candidatos \u00e0 &#8220;placa preta&#8221;, promove reuni\u00f5es semanais (formais ou informais) entre seus diretores e s\u00f3cios e se tornou fator importante no est\u00edmulo a novos colecionadores em Minas Gerais.<\/p>\n\n\n\n<p><strong>Sobre a Kia<\/strong><\/p>\n\n\n\n<p>Fundada na Coreia do Sul em 1944, como fabricante de bicicletas e, depois, de ve\u00edculos e equipamentos militares, a Kia \u00e9 uma empresa de solu\u00e7\u00f5es de mobilidade que busca inspirar seus clientes por meio do movimento. Com atua\u00e7\u00e3o no setor de mobilidade h\u00e1 mais de 75 anos, a Kia est\u00e1 presente em mais de 190 mercados, possui f\u00e1bricas em dez pa\u00edses, produz mais de tr\u00eas milh\u00f5es de ve\u00edculos por ano e conta com mais de 50 mil colaboradores em todo o mundo.<\/p>\n\n\n\n<p>Em movimento de transforma\u00e7\u00e3o, a Kia lan\u00e7ou em 2021 novos logo e slogan da marca \u2018<em>Movement that inspires<\/em>\u2019 (Movimento que inspira), que incorporam a confian\u00e7a e o compromisso da Kia com os clientes, com foco na populariza\u00e7\u00e3o dos ve\u00edculos el\u00e9tricos e na introdu\u00e7\u00e3o de uma ampla gama de servi\u00e7os de mobilidade, ajustados para atender \u00e0s necessidades e gostos das pessoas e dos mercados locais, colocando o cliente no centro das discuss\u00f5es e a\u00e7\u00f5es, para quem as transforma\u00e7\u00f5es corporativas n\u00e3o se referem mais sobre m\u00e1quinas e, sim, sobre pessoas.<\/p>\n\n\n\n<p>A Kia tem como objetivo criar produtos inovadores que inspirem as pessoas quando se movem e entregar uma excelente experi\u00eancia, demonstrando o compromisso com o recurso mais valioso de todos, o tempo.<\/p>\n","protected":false},"excerpt":{"rendered":"<p>O Brazil Classics Kia Show &#8211; Encontro Nacional de Carros Antigos &#8211; come\u00e7a nesta quinta (28) e promete aos amantes<\/p>\n","protected":false},"author":2,"featured_media":2036,"comment_status":"open","ping_status":"open","sticky":false,"template":"","format":"standard","meta":{"footnotes":""},"categories":[9,5],"tags":[],"class_list":["post-2034","post","type-post","status-publish","format-standard","has-post-thumbnail","hentry","category-araxa","category-arte-e-cultura"],"_links":{"self":[{"href":"http:\/\/blogdoarmindomaia.com.br\/index.php?rest_route=\/wp\/v2\/posts\/2034","targetHints":{"allow":["GET"]}}],"collection":[{"href":"http:\/\/blogdoarmindomaia.com.br\/index.php?rest_route=\/wp\/v2\/posts"}],"about":[{"href":"http:\/\/blogdoarmindomaia.com.br\/index.php?rest_route=\/wp\/v2\/types\/post"}],"author":[{"embeddable":true,"href":"http:\/\/blogdoarmindomaia.com.br\/index.php?rest_route=\/wp\/v2\/users\/2"}],"replies":[{"embeddable":true,"href":"http:\/\/blogdoarmindomaia.com.br\/index.php?rest_route=%2Fwp%2Fv2%2Fcomments&post=2034"}],"version-history":[{"count":1,"href":"http:\/\/blogdoarmindomaia.com.br\/index.php?rest_route=\/wp\/v2\/posts\/2034\/revisions"}],"predecessor-version":[{"id":2038,"href":"http:\/\/blogdoarmindomaia.com.br\/index.php?rest_route=\/wp\/v2\/posts\/2034\/revisions\/2038"}],"wp:featuredmedia":[{"embeddable":true,"href":"http:\/\/blogdoarmindomaia.com.br\/index.php?rest_route=\/wp\/v2\/media\/2036"}],"wp:attachment":[{"href":"http:\/\/blogdoarmindomaia.com.br\/index.php?rest_route=%2Fwp%2Fv2%2Fmedia&parent=2034"}],"wp:term":[{"taxonomy":"category","embeddable":true,"href":"http:\/\/blogdoarmindomaia.com.br\/index.php?rest_route=%2Fwp%2Fv2%2Fcategories&post=2034"},{"taxonomy":"post_tag","embeddable":true,"href":"http:\/\/blogdoarmindomaia.com.br\/index.php?rest_route=%2Fwp%2Fv2%2Ftags&post=2034"}],"curies":[{"name":"wp","href":"https:\/\/api.w.org\/{rel}","templated":true}]}}