{"id":2039,"date":"2022-07-27T17:10:22","date_gmt":"2022-07-27T20:10:22","guid":{"rendered":"http:\/\/blogdoarmindomaia.com.br\/?p=2039"},"modified":"2022-07-27T17:10:24","modified_gmt":"2022-07-27T20:10:24","slug":"silvio-alves-e-o-novo-presidente-do-araxa-esporte","status":"publish","type":"post","link":"http:\/\/blogdoarmindomaia.com.br\/?p=2039","title":{"rendered":"S\u00edlvio Alves \u00e9 o novo presidente do Arax\u00e1 Esporte"},"content":{"rendered":"\n<figure class=\"wp-block-image size-full\"><img loading=\"lazy\" decoding=\"async\" width=\"552\" height=\"397\" src=\"http:\/\/blogdoarmindomaia.com.br\/wp-content\/uploads\/2022\/07\/Silvio-Alves-e-o-novo-presidente-do-Araxa-Esporte-pag-11.jpg\" alt=\"\" class=\"wp-image-2040\" srcset=\"http:\/\/blogdoarmindomaia.com.br\/wp-content\/uploads\/2022\/07\/Silvio-Alves-e-o-novo-presidente-do-Araxa-Esporte-pag-11.jpg 552w, http:\/\/blogdoarmindomaia.com.br\/wp-content\/uploads\/2022\/07\/Silvio-Alves-e-o-novo-presidente-do-Araxa-Esporte-pag-11-300x216.jpg 300w\" sizes=\"auto, (max-width: 552px) 100vw, 552px\" \/><\/figure>\n\n\n\n<p>Em uma r\u00e1pida e simb\u00f3lica cerim\u00f4nia na manh\u00e3 de quarta-feira, dia 27 de julho na secretaria do Arax\u00e1 Esporte Clube, foi realizada a posse do novo presidente do Ganso, S\u00edlvio Alves. S\u00edlvio que respondia pela vice-presid\u00eancia do clube alvinegro, assume o lugar do atual presidente, que deixa o cargo temporariamente para se dedicar \u00e0 sua campanha eleitoral.<\/p>\n\n\n\n<p>Ap\u00f3s ser empossado, o novo presidente do Arax\u00e1 Esporte, S\u00edlvio Alves, disse que, \u201c n\u00f3s estamos prontos e preparados para encarrar esse novo desafio e desde j\u00e1 eu quero conclamar a torcida e a popula\u00e7\u00e3o de nossa cidade para nos ajudar a levar o nosso Ganso no lugar que ele merece que \u00e9 a Primeira Divis\u00e3o do Campeonato Mineiro.\u201d S\u00edlvio tamb\u00e9m falou a import\u00e2ncia de uma estreia com vit\u00f3ria do Arax\u00e1 Esporte no Campeonato Mineiro da Segunda Divis\u00e3o, no pr\u00f3ximo dia 06&nbsp; de agosto, as 15 horas, no Est\u00e1dio Fausto Alvim contra o time do Inter da cidade de S\u00e3o Gotardo. \u201c \u201cEstrear com o p\u00e9 direito na competi\u00e7\u00e3o nos dar\u00e1 incentivo para buscar os nossos objetivos dentro do campeonato.\u201d&nbsp;&nbsp;&nbsp; &nbsp;&nbsp;<\/p>\n","protected":false},"excerpt":{"rendered":"<p>Em uma r\u00e1pida e simb\u00f3lica cerim\u00f4nia na manh\u00e3 de quarta-feira, dia 27 de julho na secretaria do Arax\u00e1 Esporte Clube,<\/p>\n","protected":false},"author":2,"featured_media":2040,"comment_status":"open","ping_status":"open","sticky":false,"template":"","format":"standard","meta":{"footnotes":""},"categories":[9,11,15],"tags":[],"class_list":["post-2039","post","type-post","status-publish","format-standard","has-post-thumbnail","hentry","category-araxa","category-destaques","category-esportes"],"_links":{"self":[{"href":"http:\/\/blogdoarmindomaia.com.br\/index.php?rest_route=\/wp\/v2\/posts\/2039","targetHints":{"allow":["GET"]}}],"collection":[{"href":"http:\/\/blogdoarmindomaia.com.br\/index.php?rest_route=\/wp\/v2\/posts"}],"about":[{"href":"http:\/\/blogdoarmindomaia.com.br\/index.php?rest_route=\/wp\/v2\/types\/post"}],"author":[{"embeddable":true,"href":"http:\/\/blogdoarmindomaia.com.br\/index.php?rest_route=\/wp\/v2\/users\/2"}],"replies":[{"embeddable":true,"href":"http:\/\/blogdoarmindomaia.com.br\/index.php?rest_route=%2Fwp%2Fv2%2Fcomments&post=2039"}],"version-history":[{"count":1,"href":"http:\/\/blogdoarmindomaia.com.br\/index.php?rest_route=\/wp\/v2\/posts\/2039\/revisions"}],"predecessor-version":[{"id":2041,"href":"http:\/\/blogdoarmindomaia.com.br\/index.php?rest_route=\/wp\/v2\/posts\/2039\/revisions\/2041"}],"wp:featuredmedia":[{"embeddable":true,"href":"http:\/\/blogdoarmindomaia.com.br\/index.php?rest_route=\/wp\/v2\/media\/2040"}],"wp:attachment":[{"href":"http:\/\/blogdoarmindomaia.com.br\/index.php?rest_route=%2Fwp%2Fv2%2Fmedia&parent=2039"}],"wp:term":[{"taxonomy":"category","embeddable":true,"href":"http:\/\/blogdoarmindomaia.com.br\/index.php?rest_route=%2Fwp%2Fv2%2Fcategories&post=2039"},{"taxonomy":"post_tag","embeddable":true,"href":"http:\/\/blogdoarmindomaia.com.br\/index.php?rest_route=%2Fwp%2Fv2%2Ftags&post=2039"}],"curies":[{"name":"wp","href":"https:\/\/api.w.org\/{rel}","templated":true}]}}