{"id":2042,"date":"2022-07-28T14:08:09","date_gmt":"2022-07-28T17:08:09","guid":{"rendered":"http:\/\/blogdoarmindomaia.com.br\/?p=2042"},"modified":"2022-07-28T14:08:11","modified_gmt":"2022-07-28T17:08:11","slug":"araxa-vai-receber-no-fim-de-semana-uma-seletiva-da-taca-das-favelas","status":"publish","type":"post","link":"http:\/\/blogdoarmindomaia.com.br\/?p=2042","title":{"rendered":"Arax\u00e1 vai receber no fim de semana uma seletiva da Ta\u00e7a das Favelas"},"content":{"rendered":"\n<figure class=\"wp-block-image size-full\"><img loading=\"lazy\" decoding=\"async\" width=\"720\" height=\"716\" src=\"http:\/\/blogdoarmindomaia.com.br\/wp-content\/uploads\/2022\/07\/Araxa-vai-receber-no-fim-de-semana-uma-seletiva-da-Taca-das-Favelas-pag-04.jpg\" alt=\"\" class=\"wp-image-2043\" srcset=\"http:\/\/blogdoarmindomaia.com.br\/wp-content\/uploads\/2022\/07\/Araxa-vai-receber-no-fim-de-semana-uma-seletiva-da-Taca-das-Favelas-pag-04.jpg 720w, http:\/\/blogdoarmindomaia.com.br\/wp-content\/uploads\/2022\/07\/Araxa-vai-receber-no-fim-de-semana-uma-seletiva-da-Taca-das-Favelas-pag-04-300x298.jpg 300w, http:\/\/blogdoarmindomaia.com.br\/wp-content\/uploads\/2022\/07\/Araxa-vai-receber-no-fim-de-semana-uma-seletiva-da-Taca-das-Favelas-pag-04-150x150.jpg 150w\" sizes=\"auto, (max-width: 720px) 100vw, 720px\" \/><\/figure>\n\n\n\n<p>No pr\u00f3ximo domingo, dia 31 de julho, a cidade de Arax\u00e1 ir\u00e1 receber uma etapa do projeto esportivo e social de futebol denominado Ta\u00e7a das Favelas do Tri\u00e2ngulo Mineiro, que tamb\u00e9m envolve as cidades de Uberl\u00e2ndia, Araguari,\u00a0 Patos de Minas, Patroc\u00ednio, Monte Carmelo, Campina Verde e Iturama.\u00a0 S\u00e3o peneiradas para a forma\u00e7\u00e3o dos times que disputar\u00e3o a Ta\u00e7a das Favelas do Tri\u00e2ngulo Mineiro \u00a0As seletivas servir\u00e3o para definir os atletas que formar\u00e3o os times de cada comunidade. \u00a0Todos os atletas participantes precisar\u00e3o comprovar que est\u00e3o matriculados na rede p\u00fablica de ensino. A competi\u00e7\u00e3o masculina ser\u00e1 de 14 a 17 anos (cada time pode levar a jogo tr\u00eas atletas com 18 anos). O torneio feminino ser\u00e1 para maiores de 14 anos. A Ta\u00e7a das Favelas do Tri\u00e2ngulo Mineiro \u00e9 promovida pela Central \u00danica das Favelas (CUFA) de Araguari, com apoio da Prefeitura Municipal e Secretaria de Esportes de cada cidade. As etapas municipais est\u00e3o previstas para a primeira quinzena de agosto. A etapa regional, com os times classificados de cada cidade, ser\u00e1 disputada no Est\u00e1dio Vasconcelos Montes, em Araguari, nos dias 27 e 28 de agosto. Em Arax\u00e1 as seletivas v\u00e3o acontecer no \u00a0Setor Leste e no\u00a0 bairro Santa Maria. Outras informa\u00e7\u00f5es na Secretaria de Esportes de Arax\u00e1 no antigo ATC.<\/p>\n","protected":false},"excerpt":{"rendered":"<p>No pr\u00f3ximo domingo, dia 31 de julho, a cidade de Arax\u00e1 ir\u00e1 receber uma etapa do projeto esportivo e social<\/p>\n","protected":false},"author":2,"featured_media":2043,"comment_status":"open","ping_status":"open","sticky":false,"template":"","format":"standard","meta":{"footnotes":""},"categories":[9,15],"tags":[],"class_list":["post-2042","post","type-post","status-publish","format-standard","has-post-thumbnail","hentry","category-araxa","category-esportes"],"_links":{"self":[{"href":"http:\/\/blogdoarmindomaia.com.br\/index.php?rest_route=\/wp\/v2\/posts\/2042","targetHints":{"allow":["GET"]}}],"collection":[{"href":"http:\/\/blogdoarmindomaia.com.br\/index.php?rest_route=\/wp\/v2\/posts"}],"about":[{"href":"http:\/\/blogdoarmindomaia.com.br\/index.php?rest_route=\/wp\/v2\/types\/post"}],"author":[{"embeddable":true,"href":"http:\/\/blogdoarmindomaia.com.br\/index.php?rest_route=\/wp\/v2\/users\/2"}],"replies":[{"embeddable":true,"href":"http:\/\/blogdoarmindomaia.com.br\/index.php?rest_route=%2Fwp%2Fv2%2Fcomments&post=2042"}],"version-history":[{"count":1,"href":"http:\/\/blogdoarmindomaia.com.br\/index.php?rest_route=\/wp\/v2\/posts\/2042\/revisions"}],"predecessor-version":[{"id":2044,"href":"http:\/\/blogdoarmindomaia.com.br\/index.php?rest_route=\/wp\/v2\/posts\/2042\/revisions\/2044"}],"wp:featuredmedia":[{"embeddable":true,"href":"http:\/\/blogdoarmindomaia.com.br\/index.php?rest_route=\/wp\/v2\/media\/2043"}],"wp:attachment":[{"href":"http:\/\/blogdoarmindomaia.com.br\/index.php?rest_route=%2Fwp%2Fv2%2Fmedia&parent=2042"}],"wp:term":[{"taxonomy":"category","embeddable":true,"href":"http:\/\/blogdoarmindomaia.com.br\/index.php?rest_route=%2Fwp%2Fv2%2Fcategories&post=2042"},{"taxonomy":"post_tag","embeddable":true,"href":"http:\/\/blogdoarmindomaia.com.br\/index.php?rest_route=%2Fwp%2Fv2%2Ftags&post=2042"}],"curies":[{"name":"wp","href":"https:\/\/api.w.org\/{rel}","templated":true}]}}