{"id":2051,"date":"2022-07-29T15:13:19","date_gmt":"2022-07-29T18:13:19","guid":{"rendered":"http:\/\/blogdoarmindomaia.com.br\/?p=2051"},"modified":"2022-07-29T15:13:21","modified_gmt":"2022-07-29T18:13:21","slug":"vacinacao-antirrabica-em-araxa-comeca-em-agosto","status":"publish","type":"post","link":"http:\/\/blogdoarmindomaia.com.br\/?p=2051","title":{"rendered":"Vacina\u00e7\u00e3o antirr\u00e1bica em Arax\u00e1 come\u00e7a em agosto"},"content":{"rendered":"\n<figure class=\"wp-block-image size-large\"><img loading=\"lazy\" decoding=\"async\" width=\"1024\" height=\"687\" src=\"http:\/\/blogdoarmindomaia.com.br\/wp-content\/uploads\/2022\/07\/Vacinacao-antirrabica-em-Araxa-comeca-em-agosto-pag-03-1024x687.jpg\" alt=\"\" class=\"wp-image-2052\" srcset=\"http:\/\/blogdoarmindomaia.com.br\/wp-content\/uploads\/2022\/07\/Vacinacao-antirrabica-em-Araxa-comeca-em-agosto-pag-03-1024x687.jpg 1024w, http:\/\/blogdoarmindomaia.com.br\/wp-content\/uploads\/2022\/07\/Vacinacao-antirrabica-em-Araxa-comeca-em-agosto-pag-03-300x201.jpg 300w, http:\/\/blogdoarmindomaia.com.br\/wp-content\/uploads\/2022\/07\/Vacinacao-antirrabica-em-Araxa-comeca-em-agosto-pag-03-768x515.jpg 768w, http:\/\/blogdoarmindomaia.com.br\/wp-content\/uploads\/2022\/07\/Vacinacao-antirrabica-em-Araxa-comeca-em-agosto-pag-03.jpg 1240w\" sizes=\"auto, (max-width: 1024px) 100vw, 1024px\" \/><\/figure>\n\n\n\n<p>A Secretaria Municipal de Arax\u00e1, por meio da Vigil\u00e2ncia Ambiental, ir\u00e1 realizar a partir do m\u00eas de agosto, mais uma Campanha de Vacina\u00e7\u00e3o Antirr\u00e1bica Animal em todo o munic\u00edpio de Arax\u00e1. De acordo com a Coordenadora da Vigil\u00e2ncia Ambiental de Arax\u00e1, Leninha Severo, \u201c a imuniza\u00e7\u00e3o em c\u00e3es e gatos ir\u00e1 come\u00e7ar este ano pela zona rural e vai ser desenvolvida entre os dias 16 e 31 de agosto. Na comunidade rural de Itaipu, a vacina ser\u00e1 intensificada no dia 20 de agosto. A nossa meta na zona rural \u00e9 imunizar em torno de 3 mil animais entre c\u00e3es e gatos\u201d. Leninha tamb\u00e9m conta que, \u201ca vacina\u00e7\u00e3o de c\u00e3es e gatos na zona urbana de Arax\u00e1, ser\u00e1 realizada em v\u00e1rios setores da cidade, em 10 pontos j\u00e1 pr\u00e9-definidos, entre os dias 12 e 17 de setembro\u201d.<\/p>\n\n\n\n<p>Cerca de 40 agentes de sa\u00fade, preparados e treinados para a campanha, v\u00e3o atuar na imuniza\u00e7\u00e3o. A expectativa de vacina\u00e7\u00e3o na cidade \u00e9 de mais de 14 mil c\u00e3es e mais de 2 mil gatos. Ainda de acordo com a coordenadora da Vigil\u00e2ncia em Sa\u00fade, Leninha Severo, \u201c \u00e9 muito importante que os respons\u00e1veis pelas propriedades rurais facilitem o acesso das equipes de zoonoses. A vacina antirr\u00e1bica ainda \u00e9 a \u00fanica forma de prevenir a raiva animal e de manter os pets saud\u00e1veis. A doen\u00e7a tamb\u00e9m pode afetar as pessoas, e por isso \u00e9 importante essa colabora\u00e7\u00e3o das pessoas em ajudar na vacina\u00e7\u00e3o do seu c\u00e3o ou gato\u201d, afirma.<\/p>\n\n\n\n<p>A raiva \u00e9 uma doen\u00e7a que mata, tanto o animal quanto o ser humano, e n\u00e3o tem cura. A melhor maneira de prevenir \u00e9 a vacina. A doen\u00e7a \u00e9 transmitida principalmente por mordidas, al\u00e9m de arranh\u00f5es, unhadas ou lambidas de animais doentes. A vacina\u00e7\u00e3o do c\u00e3o e gato ocorre anualmente e \u00e9 de suma import\u00e2ncia para que o animal n\u00e3o contraia a doen\u00e7a.<\/p>\n","protected":false},"excerpt":{"rendered":"<p>A Secretaria Municipal de Arax\u00e1, por meio da Vigil\u00e2ncia Ambiental, ir\u00e1 realizar a partir do m\u00eas de agosto, mais uma<\/p>\n","protected":false},"author":2,"featured_media":2052,"comment_status":"open","ping_status":"open","sticky":false,"template":"","format":"standard","meta":{"footnotes":""},"categories":[9,29],"tags":[],"class_list":["post-2051","post","type-post","status-publish","format-standard","has-post-thumbnail","hentry","category-araxa","category-saude"],"_links":{"self":[{"href":"http:\/\/blogdoarmindomaia.com.br\/index.php?rest_route=\/wp\/v2\/posts\/2051","targetHints":{"allow":["GET"]}}],"collection":[{"href":"http:\/\/blogdoarmindomaia.com.br\/index.php?rest_route=\/wp\/v2\/posts"}],"about":[{"href":"http:\/\/blogdoarmindomaia.com.br\/index.php?rest_route=\/wp\/v2\/types\/post"}],"author":[{"embeddable":true,"href":"http:\/\/blogdoarmindomaia.com.br\/index.php?rest_route=\/wp\/v2\/users\/2"}],"replies":[{"embeddable":true,"href":"http:\/\/blogdoarmindomaia.com.br\/index.php?rest_route=%2Fwp%2Fv2%2Fcomments&post=2051"}],"version-history":[{"count":1,"href":"http:\/\/blogdoarmindomaia.com.br\/index.php?rest_route=\/wp\/v2\/posts\/2051\/revisions"}],"predecessor-version":[{"id":2053,"href":"http:\/\/blogdoarmindomaia.com.br\/index.php?rest_route=\/wp\/v2\/posts\/2051\/revisions\/2053"}],"wp:featuredmedia":[{"embeddable":true,"href":"http:\/\/blogdoarmindomaia.com.br\/index.php?rest_route=\/wp\/v2\/media\/2052"}],"wp:attachment":[{"href":"http:\/\/blogdoarmindomaia.com.br\/index.php?rest_route=%2Fwp%2Fv2%2Fmedia&parent=2051"}],"wp:term":[{"taxonomy":"category","embeddable":true,"href":"http:\/\/blogdoarmindomaia.com.br\/index.php?rest_route=%2Fwp%2Fv2%2Fcategories&post=2051"},{"taxonomy":"post_tag","embeddable":true,"href":"http:\/\/blogdoarmindomaia.com.br\/index.php?rest_route=%2Fwp%2Fv2%2Ftags&post=2051"}],"curies":[{"name":"wp","href":"https:\/\/api.w.org\/{rel}","templated":true}]}}