{"id":2057,"date":"2022-07-29T15:23:13","date_gmt":"2022-07-29T18:23:13","guid":{"rendered":"http:\/\/blogdoarmindomaia.com.br\/?p=2057"},"modified":"2022-07-29T15:23:15","modified_gmt":"2022-07-29T18:23:15","slug":"brazil-classics-kia-show-promove-palestras-com-especialistas-em-patrimonio-cultural-2","status":"publish","type":"post","link":"http:\/\/blogdoarmindomaia.com.br\/?p=2057","title":{"rendered":"Brazil Classics Kia Show promove palestras com especialistas em patrim\u00f4nio cultural"},"content":{"rendered":"\n<figure class=\"wp-block-image size-large\"><img loading=\"lazy\" decoding=\"async\" width=\"1024\" height=\"768\" src=\"http:\/\/blogdoarmindomaia.com.br\/wp-content\/uploads\/2022\/07\/09ed6d26-0f4a-4c95-898a-636a387f74e8-1024x768.jpg\" alt=\"\" class=\"wp-image-2058\" srcset=\"http:\/\/blogdoarmindomaia.com.br\/wp-content\/uploads\/2022\/07\/09ed6d26-0f4a-4c95-898a-636a387f74e8-1024x768.jpg 1024w, http:\/\/blogdoarmindomaia.com.br\/wp-content\/uploads\/2022\/07\/09ed6d26-0f4a-4c95-898a-636a387f74e8-300x225.jpg 300w, http:\/\/blogdoarmindomaia.com.br\/wp-content\/uploads\/2022\/07\/09ed6d26-0f4a-4c95-898a-636a387f74e8-768x576.jpg 768w, http:\/\/blogdoarmindomaia.com.br\/wp-content\/uploads\/2022\/07\/09ed6d26-0f4a-4c95-898a-636a387f74e8-1536x1152.jpg 1536w, http:\/\/blogdoarmindomaia.com.br\/wp-content\/uploads\/2022\/07\/09ed6d26-0f4a-4c95-898a-636a387f74e8.jpg 1600w\" sizes=\"auto, (max-width: 1024px) 100vw, 1024px\" \/><\/figure>\n\n\n\n<p><em>Jornalista e historiadora participam de a\u00e7\u00e3o que contempla alunos de tr\u00eas escolas de Arax\u00e1 (MG)<\/em><\/p>\n\n\n\n<p>O <strong>Brazil Classics Kia Show<\/strong>, um dos mais relevantes encontros do antigomobilismo na Am\u00e9rica Latina, j\u00e1 come\u00e7ou. \u00c9 que enquanto o p\u00e1tio do Grande Hotel do Barreiro, em Arax\u00e1 (MG), \u00e9 preparado para o evento, tr\u00eas escolas estaduais da cidade recebem a visita de especialistas em patrim\u00f4nio para uma conversa sobre cultura, hist\u00f3ria e carros antigos. \u201c\u00c9 uma forma de aproxima\u00e7\u00e3o dos alunos em rela\u00e7\u00e3o ao evento. A palestra aborda a mem\u00f3ria local, o patrim\u00f4nio material e imaterial de Arax\u00e1 e sua rela\u00e7\u00e3o com os autom\u00f3veis antigos\u201d, ressalta o jornalista e escritor Luiz Humberto Fran\u00e7a.<\/p>\n\n\n\n<p>Al\u00e9m de Luiz Humberto, a historiadora, pesquisadora, escritora e professora aposentada do Departamento de Hist\u00f3ria da Universidade Federal do Tri\u00e2ngulo Mineiro, Glaura Teixeira, tamb\u00e9m participa do momento. &#8220;Em Arax\u00e1 o autom\u00f3vel chegou antes do trem de ferro, diferente do usual, inclusive na nossa regi\u00e3o. Motivos diversos contribu\u00edram para isso. Um deles, a condi\u00e7\u00e3o de est\u00e2ncia hidromineral. Como a estrada de ferro e o transporte de trem demoraram muito para serem instalados, foi preciso viabilizar estradas de autom\u00f3vel para os visitantes chegarem at\u00e9 aqui. Hoje, Arax\u00e1 tem um expressivo n\u00famero de carros. \u00c9 um lugar apropriado historicamente para sediar o Encontro Nacional de Carros Antigos&#8221;, explica.<\/p>\n\n\n\n<p>A a\u00e7\u00e3o nas escolas tem como foco alunos do oitavo e nono anos. Al\u00e9m da escola Estadual Maria de Magalh\u00e3es, visitada nesta segunda (25), tamb\u00e9m receber\u00e3o a palestra a Escola Estadual Professor Luiz Ant\u00f4nio Corr\u00eaa Oliveira (Polivalente) e a Escola Estadual Padre Anacleto Giraldi. \u201c\u00c9 uma aula diferente, que chama a aten\u00e7\u00e3o dos alunos. Importante essa oportunidade que eles t\u00eam de aprofundar os conhecimentos sobre a hist\u00f3ria local e os eventos realizados na cidade&#8221;, elogia La\u00e9rcio Ant\u00f4nio de Paula, diretor da Escola Estadual Maria de Magalh\u00e3es.<\/p>\n\n\n\n<p>A iniciativa abre as atividades culturais do <strong>Brazil Classics Kia Show<\/strong> e \u00e9 patrocinada com recursos da Lei Federal de Incentivo \u00e0 Cultura. \u201c\u00c9 important\u00edssimo termos esse envolvimento das escolas, que os alunos entendam que os carros antigos contam muito da nossa hist\u00f3ria e da nossa cultura. No mundo todo o autom\u00f3vel antigo \u00e9 visto como um bem cultural. No Brasil tamb\u00e9m j\u00e1 estamos tendo essa vis\u00e3o das pr\u00f3prias autoridades, inclusive quando criaram a placa preta, a isen\u00e7\u00e3o de impostos, ou seja, \u00e9 um bem que se quer preservar porque o carro antigo faz parte da hist\u00f3ria de vida de muitas pessoas e tamb\u00e9m conta a hist\u00f3ria do pa\u00eds\u201d, ressalta o presidente do Veteran Car &#8211; MG, Oswaldo Borges da Costa Filho.<\/p>\n\n\n\n<p><strong>Programa\u00e7\u00e3o cultural<\/strong><\/p>\n\n\n\n<p>Esta ser\u00e1 a segunda vez que o Encontro Nacional de Carros Antigos em Arax\u00e1 ter\u00e1 uma programa\u00e7\u00e3o cultural realizada por meio da Lei Federal de Incentivo \u00e0 Cultura. Al\u00e9m das visitas de especialistas em patrim\u00f4nio cultural \u00e0s escolas, durante o <strong>Brazil Classics Kia Show<\/strong> haver\u00e1 uma exposi\u00e7\u00e3o fotogr\u00e1fica, interven\u00e7\u00f5es c\u00eanicas, mostra de dan\u00e7a e pe\u00e7as teatrais. A m\u00fasica, l\u00f3gico, tamb\u00e9m n\u00e3o poderia ficar de fora. Haver\u00e1 uma programa\u00e7\u00e3o diversificada, com muitos estilos e o melhor da m\u00fasica instrumental local e nacional.<\/p>\n\n\n\n<p><strong>Brazil Classics Kia Show 2022<\/strong><\/p>\n\n\n\n<p>O Encontro Nacional de Carros Antigos em Arax\u00e1 &#8211; <strong>Brazil Classics Kia Show 2022<\/strong> \u2013 \u00e9 uma realiza\u00e7\u00e3o do Veteran Car \u2013 MG, com o patroc\u00ednio m\u00e1ster da Kia. Neste ano, o evento volta a encher de charme a cidade mineira de Arax\u00e1, de 28 a 31 de julho. Duzentas e cinquenta raridades ser\u00e3o expostas nesta edi\u00e7\u00e3o, que vai destacar convers\u00edveis que fizeram hist\u00f3ria e est\u00e3o no imagin\u00e1rio dos amantes do mundo dos carros antigos.Ser\u00e3o quatro dias com extensa programa\u00e7\u00e3o que inclui ainda o leil\u00e3o de autom\u00f3veis, um desfile de carros antigos com premia\u00e7\u00e3o por categorias, uma feira de pe\u00e7as e atividades culturais.<\/p>\n\n\n\n<p><strong>Programa\u00e7\u00e3o<\/strong><\/p>\n\n\n\n<p><em>Sexta-feira (29\/07)<\/em><\/p>\n\n\n\n<p>15h &#8211; Assembleia da FBVA \u2013 Cine Tiradentes do Tau\u00e1 Grande Hotel.<\/p>\n\n\n\n<p>18h &#8211; Leil\u00e3o de autom\u00f3veis antigos.<\/p>\n\n\n\n<p><em>S\u00e1bado (30\/07)<\/em><\/p>\n\n\n\n<p>10h \u2013 Passeio \/ desfile pela cidade de Arax\u00e1.<\/p>\n\n\n\n<p>19h &#8211; Premia\u00e7\u00e3o.<\/p>\n\n\n\n<p><em>Domingo (31\/07)<\/em><\/p>\n\n\n\n<p>07h &#8211; In\u00edcio da retirada dos ve\u00edculos.<\/p>\n","protected":false},"excerpt":{"rendered":"<p>Jornalista e historiadora participam de a\u00e7\u00e3o que contempla alunos de tr\u00eas escolas de Arax\u00e1 (MG) O Brazil Classics Kia Show,<\/p>\n","protected":false},"author":2,"featured_media":2058,"comment_status":"open","ping_status":"open","sticky":false,"template":"","format":"standard","meta":{"footnotes":""},"categories":[9,5],"tags":[],"class_list":["post-2057","post","type-post","status-publish","format-standard","has-post-thumbnail","hentry","category-araxa","category-arte-e-cultura"],"_links":{"self":[{"href":"http:\/\/blogdoarmindomaia.com.br\/index.php?rest_route=\/wp\/v2\/posts\/2057","targetHints":{"allow":["GET"]}}],"collection":[{"href":"http:\/\/blogdoarmindomaia.com.br\/index.php?rest_route=\/wp\/v2\/posts"}],"about":[{"href":"http:\/\/blogdoarmindomaia.com.br\/index.php?rest_route=\/wp\/v2\/types\/post"}],"author":[{"embeddable":true,"href":"http:\/\/blogdoarmindomaia.com.br\/index.php?rest_route=\/wp\/v2\/users\/2"}],"replies":[{"embeddable":true,"href":"http:\/\/blogdoarmindomaia.com.br\/index.php?rest_route=%2Fwp%2Fv2%2Fcomments&post=2057"}],"version-history":[{"count":1,"href":"http:\/\/blogdoarmindomaia.com.br\/index.php?rest_route=\/wp\/v2\/posts\/2057\/revisions"}],"predecessor-version":[{"id":2059,"href":"http:\/\/blogdoarmindomaia.com.br\/index.php?rest_route=\/wp\/v2\/posts\/2057\/revisions\/2059"}],"wp:featuredmedia":[{"embeddable":true,"href":"http:\/\/blogdoarmindomaia.com.br\/index.php?rest_route=\/wp\/v2\/media\/2058"}],"wp:attachment":[{"href":"http:\/\/blogdoarmindomaia.com.br\/index.php?rest_route=%2Fwp%2Fv2%2Fmedia&parent=2057"}],"wp:term":[{"taxonomy":"category","embeddable":true,"href":"http:\/\/blogdoarmindomaia.com.br\/index.php?rest_route=%2Fwp%2Fv2%2Fcategories&post=2057"},{"taxonomy":"post_tag","embeddable":true,"href":"http:\/\/blogdoarmindomaia.com.br\/index.php?rest_route=%2Fwp%2Fv2%2Ftags&post=2057"}],"curies":[{"name":"wp","href":"https:\/\/api.w.org\/{rel}","templated":true}]}}