{"id":206,"date":"2022-04-11T21:36:33","date_gmt":"2022-04-12T00:36:33","guid":{"rendered":"http:\/\/blogdoarmindomaia.com.br\/?p=206"},"modified":"2022-04-11T21:36:36","modified_gmt":"2022-04-12T00:36:36","slug":"reforma-do-aeroporto-municipal-e-o-primeiro-passo-para-o-retorno-de-voos-comerciais-em-araxa","status":"publish","type":"post","link":"http:\/\/blogdoarmindomaia.com.br\/?p=206","title":{"rendered":"Reforma do Aeroporto Municipal \u00e9 o primeiro passo para o retorno de voos comerciais em Arax\u00e1"},"content":{"rendered":"\n<figure class=\"wp-block-image size-full is-style-default\"><img loading=\"lazy\" decoding=\"async\" width=\"1024\" height=\"683\" src=\"http:\/\/blogdoarmindomaia.com.br\/wp-content\/uploads\/2022\/04\/aeroporto-01-2.jpeg\" alt=\"\" class=\"wp-image-208\" srcset=\"http:\/\/blogdoarmindomaia.com.br\/wp-content\/uploads\/2022\/04\/aeroporto-01-2.jpeg 1024w, http:\/\/blogdoarmindomaia.com.br\/wp-content\/uploads\/2022\/04\/aeroporto-01-2-300x200.jpeg 300w, http:\/\/blogdoarmindomaia.com.br\/wp-content\/uploads\/2022\/04\/aeroporto-01-2-768x512.jpeg 768w\" sizes=\"auto, (max-width: 1024px) 100vw, 1024px\" \/><\/figure>\n\n\n\n<figure class=\"wp-block-image size-full is-style-default\"><img loading=\"lazy\" decoding=\"async\" width=\"1024\" height=\"683\" src=\"http:\/\/blogdoarmindomaia.com.br\/wp-content\/uploads\/2022\/04\/aeroporto-01-3.jpeg\" alt=\"\" class=\"wp-image-207\" srcset=\"http:\/\/blogdoarmindomaia.com.br\/wp-content\/uploads\/2022\/04\/aeroporto-01-3.jpeg 1024w, http:\/\/blogdoarmindomaia.com.br\/wp-content\/uploads\/2022\/04\/aeroporto-01-3-300x200.jpeg 300w, http:\/\/blogdoarmindomaia.com.br\/wp-content\/uploads\/2022\/04\/aeroporto-01-3-768x512.jpeg 768w\" sizes=\"auto, (max-width: 1024px) 100vw, 1024px\" \/><\/figure>\n\n\n\n<p>A Prefeitura de Arax\u00e1 est\u00e1 realizando melhorias estruturais no Aeroporto Municipal. De acordo com o prefeito Robson Magela, a reforma faz parte da prepara\u00e7\u00e3o do terminal para voltar a receber voos comerciais, suspensos desde mar\u00e7o de 2020 devido \u00e0 queda na demanda gerada pela pandemia.<\/p>\n\n\n\n<p>\u201cSabemos da import\u00e2ncia do aeroporto para fomentar n\u00e3o s\u00f3 o turismo como tamb\u00e9m os neg\u00f3cios na cidade. E este \u00e9 apenas o primeiro passo para que a gente possa retornar \u00e0 opera\u00e7\u00e3o de voo comerciais\u201d, diz o prefeito.<\/p>\n\n\n\n<p>O administrador do terminal, Fabiano Cota, explica que Arax\u00e1 iniciou a opera\u00e7\u00e3o de voos comerciais em 2002, mas teve que interromper em 2020 devido \u00e0 baixa demanda ocasionada pela pandemia, o que foi observado em v\u00e1rias outras cidades. At\u00e9 2020, a cidade operava dois voos por semana, na linha Arax\u00e1 \/ Uberaba \/ Belo Horizonte (Confins).<\/p>\n\n\n\n<p>\u201cA condi\u00e7\u00e3o estrutural que a atual gest\u00e3o recebeu o aeroporto tamb\u00e9m era outro obst\u00e1culo. Mas, agora, com esta reforma completa, teremos condi\u00e7\u00e3o de seguir com as tratativas para retornar \u00e0 opera\u00e7\u00e3o comercial no terminal\u201d, explica Fabiano.<\/p>\n\n\n\n<p>A reforma inclui readequa\u00e7\u00f5es de ambientes, substitui\u00e7\u00e3o de revestimentos, reforma de sanit\u00e1rios, pintura geral e troca do telhado. O espa\u00e7o para embarque e desembarque, que est\u00e1 interditado desde 2020 por conta de uma forte chuva que danificou o telhado, tamb\u00e9m ser\u00e1 revitalizado. O investimento total \u00e9 de R$ 670.000,00 e, segundo o contrato, a previs\u00e3o \u00e9 que todas as melhorias sejam entregues em setembro.<\/p>\n\n\n\n<p>Atualmente, o aeroporto realiza a opera\u00e7\u00e3o de avi\u00f5es executivos, t\u00e1xi a\u00e9reo, aeronaves militares e UTIs a\u00e9reas. Em 2021, o Aeroporto Municipal recebeu da Ag\u00eancia Nacional de Avia\u00e7\u00e3o Civil (Anac) a certifica\u00e7\u00e3o AVSEC, de seguran\u00e7a aeroportu\u00e1ria. A certifica\u00e7\u00e3o significa que o aeroporto atende aos padr\u00f5es internacionais de seguran\u00e7a e mant\u00e9m o aeroporto na rota de voos comerciais de aeronaves com mais de 60 assentos.<\/p>\n\n\n\n<p>O secret\u00e1rio municipal de Seguran\u00e7a P\u00fablica, Daniel Rosa, explica que a pasta j\u00e1 est\u00e1 em tratativas com a companhia Azul Linhas A\u00e9reas Brasileiras para o retorno dos voos comerciais. \u201cAos poucos, com a redu\u00e7\u00e3o de casos de Covid-19 em todo o pa\u00eds, a gente come\u00e7a a entrar em um cen\u00e1rio de p\u00f3s-pandemia e com perspectiva para o aumento da demanda por transporte. De olho neste cen\u00e1rio, enquanto preparamos o aeroporto, seguimos com negocia\u00e7\u00f5es junto \u00e0s empresas a\u00e9reas para operar na cidade os voos comerciais\u201d, enfatiza.<\/p>\n","protected":false},"excerpt":{"rendered":"<p>A Prefeitura de Arax\u00e1 est\u00e1 realizando melhorias estruturais no Aeroporto Municipal. De acordo com o prefeito Robson Magela, a reforma<\/p>\n","protected":false},"author":2,"featured_media":207,"comment_status":"open","ping_status":"open","sticky":false,"template":"","format":"standard","meta":{"footnotes":""},"categories":[9,11],"tags":[],"class_list":["post-206","post","type-post","status-publish","format-standard","has-post-thumbnail","hentry","category-araxa","category-destaques"],"_links":{"self":[{"href":"http:\/\/blogdoarmindomaia.com.br\/index.php?rest_route=\/wp\/v2\/posts\/206","targetHints":{"allow":["GET"]}}],"collection":[{"href":"http:\/\/blogdoarmindomaia.com.br\/index.php?rest_route=\/wp\/v2\/posts"}],"about":[{"href":"http:\/\/blogdoarmindomaia.com.br\/index.php?rest_route=\/wp\/v2\/types\/post"}],"author":[{"embeddable":true,"href":"http:\/\/blogdoarmindomaia.com.br\/index.php?rest_route=\/wp\/v2\/users\/2"}],"replies":[{"embeddable":true,"href":"http:\/\/blogdoarmindomaia.com.br\/index.php?rest_route=%2Fwp%2Fv2%2Fcomments&post=206"}],"version-history":[{"count":1,"href":"http:\/\/blogdoarmindomaia.com.br\/index.php?rest_route=\/wp\/v2\/posts\/206\/revisions"}],"predecessor-version":[{"id":209,"href":"http:\/\/blogdoarmindomaia.com.br\/index.php?rest_route=\/wp\/v2\/posts\/206\/revisions\/209"}],"wp:featuredmedia":[{"embeddable":true,"href":"http:\/\/blogdoarmindomaia.com.br\/index.php?rest_route=\/wp\/v2\/media\/207"}],"wp:attachment":[{"href":"http:\/\/blogdoarmindomaia.com.br\/index.php?rest_route=%2Fwp%2Fv2%2Fmedia&parent=206"}],"wp:term":[{"taxonomy":"category","embeddable":true,"href":"http:\/\/blogdoarmindomaia.com.br\/index.php?rest_route=%2Fwp%2Fv2%2Fcategories&post=206"},{"taxonomy":"post_tag","embeddable":true,"href":"http:\/\/blogdoarmindomaia.com.br\/index.php?rest_route=%2Fwp%2Fv2%2Ftags&post=206"}],"curies":[{"name":"wp","href":"https:\/\/api.w.org\/{rel}","templated":true}]}}