{"id":2060,"date":"2022-07-29T15:30:22","date_gmt":"2022-07-29T18:30:22","guid":{"rendered":"http:\/\/blogdoarmindomaia.com.br\/?p=2060"},"modified":"2022-07-29T15:30:24","modified_gmt":"2022-07-29T18:30:24","slug":"dinamo-empossa-novos-integrantes-da-diretoria-administrativa","status":"publish","type":"post","link":"http:\/\/blogdoarmindomaia.com.br\/?p=2060","title":{"rendered":"<strong>D\u00ednamo empossa novos integrantes da diretoria administrativa<\/strong>"},"content":{"rendered":"\n<figure class=\"wp-block-image size-large\"><img loading=\"lazy\" decoding=\"async\" width=\"1024\" height=\"682\" src=\"http:\/\/blogdoarmindomaia.com.br\/wp-content\/uploads\/2022\/07\/Dinamo-empossa-novos-integrantes-da-diretoria-administrativa-esportes-1024x682.jpeg\" alt=\"\" class=\"wp-image-2062\" srcset=\"http:\/\/blogdoarmindomaia.com.br\/wp-content\/uploads\/2022\/07\/Dinamo-empossa-novos-integrantes-da-diretoria-administrativa-esportes-1024x682.jpeg 1024w, http:\/\/blogdoarmindomaia.com.br\/wp-content\/uploads\/2022\/07\/Dinamo-empossa-novos-integrantes-da-diretoria-administrativa-esportes-300x200.jpeg 300w, http:\/\/blogdoarmindomaia.com.br\/wp-content\/uploads\/2022\/07\/Dinamo-empossa-novos-integrantes-da-diretoria-administrativa-esportes-768x512.jpeg 768w, http:\/\/blogdoarmindomaia.com.br\/wp-content\/uploads\/2022\/07\/Dinamo-empossa-novos-integrantes-da-diretoria-administrativa-esportes.jpeg 1280w\" sizes=\"auto, (max-width: 1024px) 100vw, 1024px\" \/><\/figure>\n\n\n\n<figure class=\"wp-block-image size-large\"><img loading=\"lazy\" decoding=\"async\" width=\"1024\" height=\"682\" src=\"http:\/\/blogdoarmindomaia.com.br\/wp-content\/uploads\/2022\/07\/f-posse-diretoria-dinamo-1024x682.jpeg\" alt=\"\" class=\"wp-image-2061\" srcset=\"http:\/\/blogdoarmindomaia.com.br\/wp-content\/uploads\/2022\/07\/f-posse-diretoria-dinamo-1024x682.jpeg 1024w, http:\/\/blogdoarmindomaia.com.br\/wp-content\/uploads\/2022\/07\/f-posse-diretoria-dinamo-300x200.jpeg 300w, http:\/\/blogdoarmindomaia.com.br\/wp-content\/uploads\/2022\/07\/f-posse-diretoria-dinamo-768x512.jpeg 768w, http:\/\/blogdoarmindomaia.com.br\/wp-content\/uploads\/2022\/07\/f-posse-diretoria-dinamo.jpeg 1280w\" sizes=\"auto, (max-width: 1024px) 100vw, 1024px\" \/><\/figure>\n\n\n\n<p><em>Al\u00e9m do novo diretor de futebol, membros do Conselho Deliberativo e do Conselho Fiscal tomaram posse.<\/em><\/p>\n\n\n\n<p><br>A Associa\u00e7\u00e3o Esportiva D\u00ednamo Esporte Clube empossou novos integrantes da diretoria administrativa no final da semana passada, 21 de julho. Os cargos que passam a ser ocupados por novos titulares s\u00e3o o Diretor de Futebol e os membros dos Conselhos Deliberativo e Fiscal. A posse foi realizada no Centro de Treinamento Octaviano Para\u00edso (Para\u00eds\u00e3o) sob o comando do presidente Ayres Donizete de Paulo, conhecido como Nen\u00e9m, e acompanhada pelos funcion\u00e1rios do clube.<br><br>Para ser membro do Conselho Deliberativo foi empossado Cristiano Anselmo Ananias, o Cristiano Jaquinha, de 40 anos. Herdou a paix\u00e3o do futebol do pai Pedrinho Jacar\u00e9. Ele fala da expectativa dos trabalhos. \u201cRecebi o convite do presidente para participar da agremia\u00e7\u00e3o e hoje n\u00f3s estamos sendo empossados contribuindo com a caminhada do D\u00ednamo. Sou envolvido no futebol desde que eu nasci. \u00c9 uma honra estar aqui\u201d, comenta.<br><br>Quem tamb\u00e9m tomou posse como membro do Conselho Fiscal foi o l\u00edder de manuten\u00e7\u00e3o \u00c9dson J\u00fanior Dias Azevedo, 36 anos. Sempre apaixonado pelo futebol, ele fala em somar com o clube. \u201cTrazer as pessoas para elas terem o D\u00ednamo como principal time da cidade e da regi\u00e3o, o mais querido. Nunca trabalhei dentro de uma equipe no futebol, s\u00f3 nos bastidores mesmo. Vamos montar estrat\u00e9gia para contribuir com o trabalho j\u00e1 desenvolvido\u201d, explica.<br><br>Tamb\u00e9m o cargo de diretor de futebol tem um novo titular. Giovany Guimar\u00e3es \u00e9 um empres\u00e1rio do ramo de combust\u00edveis, est\u00e1 com 52 anos, j\u00e1 foi jogador de futebol profissional, pelo Arax\u00e1 Esporte e teve passagens por equipes do futebol amador como Vila Nova e Santa Terezinha. \u201cSempre fui envolvido no futebol e acompanho o meu filho no esporte. Agora veio o convite oficial, fiquei muito feliz e espero contribuir com o D\u00ednamo e tentar implantar ideias novas, al\u00e9m de aumentar as parcerias para tentar agregar e assim fazer o clube muito mais forte\u201d.<br><br>O Presidente Ayres Donizete de Paulo deu as boas-vindas para os novos integrantes da diretoria administrativa e referendou a import\u00e2ncia de o D\u00ednamo ter pessoas que gostam de futebol na caminhada. \u201cO pessoal vem para somar. Foram tr\u00eas dirigentes escolhidos a dedo. Pessoas que conhecem e v\u00e3o ajudar no nosso trabalho. A posse de cada um deles foi por m\u00e9rito e sabedoria. Que o D\u00ednamo cres\u00e7a e seja grande a cada dia. Estou muito satisfeito pelas escolhas e tamb\u00e9m pelo aceite de todos\u201d, destaca o presidente do D\u00ednamo.<br><\/p>\n","protected":false},"excerpt":{"rendered":"<p>Al\u00e9m do novo diretor de futebol, membros do Conselho Deliberativo e do Conselho Fiscal tomaram posse. A Associa\u00e7\u00e3o Esportiva D\u00ednamo<\/p>\n","protected":false},"author":2,"featured_media":2062,"comment_status":"open","ping_status":"open","sticky":false,"template":"","format":"standard","meta":{"footnotes":""},"categories":[9,11,15],"tags":[],"class_list":["post-2060","post","type-post","status-publish","format-standard","has-post-thumbnail","hentry","category-araxa","category-destaques","category-esportes"],"_links":{"self":[{"href":"http:\/\/blogdoarmindomaia.com.br\/index.php?rest_route=\/wp\/v2\/posts\/2060","targetHints":{"allow":["GET"]}}],"collection":[{"href":"http:\/\/blogdoarmindomaia.com.br\/index.php?rest_route=\/wp\/v2\/posts"}],"about":[{"href":"http:\/\/blogdoarmindomaia.com.br\/index.php?rest_route=\/wp\/v2\/types\/post"}],"author":[{"embeddable":true,"href":"http:\/\/blogdoarmindomaia.com.br\/index.php?rest_route=\/wp\/v2\/users\/2"}],"replies":[{"embeddable":true,"href":"http:\/\/blogdoarmindomaia.com.br\/index.php?rest_route=%2Fwp%2Fv2%2Fcomments&post=2060"}],"version-history":[{"count":1,"href":"http:\/\/blogdoarmindomaia.com.br\/index.php?rest_route=\/wp\/v2\/posts\/2060\/revisions"}],"predecessor-version":[{"id":2063,"href":"http:\/\/blogdoarmindomaia.com.br\/index.php?rest_route=\/wp\/v2\/posts\/2060\/revisions\/2063"}],"wp:featuredmedia":[{"embeddable":true,"href":"http:\/\/blogdoarmindomaia.com.br\/index.php?rest_route=\/wp\/v2\/media\/2062"}],"wp:attachment":[{"href":"http:\/\/blogdoarmindomaia.com.br\/index.php?rest_route=%2Fwp%2Fv2%2Fmedia&parent=2060"}],"wp:term":[{"taxonomy":"category","embeddable":true,"href":"http:\/\/blogdoarmindomaia.com.br\/index.php?rest_route=%2Fwp%2Fv2%2Fcategories&post=2060"},{"taxonomy":"post_tag","embeddable":true,"href":"http:\/\/blogdoarmindomaia.com.br\/index.php?rest_route=%2Fwp%2Fv2%2Ftags&post=2060"}],"curies":[{"name":"wp","href":"https:\/\/api.w.org\/{rel}","templated":true}]}}