{"id":2064,"date":"2022-07-29T15:33:40","date_gmt":"2022-07-29T18:33:40","guid":{"rendered":"http:\/\/blogdoarmindomaia.com.br\/?p=2064"},"modified":"2022-07-29T15:33:42","modified_gmt":"2022-07-29T18:33:42","slug":"secretaria-de-saude-retoma-atendimento-medico-no-itaipu","status":"publish","type":"post","link":"http:\/\/blogdoarmindomaia.com.br\/?p=2064","title":{"rendered":"Secretaria de Sa\u00fade retoma atendimento m\u00e9dico no Itaipu"},"content":{"rendered":"\n<figure class=\"wp-block-image size-full\"><img loading=\"lazy\" decoding=\"async\" width=\"1024\" height=\"683\" src=\"http:\/\/blogdoarmindomaia.com.br\/wp-content\/uploads\/2022\/07\/Secretaria-de-Saude-retoma-atendimento-medico-em-Itaipu-pag-03.jpeg\" alt=\"\" class=\"wp-image-2065\" srcset=\"http:\/\/blogdoarmindomaia.com.br\/wp-content\/uploads\/2022\/07\/Secretaria-de-Saude-retoma-atendimento-medico-em-Itaipu-pag-03.jpeg 1024w, http:\/\/blogdoarmindomaia.com.br\/wp-content\/uploads\/2022\/07\/Secretaria-de-Saude-retoma-atendimento-medico-em-Itaipu-pag-03-300x200.jpeg 300w, http:\/\/blogdoarmindomaia.com.br\/wp-content\/uploads\/2022\/07\/Secretaria-de-Saude-retoma-atendimento-medico-em-Itaipu-pag-03-768x512.jpeg 768w\" sizes=\"auto, (max-width: 1024px) 100vw, 1024px\" \/><\/figure>\n\n\n\n<p>Os atendimentos m\u00e9dicos e de enfermagem do Projeto Conex\u00e3o Rural da Secretaria Municipal de Sa\u00fade voltaram a acontecer todas as quartas-feiras no Distrito de Itaipu.<br><br>Esses atendimentos estavam suspensos e com o credenciamento aberto eles foram retomados na comunidade rural. A coordenadora das Estrat\u00e9gias Sa\u00fade da Fam\u00edlia (ESF), Nat\u00e1lia Lima, diz que a Secretaria Municipal de Sa\u00fade est\u00e1 estudando um planejamento de ter um m\u00e9dico para fazer escalas de atendimento em todas as localidades de apoio \u00e0 zona rural.<br><br>\u201cEnquanto isso, os moradores da comunidade de Itaipu podem agendar o seu atendimento m\u00e9dico na pr\u00f3pria unidade, de segunda a sexta-feira, das 7h \u00e0s 11h e das 13h \u00e0s 17h\u201d, diz.<br><br>Nat\u00e1lia acrescenta que moradores de outras comunidades rurais que eventualmente precisarem de atendimento m\u00e9dico devem procurar a enfermeira Andressa na Estrat\u00e9gia de Sa\u00fade da Fam\u00edlia do bairro Max Neumann ou buscar informa\u00e7\u00f5es atrav\u00e9s do telefone (34) 9.9302-2190.<\/p>\n","protected":false},"excerpt":{"rendered":"<p>Os atendimentos m\u00e9dicos e de enfermagem do Projeto Conex\u00e3o Rural da Secretaria Municipal de Sa\u00fade voltaram a acontecer todas as<\/p>\n","protected":false},"author":2,"featured_media":2065,"comment_status":"open","ping_status":"open","sticky":false,"template":"","format":"standard","meta":{"footnotes":""},"categories":[9,29],"tags":[],"class_list":["post-2064","post","type-post","status-publish","format-standard","has-post-thumbnail","hentry","category-araxa","category-saude"],"_links":{"self":[{"href":"http:\/\/blogdoarmindomaia.com.br\/index.php?rest_route=\/wp\/v2\/posts\/2064","targetHints":{"allow":["GET"]}}],"collection":[{"href":"http:\/\/blogdoarmindomaia.com.br\/index.php?rest_route=\/wp\/v2\/posts"}],"about":[{"href":"http:\/\/blogdoarmindomaia.com.br\/index.php?rest_route=\/wp\/v2\/types\/post"}],"author":[{"embeddable":true,"href":"http:\/\/blogdoarmindomaia.com.br\/index.php?rest_route=\/wp\/v2\/users\/2"}],"replies":[{"embeddable":true,"href":"http:\/\/blogdoarmindomaia.com.br\/index.php?rest_route=%2Fwp%2Fv2%2Fcomments&post=2064"}],"version-history":[{"count":1,"href":"http:\/\/blogdoarmindomaia.com.br\/index.php?rest_route=\/wp\/v2\/posts\/2064\/revisions"}],"predecessor-version":[{"id":2066,"href":"http:\/\/blogdoarmindomaia.com.br\/index.php?rest_route=\/wp\/v2\/posts\/2064\/revisions\/2066"}],"wp:featuredmedia":[{"embeddable":true,"href":"http:\/\/blogdoarmindomaia.com.br\/index.php?rest_route=\/wp\/v2\/media\/2065"}],"wp:attachment":[{"href":"http:\/\/blogdoarmindomaia.com.br\/index.php?rest_route=%2Fwp%2Fv2%2Fmedia&parent=2064"}],"wp:term":[{"taxonomy":"category","embeddable":true,"href":"http:\/\/blogdoarmindomaia.com.br\/index.php?rest_route=%2Fwp%2Fv2%2Fcategories&post=2064"},{"taxonomy":"post_tag","embeddable":true,"href":"http:\/\/blogdoarmindomaia.com.br\/index.php?rest_route=%2Fwp%2Fv2%2Ftags&post=2064"}],"curies":[{"name":"wp","href":"https:\/\/api.w.org\/{rel}","templated":true}]}}