{"id":2067,"date":"2022-07-29T17:22:13","date_gmt":"2022-07-29T20:22:13","guid":{"rendered":"http:\/\/blogdoarmindomaia.com.br\/?p=2067"},"modified":"2022-07-29T17:22:19","modified_gmt":"2022-07-29T20:22:19","slug":"prefeitura-de-araxa-oferece-mais-de-40-servicos-gratuitos-a-populacao-neste-sabado-quinta-edicao-acontece-no-bairro-pao-de-acucar-4","status":"publish","type":"post","link":"http:\/\/blogdoarmindomaia.com.br\/?p=2067","title":{"rendered":"Prefeitura de Arax\u00e1 oferece mais de 40 servi\u00e7os gratuitos \u00e0 popula\u00e7\u00e3o neste s\u00e1bado; Quinta edi\u00e7\u00e3o acontece no bairro P\u00e3o de A\u00e7\u00facar 4"},"content":{"rendered":"\n<figure class=\"wp-block-image size-large\"><img loading=\"lazy\" decoding=\"async\" width=\"1024\" height=\"682\" src=\"http:\/\/blogdoarmindomaia.com.br\/wp-content\/uploads\/2022\/07\/Prefeitura-no-Bairro-1024x682.jpeg\" alt=\"\" class=\"wp-image-2068\" srcset=\"http:\/\/blogdoarmindomaia.com.br\/wp-content\/uploads\/2022\/07\/Prefeitura-no-Bairro-1024x682.jpeg 1024w, http:\/\/blogdoarmindomaia.com.br\/wp-content\/uploads\/2022\/07\/Prefeitura-no-Bairro-300x200.jpeg 300w, http:\/\/blogdoarmindomaia.com.br\/wp-content\/uploads\/2022\/07\/Prefeitura-no-Bairro-768x512.jpeg 768w, http:\/\/blogdoarmindomaia.com.br\/wp-content\/uploads\/2022\/07\/Prefeitura-no-Bairro.jpeg 1280w\" sizes=\"auto, (max-width: 1024px) 100vw, 1024px\" \/><\/figure>\n\n\n\n<p>\u00c9 o governo mais pr\u00f3ximo do araxaense! O programa Prefeitura no Bairro chega a sua 5\u00aa edi\u00e7\u00e3o e oferece, de forma gratuita, mais de 40 servi\u00e7os para a popula\u00e7\u00e3o. O encontro com toda a estrutura administrativa acontece neste s\u00e1bado (30), das 8h \u00e0s 12h, na Escola Municipal Agar de Affonseca e Silva, no P\u00e3o de A\u00e7\u00facar 4. Os moradores da regi\u00e3o poder\u00e3o tirar d\u00favidas, sugerir e reivindicar a\u00e7\u00f5es para seu bairro.<\/p>\n\n\n\n<p>O programa vem atraindo um n\u00famero maior de p\u00fablico a cada edi\u00e7\u00e3o com as atividades oferecidas para toda a fam\u00edlia e de diferentes idades. S\u00e3o servi\u00e7os como vacina\u00e7\u00e3o, cadastros para programas sociais, recolhimento de eletroeletr\u00f4nicos (pilhas, baterias, celulares, etc), isen\u00e7\u00e3o de IPTU para aposentados e pensionistas e diversos outros atendimentos. A escola fica localizada na rua Sargento Gislei Oliveira Reis, n\u00ba 415.<\/p>\n\n\n\n<p>O prefeito Robson Magela destaca a import\u00e2ncia de a\u00e7\u00f5es como o Prefeitura no Bairro para toda a popula\u00e7\u00e3o. \u201cEsse encontro pessoal e direto da Administra\u00e7\u00e3o Municipal com o araxaense torna mais eficiente as estrat\u00e9gias para solucionar os desafios que encontramos na administra\u00e7\u00e3o. \u00c9 a comunidade que convive diariamente com a realidade da regi\u00e3o e que consegue mostrar quais os projetos s\u00e3o necess\u00e1rios para ela\u201d, relata.<\/p>\n\n\n\n<p>Principais servi\u00e7os que ser\u00e3o oferecidos \u00e0 popula\u00e7\u00e3o:<\/p>\n\n\n\n<p>GABINETE DO PREFEITO E SECRETARIA DE GOVERNO<br>\u2022 Atendimento<\/p>\n\n\n\n<p>SA\u00daDE<br>\u2022 Vacina\u00e7\u00e3o contra a Covid-19;<br>\u2022 Vacina\u00e7\u00e3o de rotina &#8211; Influenza, Triviral, Febre Amarela, Hepatite B, T\u00e9tano, HPV (meninas a partir de 9 anos e meninos a partir de 11 anos), Meningoc\u00f3cica ACWY (meninas e meninos a partir de 11 anos);<br>\u2022 Orienta\u00e7\u00e3o Nutricional;<br>\u2022 Atualiza\u00e7\u00e3o do Cart\u00e3o do SUS;<br>\u2022 Orienta\u00e7\u00f5es sobre Sa\u00fade da Mulher;<br>\u2022 Aferi\u00e7\u00e3o de press\u00e3o arterial;<br>\u2022 Orienta\u00e7\u00e3o Postural.<\/p>\n\n\n\n<p>SOCIAL<br>\u2022 Informa\u00e7\u00f5es e Cadastro de Programa M\u00e3os \u00e0 Obra;<br>\u2022 Cadastro do Programa Planta Popular (Habitacional);<br>\u2022 Atualiza\u00e7\u00e3o do Cadastro \u00danico;<br>\u2022 Cadastro do Programa Renda B\u00e1sica;<br>\u2022 Orienta\u00e7\u00e3o do ID Jovem;<br>\u2022 Atendimento e Acolhimento \u00e0 Mulher;<br>\u2022 Doa\u00e7\u00e3o de Mudas (Pequeno Jardineiro);<br>\u2022 Cadastro Acessuas e Confec\u00e7\u00e3o de Curr\u00edculos.<\/p>\n\n\n\n<p>PROCON<br>\u2022 Atendimento ao p\u00fablico para reclama\u00e7\u00f5es relativas ao consumo, finan\u00e7as, telefonia e outras.<\/p>\n\n\n\n<p>SINE<br>\u2022 Atendimento sobre vagas de emprego e cadastro de trabalhadores.<\/p>\n\n\n\n<p>DESENVOLVIMENTO ECON\u00d4MICO<br>\u2022 Sala do Empreendedor: como abrir sua pr\u00f3pria empresa;<br>\u2022 Orienta\u00e7\u00e3o sobre o Projeto Arax\u00e1 Empreendedora;<br>\u2022 Inscri\u00e7\u00f5es para cursos de qualifica\u00e7\u00e3o e capacita\u00e7\u00e3o.<\/p>\n\n\n\n<p>TURISMO<br>\u2022 Apresenta\u00e7\u00e3o do Plano Municipal do Turismo;<br>\u2022 Amostra dos Pontos Tur\u00edsticos da cidade;<br>\u2022 Amostra de Produtos.<\/p>\n\n\n\n<p>IPDSA &#8211; MEIO AMBIENTE<br>\u2022 Recolhimento de eletroeletr\u00f4nicos (pilhas, baterias, celulares, etc);<br>\u2022 Requerimento de poda de \u00e1rvores em cal\u00e7ada;<br>\u2022 Coleta de material recicl\u00e1vel.<\/p>\n\n\n\n<p>EDUCA\u00c7\u00c3O<br>\u2022 Orienta\u00e7\u00e3o para educa\u00e7\u00e3o dos filhos;<br>\u2022 Busca ativa de crian\u00e7as de 0 a 5 anos que est\u00e3o fora da escola;<br>\u2022 Busca Ativa de Jovens e Adultos que n\u00e3o completaram o ensino fundamental;<br>\u2022 Biblioteca M\u00f3vel e Conta\u00e7\u00e3o de Hist\u00f3rias.<\/p>\n\n\n\n<p>OBRAS P\u00daBLICAS E MOBILIDADE URBANA<br>\u2022 Apresenta\u00e7\u00e3o de Projetos das Obras da Prefeitura;<br>\u2022 Requerimento de Tapa-Buracos;<br>\u2022 Requerimento de Limpeza Urbana;<br>\u2022 Requerimento de Ilumina\u00e7\u00e3o P\u00fablica.<\/p>\n\n\n\n<p>AGRICULTURA E PECU\u00c1RIA<br>\u2022 Cadastro de Produtores;<br>\u2022 Como obter o SIM (Selo de Inspe\u00e7\u00e3o Municipal);<br>\u2022 Inscri\u00e7\u00f5es de Programas.<\/p>\n\n\n\n<p>ESPORTES<br>\u2022 Recrea\u00e7\u00e3o;<br>\u2022 Gin\u00e1stica para Terceira Idade;<br>\u2022 Projeto Viva a Vida;<br>\u2022 Aula Funcional.<\/p>\n\n\n\n<p>FAZENDA, PLANEJAMENTO E GEST\u00c3O<br>\u2022 Rec\u00e1lculo de parcelas atrasadas de IPTU e D\u00edvida Ativa;<br>\u2022 Emiss\u00e3o de guias de IPTU;<br>\u2022 Isen\u00e7\u00e3o de IPTU para aposentados e pensionistas;<br>\u2022 Orienta\u00e7\u00f5es tribut\u00e1rias;<br>\u2022 Orienta\u00e7\u00f5es e preenchimentos de requerimentos de isen\u00e7\u00f5es e outros.<\/p>\n\n\n\n<p>SEGURAN\u00c7A P\u00daBLICA<br>\u2022 Agendamento para emiss\u00e3o de 1\u00aa via de Identidade;<br>\u2022 Emiss\u00e3o de Cart\u00e3o de Estacionamento para Idoso;<br>\u2022 Emiss\u00e3o de Estacionamento para Deficiente.<\/p>\n\n\n\n<p>CULTURA<br>\u2022 Cadastro de Artistas;<br>\u2022 Apresenta\u00e7\u00e3o Musical;<br>\u2022 Oficinas Culturais.<\/p>\n\n\n\n<p>IPREMA<br>\u2022 Orienta\u00e7\u00e3o Previdenci\u00e1ria (Regime Geral e Iprema).<\/p>\n\n\n\n<p>VIGIL\u00c2NCIA EM SA\u00daDE<br>\u2022 Atendimentos Cerest;<br>\u2022 Exames CTA;<br>\u2022 Orienta\u00e7\u00e3o Dengue e Animais Pe\u00e7onhentos.<\/p>\n","protected":false},"excerpt":{"rendered":"<p>\u00c9 o governo mais pr\u00f3ximo do araxaense! O programa Prefeitura no Bairro chega a sua 5\u00aa edi\u00e7\u00e3o e oferece, de<\/p>\n","protected":false},"author":2,"featured_media":2068,"comment_status":"open","ping_status":"open","sticky":false,"template":"","format":"standard","meta":{"footnotes":""},"categories":[9,11],"tags":[],"class_list":["post-2067","post","type-post","status-publish","format-standard","has-post-thumbnail","hentry","category-araxa","category-destaques"],"_links":{"self":[{"href":"http:\/\/blogdoarmindomaia.com.br\/index.php?rest_route=\/wp\/v2\/posts\/2067","targetHints":{"allow":["GET"]}}],"collection":[{"href":"http:\/\/blogdoarmindomaia.com.br\/index.php?rest_route=\/wp\/v2\/posts"}],"about":[{"href":"http:\/\/blogdoarmindomaia.com.br\/index.php?rest_route=\/wp\/v2\/types\/post"}],"author":[{"embeddable":true,"href":"http:\/\/blogdoarmindomaia.com.br\/index.php?rest_route=\/wp\/v2\/users\/2"}],"replies":[{"embeddable":true,"href":"http:\/\/blogdoarmindomaia.com.br\/index.php?rest_route=%2Fwp%2Fv2%2Fcomments&post=2067"}],"version-history":[{"count":1,"href":"http:\/\/blogdoarmindomaia.com.br\/index.php?rest_route=\/wp\/v2\/posts\/2067\/revisions"}],"predecessor-version":[{"id":2069,"href":"http:\/\/blogdoarmindomaia.com.br\/index.php?rest_route=\/wp\/v2\/posts\/2067\/revisions\/2069"}],"wp:featuredmedia":[{"embeddable":true,"href":"http:\/\/blogdoarmindomaia.com.br\/index.php?rest_route=\/wp\/v2\/media\/2068"}],"wp:attachment":[{"href":"http:\/\/blogdoarmindomaia.com.br\/index.php?rest_route=%2Fwp%2Fv2%2Fmedia&parent=2067"}],"wp:term":[{"taxonomy":"category","embeddable":true,"href":"http:\/\/blogdoarmindomaia.com.br\/index.php?rest_route=%2Fwp%2Fv2%2Fcategories&post=2067"},{"taxonomy":"post_tag","embeddable":true,"href":"http:\/\/blogdoarmindomaia.com.br\/index.php?rest_route=%2Fwp%2Fv2%2Ftags&post=2067"}],"curies":[{"name":"wp","href":"https:\/\/api.w.org\/{rel}","templated":true}]}}