{"id":2088,"date":"2022-08-02T11:41:25","date_gmt":"2022-08-02T14:41:25","guid":{"rendered":"http:\/\/blogdoarmindomaia.com.br\/?p=2088"},"modified":"2022-08-02T11:41:26","modified_gmt":"2022-08-02T14:41:26","slug":"ampliada-a-frota-de-onibus-escolares-em-araxa","status":"publish","type":"post","link":"http:\/\/blogdoarmindomaia.com.br\/?p=2088","title":{"rendered":"Ampliada a frota de \u00f4nibus escolares em Arax\u00e1"},"content":{"rendered":"\n<figure class=\"wp-block-image size-full\"><img loading=\"lazy\" decoding=\"async\" width=\"1024\" height=\"683\" src=\"http:\/\/blogdoarmindomaia.com.br\/wp-content\/uploads\/2022\/08\/onibus-escolares-1.jpg\" alt=\"\" class=\"wp-image-2089\" srcset=\"http:\/\/blogdoarmindomaia.com.br\/wp-content\/uploads\/2022\/08\/onibus-escolares-1.jpg 1024w, http:\/\/blogdoarmindomaia.com.br\/wp-content\/uploads\/2022\/08\/onibus-escolares-1-300x200.jpg 300w, http:\/\/blogdoarmindomaia.com.br\/wp-content\/uploads\/2022\/08\/onibus-escolares-1-768x512.jpg 768w\" sizes=\"auto, (max-width: 1024px) 100vw, 1024px\" \/><\/figure>\n\n\n\n<p>A Prefeitura de Arax\u00e1 adquiriu dois \u00f4nibus escolares para ampliar a frota que faz o transporte de alunos da rede municipal de ensino. Foram investidos R$ 705.000 em recursos pr\u00f3prios para a aquisi\u00e7\u00e3o dos ve\u00edculos. Um deles \u00e9 adaptado para atendimento de alunos da Educa\u00e7\u00e3o Inclusiva.<br><br>De acordo com a secret\u00e1ria municipal de Educa\u00e7\u00e3o, Zulma Moreira, os novos ve\u00edculos est\u00e3o dando suporte aos alunos que n\u00e3o conseguiram vagas em escolas pr\u00f3ximas de suas resid\u00eancias, al\u00e9m de alunos da Educa\u00e7\u00e3o Especial e jovens atendidos pelos projetos executados no Centro Esportivo \u00c1lvaro Maneira (antigo ATC). Com o retorno \u00e0s aulas, os sete ve\u00edculos (quatro \u00f4nibus e tr\u00eas micro-\u00f4nibus) que comp\u00f5em a frota da prefeitura atendem mais de 600 alunos.<br><br>O prefeito de Arax\u00e1, Robson Magela, refor\u00e7a que existe uma demanda muito grande para o transporte escolar na cidade e \u00e9 papel do Poder P\u00fablico esse aux\u00edlio \u00e0s fam\u00edlias. \u201cEsses ve\u00edculos v\u00eam para somar no conforto e comodidade dos estudantes. A gest\u00e3o est\u00e1 investindo pesado e engajando na Educa\u00e7\u00e3o em Arax\u00e1\u201d, destaca.<br><br>Zulma reitera que a amplia\u00e7\u00e3o da frota escolar oferece ainda mais seguran\u00e7a no transporte dos alunos e aumenta a capacidade de atendimento das linhas escolares. \u201cMuitas fam\u00edlias dependem do ve\u00edculo para o deslocamento dos filhos para as escolas. Os \u00f4nibus d\u00e3o mais conforto e seguran\u00e7a a todos os estudantes, \u00e9 um investimento necess\u00e1rio e imprescind\u00edvel\u201d, explica.<br><br>Para solicitar o transporte, a fam\u00edlia deve procurar a Secretaria Municipal de Educa\u00e7\u00e3o para verificar se o aluno se enquadra nos crit\u00e9rios da legisla\u00e7\u00e3o espec\u00edfica do transporte escolar.<br><\/p>\n","protected":false},"excerpt":{"rendered":"<p>A Prefeitura de Arax\u00e1 adquiriu dois \u00f4nibus escolares para ampliar a frota que faz o transporte de alunos da rede<\/p>\n","protected":false},"author":2,"featured_media":2089,"comment_status":"open","ping_status":"open","sticky":false,"template":"","format":"standard","meta":{"footnotes":""},"categories":[9,13],"tags":[],"class_list":["post-2088","post","type-post","status-publish","format-standard","has-post-thumbnail","hentry","category-araxa","category-educacao"],"_links":{"self":[{"href":"http:\/\/blogdoarmindomaia.com.br\/index.php?rest_route=\/wp\/v2\/posts\/2088","targetHints":{"allow":["GET"]}}],"collection":[{"href":"http:\/\/blogdoarmindomaia.com.br\/index.php?rest_route=\/wp\/v2\/posts"}],"about":[{"href":"http:\/\/blogdoarmindomaia.com.br\/index.php?rest_route=\/wp\/v2\/types\/post"}],"author":[{"embeddable":true,"href":"http:\/\/blogdoarmindomaia.com.br\/index.php?rest_route=\/wp\/v2\/users\/2"}],"replies":[{"embeddable":true,"href":"http:\/\/blogdoarmindomaia.com.br\/index.php?rest_route=%2Fwp%2Fv2%2Fcomments&post=2088"}],"version-history":[{"count":1,"href":"http:\/\/blogdoarmindomaia.com.br\/index.php?rest_route=\/wp\/v2\/posts\/2088\/revisions"}],"predecessor-version":[{"id":2090,"href":"http:\/\/blogdoarmindomaia.com.br\/index.php?rest_route=\/wp\/v2\/posts\/2088\/revisions\/2090"}],"wp:featuredmedia":[{"embeddable":true,"href":"http:\/\/blogdoarmindomaia.com.br\/index.php?rest_route=\/wp\/v2\/media\/2089"}],"wp:attachment":[{"href":"http:\/\/blogdoarmindomaia.com.br\/index.php?rest_route=%2Fwp%2Fv2%2Fmedia&parent=2088"}],"wp:term":[{"taxonomy":"category","embeddable":true,"href":"http:\/\/blogdoarmindomaia.com.br\/index.php?rest_route=%2Fwp%2Fv2%2Fcategories&post=2088"},{"taxonomy":"post_tag","embeddable":true,"href":"http:\/\/blogdoarmindomaia.com.br\/index.php?rest_route=%2Fwp%2Fv2%2Ftags&post=2088"}],"curies":[{"name":"wp","href":"https:\/\/api.w.org\/{rel}","templated":true}]}}