{"id":2091,"date":"2022-08-02T11:44:09","date_gmt":"2022-08-02T14:44:09","guid":{"rendered":"http:\/\/blogdoarmindomaia.com.br\/?p=2091"},"modified":"2022-08-02T11:44:11","modified_gmt":"2022-08-02T14:44:11","slug":"atleta-araxaense-conquista-2-titulos-no-torneio-crossfit-brasileiro","status":"publish","type":"post","link":"http:\/\/blogdoarmindomaia.com.br\/?p=2091","title":{"rendered":"Atleta araxaense\u00a0 conquista 2 t\u00edtulos no Torneio Crossfit Brasileiro"},"content":{"rendered":"\n<figure class=\"wp-block-image size-large\"><img loading=\"lazy\" decoding=\"async\" width=\"682\" height=\"1024\" src=\"http:\/\/blogdoarmindomaia.com.br\/wp-content\/uploads\/2022\/08\/Atleta-araxaense-conquista-2-titulos-no-Torneio-Crossfit-Brasileiro-pag-06-682x1024.jpg\" alt=\"\" class=\"wp-image-2093\" srcset=\"http:\/\/blogdoarmindomaia.com.br\/wp-content\/uploads\/2022\/08\/Atleta-araxaense-conquista-2-titulos-no-Torneio-Crossfit-Brasileiro-pag-06-682x1024.jpg 682w, http:\/\/blogdoarmindomaia.com.br\/wp-content\/uploads\/2022\/08\/Atleta-araxaense-conquista-2-titulos-no-Torneio-Crossfit-Brasileiro-pag-06-200x300.jpg 200w, http:\/\/blogdoarmindomaia.com.br\/wp-content\/uploads\/2022\/08\/Atleta-araxaense-conquista-2-titulos-no-Torneio-Crossfit-Brasileiro-pag-06-768x1153.jpg 768w, http:\/\/blogdoarmindomaia.com.br\/wp-content\/uploads\/2022\/08\/Atleta-araxaense-conquista-2-titulos-no-Torneio-Crossfit-Brasileiro-pag-06-1023x1536.jpg 1023w, http:\/\/blogdoarmindomaia.com.br\/wp-content\/uploads\/2022\/08\/Atleta-araxaense-conquista-2-titulos-no-Torneio-Crossfit-Brasileiro-pag-06.jpg 1066w\" sizes=\"auto, (max-width: 682px) 100vw, 682px\" \/><\/figure>\n\n\n\n<figure class=\"wp-block-image size-large\"><img loading=\"lazy\" decoding=\"async\" width=\"910\" height=\"1024\" src=\"http:\/\/blogdoarmindomaia.com.br\/wp-content\/uploads\/2022\/08\/Alline-6-910x1024.jpg\" alt=\"\" class=\"wp-image-2092\" srcset=\"http:\/\/blogdoarmindomaia.com.br\/wp-content\/uploads\/2022\/08\/Alline-6-910x1024.jpg 910w, http:\/\/blogdoarmindomaia.com.br\/wp-content\/uploads\/2022\/08\/Alline-6-267x300.jpg 267w, http:\/\/blogdoarmindomaia.com.br\/wp-content\/uploads\/2022\/08\/Alline-6-768x864.jpg 768w, http:\/\/blogdoarmindomaia.com.br\/wp-content\/uploads\/2022\/08\/Alline-6-1365x1536.jpg 1365w, http:\/\/blogdoarmindomaia.com.br\/wp-content\/uploads\/2022\/08\/Alline-6.jpg 1422w\" sizes=\"auto, (max-width: 910px) 100vw, 910px\" \/><\/figure>\n\n\n\n<p>No \u00faltimo final de semana na capital paulista, foi realizado entre os dias 21 a 24 de julho de no gin\u00e1sio do Ibirapuera, o &nbsp;TCB (Torneio de Crossfit Brasileiro ). Ela tem &nbsp;24 anos, treina &nbsp;a mais ou menos uns 4 anos. Alline revela&nbsp; que, \u201c tenho uma carga hor\u00e1ria de basicamente 5 horas de treino por dia , de segunda a s\u00e1bado, e aos domingos varia sempre, tenho uma alimenta\u00e7\u00e3o 100% balanceada , sempre girando em torno do objetivo proposto! Atualmente sou atleta profissional, atuando na categoria elite no Crossfit ! (A categoria mais dif\u00edcil da modalidade )\u201d.<\/p>\n\n\n\n<p>O evento aconteceu entre os dias 21 e 24 e contou com a atleta araxaense&nbsp; Alline Cabral Cruz, \u00fanica representante das regi\u00f5es do Alto Parana\u00edba e Tri\u00e2ngulo Mineiro na competi\u00e7\u00e3o nacional. Com muita dedica\u00e7\u00e3o, empenho e for\u00e7a de vontade Alline &nbsp;conquistou dois primeiros lugares no evento. Segundo ela, \u201c foram 4 dias de experi\u00eancias \u00fanicas ! Foi um evento que reuniu as 36 mulheres mais bem condicionadas do Brasil, que foram selecionadas atrav\u00e9s de seletivas espalhadas por cada estado brasileiro. Foram 4 dias intensos,&nbsp; com um total de 10 provas que desafiaram todas as nossas val\u00eancias f\u00edsicas ! Provas de resist\u00eancia , for\u00e7a , explos\u00e3o, pot\u00eancia .. . Quatro dias de ra\u00e7a pura, de dor , de perseveran\u00e7a e al\u00e9m de tudo 4 dias de pura alegria . Foi a minha primeira vez participando de um campeonato nacional a n\u00edvel profissional, sou a \u00fanica atleta de Arax\u00e1, Alto Parana\u00edba e &nbsp;Tri\u00e2ngulo Mineiro a &nbsp;conseguir vaga para esse campeonato.&nbsp; Na prova eu pude perceber o que posso melhorar e corrigir dentro da categoria. Com as duas conquistas de primeiros lugares &nbsp;na competi\u00e7\u00e3o, melhorei minha posi\u00e7\u00e3o no ranking nacional; agora eu &nbsp;ocupo uma posi\u00e7\u00e3o de 13\u00aa &nbsp;no ranking geral no Brasil! Foi uma experi\u00eancia incr\u00edvel, que me proporcionou uma visibilidade e um reconhecimento enorme em todo Brasil.&nbsp; &nbsp;Obtive uma \u00f3tima coloca\u00e7\u00e3o no ranking geral! Ano que vem tem mais! Agora temos um ano pra melhorar tudo que \u00e9 preciso, e voltar com mais sede ao pote ainda.\u201d<\/p>\n\n\n\n<p>Ela tamb\u00e9m fez quest\u00e3o de destacar seus apoiadores; \u201cTenho parceiros que me ajudam a cada dia conquistar esse sonho, que s\u00e3o :<\/p>\n\n\n\n<p>Farm\u00e1cia Santa Edwirges que cuida dos meus manipulados.<\/p>\n\n\n\n<p>Daniel Biasoli e Dr. Carolina Cunha que cuidam da minha alimenta\u00e7\u00e3o e medica\u00e7\u00f5es.<\/p>\n\n\n\n<p>Crossfit Arax\u00e1 e RT Fittnes que me cedem espa\u00e7o de treinamento .<\/p>\n\n\n\n<p>Power suplementos que me concedem suplementa\u00e7\u00e3o necess\u00e1ria .<\/p>\n\n\n\n<p>Satis que sempre me ajuda financeiramente nas competi\u00e7\u00f5es .<\/p>\n\n\n\n<p>Ana Paula Fisioestetica que cuida de toda minha parte recovery\u201d.<\/p>\n","protected":false},"excerpt":{"rendered":"<p>No \u00faltimo final de semana na capital paulista, foi realizado entre os dias 21 a 24 de julho de no<\/p>\n","protected":false},"author":2,"featured_media":2093,"comment_status":"open","ping_status":"open","sticky":false,"template":"","format":"standard","meta":{"footnotes":""},"categories":[9,11,15],"tags":[],"class_list":["post-2091","post","type-post","status-publish","format-standard","has-post-thumbnail","hentry","category-araxa","category-destaques","category-esportes"],"_links":{"self":[{"href":"http:\/\/blogdoarmindomaia.com.br\/index.php?rest_route=\/wp\/v2\/posts\/2091","targetHints":{"allow":["GET"]}}],"collection":[{"href":"http:\/\/blogdoarmindomaia.com.br\/index.php?rest_route=\/wp\/v2\/posts"}],"about":[{"href":"http:\/\/blogdoarmindomaia.com.br\/index.php?rest_route=\/wp\/v2\/types\/post"}],"author":[{"embeddable":true,"href":"http:\/\/blogdoarmindomaia.com.br\/index.php?rest_route=\/wp\/v2\/users\/2"}],"replies":[{"embeddable":true,"href":"http:\/\/blogdoarmindomaia.com.br\/index.php?rest_route=%2Fwp%2Fv2%2Fcomments&post=2091"}],"version-history":[{"count":1,"href":"http:\/\/blogdoarmindomaia.com.br\/index.php?rest_route=\/wp\/v2\/posts\/2091\/revisions"}],"predecessor-version":[{"id":2094,"href":"http:\/\/blogdoarmindomaia.com.br\/index.php?rest_route=\/wp\/v2\/posts\/2091\/revisions\/2094"}],"wp:featuredmedia":[{"embeddable":true,"href":"http:\/\/blogdoarmindomaia.com.br\/index.php?rest_route=\/wp\/v2\/media\/2093"}],"wp:attachment":[{"href":"http:\/\/blogdoarmindomaia.com.br\/index.php?rest_route=%2Fwp%2Fv2%2Fmedia&parent=2091"}],"wp:term":[{"taxonomy":"category","embeddable":true,"href":"http:\/\/blogdoarmindomaia.com.br\/index.php?rest_route=%2Fwp%2Fv2%2Fcategories&post=2091"},{"taxonomy":"post_tag","embeddable":true,"href":"http:\/\/blogdoarmindomaia.com.br\/index.php?rest_route=%2Fwp%2Fv2%2Ftags&post=2091"}],"curies":[{"name":"wp","href":"https:\/\/api.w.org\/{rel}","templated":true}]}}