{"id":2095,"date":"2022-08-02T11:46:12","date_gmt":"2022-08-02T14:46:12","guid":{"rendered":"http:\/\/blogdoarmindomaia.com.br\/?p=2095"},"modified":"2022-08-02T11:46:14","modified_gmt":"2022-08-02T14:46:14","slug":"memorial-mauricio-rosa-e-tema-de-projeto-educacional-de-alunos-do-cefet-de-araxa","status":"publish","type":"post","link":"http:\/\/blogdoarmindomaia.com.br\/?p=2095","title":{"rendered":"Memorial Maur\u00edcio Rosa \u00e9 tema de projeto Educacional de alunos do Cefet de Arax\u00e1"},"content":{"rendered":"\n<figure class=\"wp-block-image size-large\"><img loading=\"lazy\" decoding=\"async\" width=\"1024\" height=\"768\" src=\"http:\/\/blogdoarmindomaia.com.br\/wp-content\/uploads\/2022\/08\/Os-estudantes-Nicholas-e-Samyra-do-Cefet-Araxa-1024x768.jpg\" alt=\"\" class=\"wp-image-2098\" srcset=\"http:\/\/blogdoarmindomaia.com.br\/wp-content\/uploads\/2022\/08\/Os-estudantes-Nicholas-e-Samyra-do-Cefet-Araxa-1024x768.jpg 1024w, http:\/\/blogdoarmindomaia.com.br\/wp-content\/uploads\/2022\/08\/Os-estudantes-Nicholas-e-Samyra-do-Cefet-Araxa-300x225.jpg 300w, http:\/\/blogdoarmindomaia.com.br\/wp-content\/uploads\/2022\/08\/Os-estudantes-Nicholas-e-Samyra-do-Cefet-Araxa-768x576.jpg 768w, http:\/\/blogdoarmindomaia.com.br\/wp-content\/uploads\/2022\/08\/Os-estudantes-Nicholas-e-Samyra-do-Cefet-Araxa-1536x1152.jpg 1536w, http:\/\/blogdoarmindomaia.com.br\/wp-content\/uploads\/2022\/08\/Os-estudantes-Nicholas-e-Samyra-do-Cefet-Araxa.jpg 1600w\" sizes=\"auto, (max-width: 1024px) 100vw, 1024px\" \/><\/figure>\n\n\n\n<figure class=\"wp-block-image size-large\"><img loading=\"lazy\" decoding=\"async\" width=\"1024\" height=\"768\" src=\"http:\/\/blogdoarmindomaia.com.br\/wp-content\/uploads\/2022\/08\/MauricioDomingos-Nicholas-Samyra-e-Paulo-1024x768.jpg\" alt=\"\" class=\"wp-image-2097\" srcset=\"http:\/\/blogdoarmindomaia.com.br\/wp-content\/uploads\/2022\/08\/MauricioDomingos-Nicholas-Samyra-e-Paulo-1024x768.jpg 1024w, http:\/\/blogdoarmindomaia.com.br\/wp-content\/uploads\/2022\/08\/MauricioDomingos-Nicholas-Samyra-e-Paulo-300x225.jpg 300w, http:\/\/blogdoarmindomaia.com.br\/wp-content\/uploads\/2022\/08\/MauricioDomingos-Nicholas-Samyra-e-Paulo-768x576.jpg 768w, http:\/\/blogdoarmindomaia.com.br\/wp-content\/uploads\/2022\/08\/MauricioDomingos-Nicholas-Samyra-e-Paulo-1536x1152.jpg 1536w, http:\/\/blogdoarmindomaia.com.br\/wp-content\/uploads\/2022\/08\/MauricioDomingos-Nicholas-Samyra-e-Paulo.jpg 1600w\" sizes=\"auto, (max-width: 1024px) 100vw, 1024px\" \/><\/figure>\n\n\n\n<figure class=\"wp-block-image size-large\"><img loading=\"lazy\" decoding=\"async\" width=\"1024\" height=\"768\" src=\"http:\/\/blogdoarmindomaia.com.br\/wp-content\/uploads\/2022\/08\/Nicholas-e-Samyra-com-a-equipe-do-Memorial-1024x768.jpg\" alt=\"\" class=\"wp-image-2096\" srcset=\"http:\/\/blogdoarmindomaia.com.br\/wp-content\/uploads\/2022\/08\/Nicholas-e-Samyra-com-a-equipe-do-Memorial-1024x768.jpg 1024w, http:\/\/blogdoarmindomaia.com.br\/wp-content\/uploads\/2022\/08\/Nicholas-e-Samyra-com-a-equipe-do-Memorial-300x225.jpg 300w, http:\/\/blogdoarmindomaia.com.br\/wp-content\/uploads\/2022\/08\/Nicholas-e-Samyra-com-a-equipe-do-Memorial-768x576.jpg 768w, http:\/\/blogdoarmindomaia.com.br\/wp-content\/uploads\/2022\/08\/Nicholas-e-Samyra-com-a-equipe-do-Memorial-1536x1152.jpg 1536w, http:\/\/blogdoarmindomaia.com.br\/wp-content\/uploads\/2022\/08\/Nicholas-e-Samyra-com-a-equipe-do-Memorial.jpg 1600w\" sizes=\"auto, (max-width: 1024px) 100vw, 1024px\" \/><\/figure>\n\n\n\n<p>\u00a0Este m\u00eas, ap\u00f3s ouvirem uma entrevista na R\u00e1dio Imbiara sobre o MEIMR, os estudantes do segundo ano o Cefet de Arax\u00e1, Nicholas Machado Alves de 16 anos, do curso de eletr\u00f4nica e Samyra dos Reis Rosa de 16 anos, que cursa edifica\u00e7\u00f5es e que s\u00e3o bolsistas da escola, visitaram o MMR. Al\u00e9m de conhecerem o acervo e a hist\u00f3ria do espa\u00e7o cultural, os jovens alunos tamb\u00e9m ficaram surpresos e encantados com a hist\u00f3ria da tipografia. E foi tudo isso que levou\u00a0 Nicholas e Samyra a usar o MMR como tema de um projeto de extens\u00e3o educacional, que visa promover e divulgar a cultura, arte e a hist\u00f3ria do nosso tempo. Durante mais de uma hora os dois estudantes fizeram um tour pelo o Memorial. Acompanhados por monitores, eles perguntaram sobre o acervo de m\u00e1quinas, viram os v\u00eddeos explicativos, fotografaram tudo e no final ainda fizeram uma entrevista em v\u00eddeo com o idealizador e diretor do Memorial, Maurinho Castro. No final Nicholas disse que, &#8221; como bolsista do CEFET a gente tem como contrapartida realizar projetos que abordam hist\u00f3ria e cultura na cidade. E o Memorial conta e resgata uma hist\u00f3ria muito curiosa e importante para todas as gera\u00e7\u00f5es.&#8221;\u00a0 A gente nem imaginava encontrar tanta hist\u00f3ria e coisas interessantes aqui.&#8221;\u00a0 A estudante Samyra disse que, &#8220;eu achei o Memorial muito interessante. Foi muito legal conhecer os processos para fazer um livro, um jornal&#8230;Hoje n\u00f3s tivemos uma aula de hist\u00f3ria e da escrita mundial e com certeza vamos fazer um trabalho muito bom e curioso no nosso projeto da escola.&#8221;<\/p>\n","protected":false},"excerpt":{"rendered":"<p>\u00a0Este m\u00eas, ap\u00f3s ouvirem uma entrevista na R\u00e1dio Imbiara sobre o MEIMR, os estudantes do segundo ano o Cefet de<\/p>\n","protected":false},"author":2,"featured_media":2098,"comment_status":"open","ping_status":"open","sticky":false,"template":"","format":"standard","meta":{"footnotes":""},"categories":[9,5,11],"tags":[],"class_list":["post-2095","post","type-post","status-publish","format-standard","has-post-thumbnail","hentry","category-araxa","category-arte-e-cultura","category-destaques"],"_links":{"self":[{"href":"http:\/\/blogdoarmindomaia.com.br\/index.php?rest_route=\/wp\/v2\/posts\/2095","targetHints":{"allow":["GET"]}}],"collection":[{"href":"http:\/\/blogdoarmindomaia.com.br\/index.php?rest_route=\/wp\/v2\/posts"}],"about":[{"href":"http:\/\/blogdoarmindomaia.com.br\/index.php?rest_route=\/wp\/v2\/types\/post"}],"author":[{"embeddable":true,"href":"http:\/\/blogdoarmindomaia.com.br\/index.php?rest_route=\/wp\/v2\/users\/2"}],"replies":[{"embeddable":true,"href":"http:\/\/blogdoarmindomaia.com.br\/index.php?rest_route=%2Fwp%2Fv2%2Fcomments&post=2095"}],"version-history":[{"count":1,"href":"http:\/\/blogdoarmindomaia.com.br\/index.php?rest_route=\/wp\/v2\/posts\/2095\/revisions"}],"predecessor-version":[{"id":2099,"href":"http:\/\/blogdoarmindomaia.com.br\/index.php?rest_route=\/wp\/v2\/posts\/2095\/revisions\/2099"}],"wp:featuredmedia":[{"embeddable":true,"href":"http:\/\/blogdoarmindomaia.com.br\/index.php?rest_route=\/wp\/v2\/media\/2098"}],"wp:attachment":[{"href":"http:\/\/blogdoarmindomaia.com.br\/index.php?rest_route=%2Fwp%2Fv2%2Fmedia&parent=2095"}],"wp:term":[{"taxonomy":"category","embeddable":true,"href":"http:\/\/blogdoarmindomaia.com.br\/index.php?rest_route=%2Fwp%2Fv2%2Fcategories&post=2095"},{"taxonomy":"post_tag","embeddable":true,"href":"http:\/\/blogdoarmindomaia.com.br\/index.php?rest_route=%2Fwp%2Fv2%2Ftags&post=2095"}],"curies":[{"name":"wp","href":"https:\/\/api.w.org\/{rel}","templated":true}]}}