{"id":210,"date":"2022-04-11T21:48:48","date_gmt":"2022-04-12T00:48:48","guid":{"rendered":"http:\/\/blogdoarmindomaia.com.br\/?p=210"},"modified":"2022-04-11T21:48:50","modified_gmt":"2022-04-12T00:48:50","slug":"1-jairinho-borges-toma-posse-como-vereador","status":"publish","type":"post","link":"http:\/\/blogdoarmindomaia.com.br\/?p=210","title":{"rendered":"1-\u00a0\u00a0\u00a0 Jairinho Borges toma posse como vereador"},"content":{"rendered":"\n<ul class=\"wp-block-list\" type=\"1\"><li><\/li><\/ul>\n\n\n\n<figure class=\"wp-block-image size-full is-style-default\"><img loading=\"lazy\" decoding=\"async\" width=\"1000\" height=\"750\" src=\"http:\/\/blogdoarmindomaia.com.br\/wp-content\/uploads\/2022\/04\/posse-jairinho-5.jpg\" alt=\"\" class=\"wp-image-211\" srcset=\"http:\/\/blogdoarmindomaia.com.br\/wp-content\/uploads\/2022\/04\/posse-jairinho-5.jpg 1000w, http:\/\/blogdoarmindomaia.com.br\/wp-content\/uploads\/2022\/04\/posse-jairinho-5-300x225.jpg 300w, http:\/\/blogdoarmindomaia.com.br\/wp-content\/uploads\/2022\/04\/posse-jairinho-5-768x576.jpg 768w\" sizes=\"auto, (max-width: 1000px) 100vw, 1000px\" \/><\/figure>\n\n\n\n<p>A C\u00e2mara Municipal de Arax\u00e1 realizou a cerim\u00f4nia de posse do vereador Jairo S\u00e1vio Borges (Uni\u00e3o Brasil). Ele \u00e9 o primeiro suplente do vereador Wagner Cruz, que se licenciou para assumir a Secretaria Municipal de A\u00e7\u00e3o Social. A cerim\u00f4nia foi na tarde desta segunda-feira (11) e contou com a presen\u00e7a do Deputado Estadual Bosco, familiares de Jairinho, vereadores, assessores parlamentares, servidores da Casa e imprensa.<\/p>\n\n\n\n<p>Em seu discurso, Jairinho afirmou estar honrado em assumir pela oitava vez o mandato de vereador. Ele agradeceu o apoio de seus familiares, assessores de gabinete e, especialmente, ao colega de partido Wagner Cruz. Ele refor\u00e7ou seu compromisso em trabalhar em prol da comunidade, citando uma frase do deputado estadual Bosco: \u201cToda administra\u00e7\u00e3o p\u00fablica tem seu tempo e seu momento, quanto maior o sucesso alcan\u00e7ado por ela, melhor para a sociedade.\u201d<\/p>\n\n\n\n<p>Em seu discurso de despedida, Wagner Cruz falou de sua alegria em assumir uma secretaria que trabalha em prol do social. Ele citou Bezerra de Menezes e fez uma reflex\u00e3o sobre a import\u00e2ncia da uni\u00e3o pol\u00edtica para alcan\u00e7ar bons resultados: \u201cSolid\u00e1rios, seremos uni\u00e3o. Separados uns dos outros, seremos pontos de vista. Juntos, alcan\u00e7aremos a realiza\u00e7\u00e3o de nossos prop\u00f3sitos\u201d, disse.<\/p>\n\n\n\n<p>O presidente da C\u00e2mara Municipal, vereador Raphael Rios, conduziu os trabalhos e falou em nome de dos vereadores. Desejou sucesso e boas-vindas ao novo colega de Plen\u00e1rio. Ap\u00f3s a leitura do Termo de Posse, Jairinho fez seu juramento, assinou o Livro de posse e foi declarado vereador.<\/p>\n\n\n\n<p>Jairinho tem vasta experi\u00eancia no Legislativo. J\u00e1 foi vereador em outros sete mandatos diferentes, sendo cinco deles eleito consecutivamente. O mais recente foi em 2017, quando tamb\u00e9m assumiu a cadeira como suplente. Ele j\u00e1 foi presidente da C\u00e2mara de Arax\u00e1, no ano de 1997.<\/p>\n\n\n\n<p><strong><em>Ascom CMA<\/em><\/strong><\/p>\n","protected":false},"excerpt":{"rendered":"<p>A C\u00e2mara Municipal de Arax\u00e1 realizou a cerim\u00f4nia de posse do vereador Jairo S\u00e1vio Borges (Uni\u00e3o Brasil). Ele \u00e9 o<\/p>\n","protected":false},"author":2,"featured_media":211,"comment_status":"open","ping_status":"open","sticky":false,"template":"","format":"standard","meta":{"footnotes":""},"categories":[9,25],"tags":[],"class_list":["post-210","post","type-post","status-publish","format-standard","has-post-thumbnail","hentry","category-araxa","category-politica"],"_links":{"self":[{"href":"http:\/\/blogdoarmindomaia.com.br\/index.php?rest_route=\/wp\/v2\/posts\/210","targetHints":{"allow":["GET"]}}],"collection":[{"href":"http:\/\/blogdoarmindomaia.com.br\/index.php?rest_route=\/wp\/v2\/posts"}],"about":[{"href":"http:\/\/blogdoarmindomaia.com.br\/index.php?rest_route=\/wp\/v2\/types\/post"}],"author":[{"embeddable":true,"href":"http:\/\/blogdoarmindomaia.com.br\/index.php?rest_route=\/wp\/v2\/users\/2"}],"replies":[{"embeddable":true,"href":"http:\/\/blogdoarmindomaia.com.br\/index.php?rest_route=%2Fwp%2Fv2%2Fcomments&post=210"}],"version-history":[{"count":1,"href":"http:\/\/blogdoarmindomaia.com.br\/index.php?rest_route=\/wp\/v2\/posts\/210\/revisions"}],"predecessor-version":[{"id":212,"href":"http:\/\/blogdoarmindomaia.com.br\/index.php?rest_route=\/wp\/v2\/posts\/210\/revisions\/212"}],"wp:featuredmedia":[{"embeddable":true,"href":"http:\/\/blogdoarmindomaia.com.br\/index.php?rest_route=\/wp\/v2\/media\/211"}],"wp:attachment":[{"href":"http:\/\/blogdoarmindomaia.com.br\/index.php?rest_route=%2Fwp%2Fv2%2Fmedia&parent=210"}],"wp:term":[{"taxonomy":"category","embeddable":true,"href":"http:\/\/blogdoarmindomaia.com.br\/index.php?rest_route=%2Fwp%2Fv2%2Fcategories&post=210"},{"taxonomy":"post_tag","embeddable":true,"href":"http:\/\/blogdoarmindomaia.com.br\/index.php?rest_route=%2Fwp%2Fv2%2Ftags&post=210"}],"curies":[{"name":"wp","href":"https:\/\/api.w.org\/{rel}","templated":true}]}}