{"id":2101,"date":"2022-08-02T11:58:03","date_gmt":"2022-08-02T14:58:03","guid":{"rendered":"http:\/\/blogdoarmindomaia.com.br\/?p=2101"},"modified":"2022-08-02T11:58:05","modified_gmt":"2022-08-02T14:58:05","slug":"administracao-municipal-anuncia-investimentos-em-saude-e-educacao-para-o-pao-de-acucar-4-durante-o-prefeitura-no-bairro%ef%bf%bc","status":"publish","type":"post","link":"http:\/\/blogdoarmindomaia.com.br\/?p=2101","title":{"rendered":"Administra\u00e7\u00e3o Municipal anuncia investimentos em Sa\u00fade e Educa\u00e7\u00e3o para o P\u00e3o de A\u00e7\u00facar 4 durante o Prefeitura no Bairro\ufffc"},"content":{"rendered":"\n<figure class=\"wp-block-image size-full\"><img loading=\"lazy\" decoding=\"async\" width=\"768\" height=\"512\" src=\"http:\/\/blogdoarmindomaia.com.br\/wp-content\/uploads\/2022\/08\/prefeitura-no-bairro-13.jpeg\" alt=\"\" class=\"wp-image-2104\" srcset=\"http:\/\/blogdoarmindomaia.com.br\/wp-content\/uploads\/2022\/08\/prefeitura-no-bairro-13.jpeg 768w, http:\/\/blogdoarmindomaia.com.br\/wp-content\/uploads\/2022\/08\/prefeitura-no-bairro-13-300x200.jpeg 300w\" sizes=\"auto, (max-width: 768px) 100vw, 768px\" \/><\/figure>\n\n\n\n<figure class=\"wp-block-image size-full\"><img loading=\"lazy\" decoding=\"async\" width=\"768\" height=\"512\" src=\"http:\/\/blogdoarmindomaia.com.br\/wp-content\/uploads\/2022\/08\/prefeitura-no-bairro-19.jpeg\" alt=\"\" class=\"wp-image-2103\" srcset=\"http:\/\/blogdoarmindomaia.com.br\/wp-content\/uploads\/2022\/08\/prefeitura-no-bairro-19.jpeg 768w, http:\/\/blogdoarmindomaia.com.br\/wp-content\/uploads\/2022\/08\/prefeitura-no-bairro-19-300x200.jpeg 300w\" sizes=\"auto, (max-width: 768px) 100vw, 768px\" \/><\/figure>\n\n\n\n<figure class=\"wp-block-image size-full\"><img loading=\"lazy\" decoding=\"async\" width=\"768\" height=\"512\" src=\"http:\/\/blogdoarmindomaia.com.br\/wp-content\/uploads\/2022\/08\/prefeitura-no-bairro-12.jpeg\" alt=\"\" class=\"wp-image-2102\" srcset=\"http:\/\/blogdoarmindomaia.com.br\/wp-content\/uploads\/2022\/08\/prefeitura-no-bairro-12.jpeg 768w, http:\/\/blogdoarmindomaia.com.br\/wp-content\/uploads\/2022\/08\/prefeitura-no-bairro-12-300x200.jpeg 300w\" sizes=\"auto, (max-width: 768px) 100vw, 768px\" \/><\/figure>\n\n\n\n<p>A 5\u00aa edi\u00e7\u00e3o do programa Prefeitura no Bairro, no P\u00e3o de A\u00e7\u00facar 4, foi de an\u00fancio de uma Unidade B\u00e1sica de Sa\u00fade para o local e apresentou salas modulares que v\u00e3o ampliar espa\u00e7os de estudo no Centro Municipal de Educa\u00e7\u00e3o Infantil Querobina Gomes Borges e em outros tr\u00eas Cemeis.<br><br>O evento aconteceu durante a manh\u00e3 do \u00faltimo s\u00e1bado (30), na Escola Municipal Agar de Affonseca e Silva, e foi marcado tamb\u00e9m pela participa\u00e7\u00e3o popular, atraindo mais de 1.000 pessoas.<br><br>O an\u00fancio das benfeitorias vem de encontro ao compromisso firmado pela gest\u00e3o de aproximar servi\u00e7os de sa\u00fade aos bairros e investir na educa\u00e7\u00e3o. De acordo com o prefeito Robson Magela, esses s\u00e3o um dos pilares fundamentais para o desenvolvimento social.<br><br>&#8220;Eu sempre digo que a educa\u00e7\u00e3o \u00e9 o futuro, pois contribui para o desenvolvimento de uma comunidade com mais oportunidades. E a promo\u00e7\u00e3o da sa\u00fade torna poss\u00edvel uma popula\u00e7\u00e3o com mais qualidade e com acesso aos servi\u00e7os b\u00e1sicos&#8221;, reitera o prefeito.<br><br>O P\u00e3o de A\u00e7\u00facar 4 receber\u00e1 uma Unidade B\u00e1sica de Sa\u00fade Tipo 1, contemplada tamb\u00e9m com uma Estrat\u00e9gia de Sa\u00fade da Fam\u00edlia (ESF), com a oferta de m\u00e9dicos, fisioterapeutas, nutricionistas, psic\u00f3logos, agentes comunit\u00e1rios de sa\u00fade, enfermeiros, entre outros servi\u00e7os. A constru\u00e7\u00e3o da unidade vai constar no Or\u00e7amento Municipal de 2023.<br><br>Vizinho \u00e0 Escola Agar de Affonseca e Silva, o Cemei Querobina Gomes Borges recebeu quatro salas e dois banheiros modulares, apresentados durante o evento.<br><br>A Prefeitura de Arax\u00e1 investiu mais de R$ 1.914.400 na aquisi\u00e7\u00e3o de 12 salas e cinco banheiros modulares, que v\u00e3o contemplar quatro Cemeis &#8211; al\u00e9m, do Querobina Gomes Borges, tamb\u00e9m os Cemeis Professora Marlene Braga Guimar\u00e3es (Max Neumann), Dalva Santos Zema (P\u00e3o de A\u00e7\u00facar) e Doralice Afonso de Azevedo (Ana Ant\u00f4nia).<br><br><strong>Servi\u00e7os<br><\/strong><br>Entre os servi\u00e7os ofertados pelo Prefeitura no Bairro est\u00e3o o agendamento para emiss\u00e3o de 1\u00aa via de identidade, vacina\u00e7\u00e3o contra a Covid e de rotina, acesso a programas sociais, orienta\u00e7\u00e3o para a abertura de empresas, atividades esportivas e muitos outros projetos desenvolvidos pela Prefeitura de Arax\u00e1.<br><br>O programa acontece todo \u00faltimo s\u00e1bado do m\u00eas em uma regi\u00e3o do munic\u00edpio, e tem como principal objetivo aproximar a gest\u00e3o da popula\u00e7\u00e3o.<br><\/p>\n","protected":false},"excerpt":{"rendered":"<p>A 5\u00aa edi\u00e7\u00e3o do programa Prefeitura no Bairro, no P\u00e3o de A\u00e7\u00facar 4, foi de an\u00fancio de uma Unidade B\u00e1sica<\/p>\n","protected":false},"author":2,"featured_media":2104,"comment_status":"open","ping_status":"open","sticky":false,"template":"","format":"standard","meta":{"footnotes":""},"categories":[9,8,11],"tags":[],"class_list":["post-2101","post","type-post","status-publish","format-standard","has-post-thumbnail","hentry","category-araxa","category-cidades","category-destaques"],"_links":{"self":[{"href":"http:\/\/blogdoarmindomaia.com.br\/index.php?rest_route=\/wp\/v2\/posts\/2101","targetHints":{"allow":["GET"]}}],"collection":[{"href":"http:\/\/blogdoarmindomaia.com.br\/index.php?rest_route=\/wp\/v2\/posts"}],"about":[{"href":"http:\/\/blogdoarmindomaia.com.br\/index.php?rest_route=\/wp\/v2\/types\/post"}],"author":[{"embeddable":true,"href":"http:\/\/blogdoarmindomaia.com.br\/index.php?rest_route=\/wp\/v2\/users\/2"}],"replies":[{"embeddable":true,"href":"http:\/\/blogdoarmindomaia.com.br\/index.php?rest_route=%2Fwp%2Fv2%2Fcomments&post=2101"}],"version-history":[{"count":1,"href":"http:\/\/blogdoarmindomaia.com.br\/index.php?rest_route=\/wp\/v2\/posts\/2101\/revisions"}],"predecessor-version":[{"id":2105,"href":"http:\/\/blogdoarmindomaia.com.br\/index.php?rest_route=\/wp\/v2\/posts\/2101\/revisions\/2105"}],"wp:featuredmedia":[{"embeddable":true,"href":"http:\/\/blogdoarmindomaia.com.br\/index.php?rest_route=\/wp\/v2\/media\/2104"}],"wp:attachment":[{"href":"http:\/\/blogdoarmindomaia.com.br\/index.php?rest_route=%2Fwp%2Fv2%2Fmedia&parent=2101"}],"wp:term":[{"taxonomy":"category","embeddable":true,"href":"http:\/\/blogdoarmindomaia.com.br\/index.php?rest_route=%2Fwp%2Fv2%2Fcategories&post=2101"},{"taxonomy":"post_tag","embeddable":true,"href":"http:\/\/blogdoarmindomaia.com.br\/index.php?rest_route=%2Fwp%2Fv2%2Ftags&post=2101"}],"curies":[{"name":"wp","href":"https:\/\/api.w.org\/{rel}","templated":true}]}}