{"id":2106,"date":"2022-08-02T12:07:05","date_gmt":"2022-08-02T15:07:05","guid":{"rendered":"http:\/\/blogdoarmindomaia.com.br\/?p=2106"},"modified":"2022-08-02T12:07:06","modified_gmt":"2022-08-02T15:07:06","slug":"24o-encontro-de-carros-antigos-em-araxa-e-destaque-na-ate-na-midia-internacional","status":"publish","type":"post","link":"http:\/\/blogdoarmindomaia.com.br\/?p=2106","title":{"rendered":"24\u00ba Encontro de Carros Antigos em Arax\u00e1 \u00e9 destaque na at\u00e9 na m\u00eddia internacional"},"content":{"rendered":"\n<figure class=\"wp-block-image size-large\"><img loading=\"lazy\" decoding=\"async\" width=\"1024\" height=\"768\" src=\"http:\/\/blogdoarmindomaia.com.br\/wp-content\/uploads\/2022\/08\/patio_2-1024x768.jpg\" alt=\"\" class=\"wp-image-2108\" srcset=\"http:\/\/blogdoarmindomaia.com.br\/wp-content\/uploads\/2022\/08\/patio_2-1024x768.jpg 1024w, http:\/\/blogdoarmindomaia.com.br\/wp-content\/uploads\/2022\/08\/patio_2-300x225.jpg 300w, http:\/\/blogdoarmindomaia.com.br\/wp-content\/uploads\/2022\/08\/patio_2-768x576.jpg 768w, http:\/\/blogdoarmindomaia.com.br\/wp-content\/uploads\/2022\/08\/patio_2.jpg 1280w\" sizes=\"auto, (max-width: 1024px) 100vw, 1024px\" \/><\/figure>\n\n\n\n<figure class=\"wp-block-image size-large\"><img loading=\"lazy\" decoding=\"async\" width=\"1024\" height=\"768\" src=\"http:\/\/blogdoarmindomaia.com.br\/wp-content\/uploads\/2022\/08\/patio_4-1024x768.jpg\" alt=\"\" class=\"wp-image-2110\" srcset=\"http:\/\/blogdoarmindomaia.com.br\/wp-content\/uploads\/2022\/08\/patio_4-1024x768.jpg 1024w, http:\/\/blogdoarmindomaia.com.br\/wp-content\/uploads\/2022\/08\/patio_4-300x225.jpg 300w, http:\/\/blogdoarmindomaia.com.br\/wp-content\/uploads\/2022\/08\/patio_4-768x576.jpg 768w, http:\/\/blogdoarmindomaia.com.br\/wp-content\/uploads\/2022\/08\/patio_4.jpg 1280w\" sizes=\"auto, (max-width: 1024px) 100vw, 1024px\" \/><\/figure>\n\n\n\n<figure class=\"wp-block-image size-large\"><img loading=\"lazy\" decoding=\"async\" width=\"1024\" height=\"461\" src=\"http:\/\/blogdoarmindomaia.com.br\/wp-content\/uploads\/2022\/08\/patio_1-1024x461.jpg\" alt=\"\" class=\"wp-image-2109\" srcset=\"http:\/\/blogdoarmindomaia.com.br\/wp-content\/uploads\/2022\/08\/patio_1-1024x461.jpg 1024w, http:\/\/blogdoarmindomaia.com.br\/wp-content\/uploads\/2022\/08\/patio_1-300x135.jpg 300w, http:\/\/blogdoarmindomaia.com.br\/wp-content\/uploads\/2022\/08\/patio_1-768x346.jpg 768w, http:\/\/blogdoarmindomaia.com.br\/wp-content\/uploads\/2022\/08\/patio_1.jpg 1280w\" sizes=\"auto, (max-width: 1024px) 100vw, 1024px\" \/><\/figure>\n\n\n\n<figure class=\"wp-block-image size-large\"><img loading=\"lazy\" decoding=\"async\" width=\"1024\" height=\"765\" src=\"http:\/\/blogdoarmindomaia.com.br\/wp-content\/uploads\/2022\/08\/24-Encontro-de-carros-antigos-de-Araxa-e-desrtaque-pag-12-1024x765.jpeg\" alt=\"\" class=\"wp-image-2107\" srcset=\"http:\/\/blogdoarmindomaia.com.br\/wp-content\/uploads\/2022\/08\/24-Encontro-de-carros-antigos-de-Araxa-e-desrtaque-pag-12-1024x765.jpeg 1024w, http:\/\/blogdoarmindomaia.com.br\/wp-content\/uploads\/2022\/08\/24-Encontro-de-carros-antigos-de-Araxa-e-desrtaque-pag-12-300x224.jpeg 300w, http:\/\/blogdoarmindomaia.com.br\/wp-content\/uploads\/2022\/08\/24-Encontro-de-carros-antigos-de-Araxa-e-desrtaque-pag-12-768x574.jpeg 768w, http:\/\/blogdoarmindomaia.com.br\/wp-content\/uploads\/2022\/08\/24-Encontro-de-carros-antigos-de-Araxa-e-desrtaque-pag-12.jpeg 1280w\" sizes=\"auto, (max-width: 1024px) 100vw, 1024px\" \/><\/figure>\n\n\n\n<p>Arax\u00e1 na m\u00eddia! Os holofotes se voltaram para a Terra de Beja nos \u00faltimos dias devido ao tradicional Encontro Nacional de Carros Antigos. O evento voltou com enorme entusiasmo da parte de colecionadores e admiradores do antigo antigomobilismo.<br><br>De 28 e 31 de julho, a 24\u00aa edi\u00e7\u00e3o do evento, al\u00e9m do apoio da Prefeitura de Arax\u00e1, recebeu parceria de uma das maiores marcas do setor automobil\u00edstico, a Kia Motors.<br><br>Com espa\u00e7o altamente tecnol\u00f3gico fixado na Est\u00e2ncia Hidromineral do Barreiro, a empresa sul-coreana, exp\u00f4s um de seus modelos, em ordem cronol\u00f3gica de fabrica\u00e7\u00e3o e trouxe mais de 60 jornalistas, vindos de diferentes regi\u00f5es do pa\u00eds, para realizar a cobertura do evento que \u00e9 refer\u00eancia internacional no setor e considerado o 3\u00ba maior encontro da Am\u00e9rica Latina.<br><br>Jornais da regi\u00e3o, do Estado e tamb\u00e9m conhecidos nacionalmente registraram as diversas atra\u00e7\u00f5es do encontro e as mais de 250 raridades expostas. Canais da plataforma YouTube, sites e programas especializados em carros, como o Auto Papo, evidenciaram positivamente a presen\u00e7a do p\u00fablico, que pode prestigiar uma programa\u00e7\u00e3o voltada para todas as faixas et\u00e1rias, atrav\u00e9s de apresenta\u00e7\u00f5es musicais, estandes com pequenos objetos e antiguidades e o trabalho impec\u00e1vel de profissionais da \u00e1rea, como mec\u00e2nicos e lanterneiros.<br><br>O prefeito Robson Magela destaca a sua satisfa\u00e7\u00e3o em Arax\u00e1 poder receber um evento como este, principalmente com a retomada da economia p\u00f3s-pandemia. \u201c\u00c9 um sonho realizado para a Administra\u00e7\u00e3o Municipal, araxaenses, organizadores e colecionadores. Vamos nos esfor\u00e7ar cada vez mais para continuar trazendo este evento para a cidade. J\u00e1 estamos ansiosos para a pr\u00f3xima edi\u00e7\u00e3o\u201d, diz.<br><br>O secret\u00e1rio municipal de Desenvolvimento Econ\u00f4mico, Inova\u00e7\u00e3o e Turismo, Juliano Cesar da Silva, refor\u00e7a a import\u00e2ncia dos eventos para o fomento da economia e do turismo. \u201cHoje os comerciantes de Arax\u00e1 voltados ao turismo est\u00e3o totalmente satisfeitos. E esse \u00e9 o nosso objetivo, abrimos Arax\u00e1 novamente para o Brasil e o mundo, com bastante profissionalismo e isso tem uma enorme import\u00e2ncia para a economia e o desenvolvimento da cidade\u201d, conta.<br><br>O presidente do Instituto Cultural Veteran Car de Minas Gerais, organizador do evento, Oswaldo Borges da Costa Filho, agradece o apoio da Prefeitura de Arax\u00e1 e se emociona ao falar desse evento t\u00e3o renomado em todo o pa\u00eds. \u201c\u00c9 uma emo\u00e7\u00e3o muito grande para n\u00f3s. Estar nesse ambiente, com esses carros maravilhosos, tudo conspirou para o sucesso desse evento. A colabora\u00e7\u00e3o e a sensibilidade da prefeitura foram fundamentais para viabilizar esse encontro\u201d, destaca.<\/p>\n","protected":false},"excerpt":{"rendered":"<p>Arax\u00e1 na m\u00eddia! Os holofotes se voltaram para a Terra de Beja nos \u00faltimos dias devido ao tradicional Encontro Nacional<\/p>\n","protected":false},"author":2,"featured_media":2109,"comment_status":"open","ping_status":"open","sticky":false,"template":"","format":"standard","meta":{"footnotes":""},"categories":[9,5,11],"tags":[],"class_list":["post-2106","post","type-post","status-publish","format-standard","has-post-thumbnail","hentry","category-araxa","category-arte-e-cultura","category-destaques"],"_links":{"self":[{"href":"http:\/\/blogdoarmindomaia.com.br\/index.php?rest_route=\/wp\/v2\/posts\/2106","targetHints":{"allow":["GET"]}}],"collection":[{"href":"http:\/\/blogdoarmindomaia.com.br\/index.php?rest_route=\/wp\/v2\/posts"}],"about":[{"href":"http:\/\/blogdoarmindomaia.com.br\/index.php?rest_route=\/wp\/v2\/types\/post"}],"author":[{"embeddable":true,"href":"http:\/\/blogdoarmindomaia.com.br\/index.php?rest_route=\/wp\/v2\/users\/2"}],"replies":[{"embeddable":true,"href":"http:\/\/blogdoarmindomaia.com.br\/index.php?rest_route=%2Fwp%2Fv2%2Fcomments&post=2106"}],"version-history":[{"count":1,"href":"http:\/\/blogdoarmindomaia.com.br\/index.php?rest_route=\/wp\/v2\/posts\/2106\/revisions"}],"predecessor-version":[{"id":2111,"href":"http:\/\/blogdoarmindomaia.com.br\/index.php?rest_route=\/wp\/v2\/posts\/2106\/revisions\/2111"}],"wp:featuredmedia":[{"embeddable":true,"href":"http:\/\/blogdoarmindomaia.com.br\/index.php?rest_route=\/wp\/v2\/media\/2109"}],"wp:attachment":[{"href":"http:\/\/blogdoarmindomaia.com.br\/index.php?rest_route=%2Fwp%2Fv2%2Fmedia&parent=2106"}],"wp:term":[{"taxonomy":"category","embeddable":true,"href":"http:\/\/blogdoarmindomaia.com.br\/index.php?rest_route=%2Fwp%2Fv2%2Fcategories&post=2106"},{"taxonomy":"post_tag","embeddable":true,"href":"http:\/\/blogdoarmindomaia.com.br\/index.php?rest_route=%2Fwp%2Fv2%2Ftags&post=2106"}],"curies":[{"name":"wp","href":"https:\/\/api.w.org\/{rel}","templated":true}]}}