{"id":2117,"date":"2022-08-02T14:29:17","date_gmt":"2022-08-02T17:29:17","guid":{"rendered":"http:\/\/blogdoarmindomaia.com.br\/?p=2117"},"modified":"2022-08-02T14:29:19","modified_gmt":"2022-08-02T17:29:19","slug":"filarmonica-de-minas-gerais-realiza-concerto-gratuito-em-araxa","status":"publish","type":"post","link":"http:\/\/blogdoarmindomaia.com.br\/?p=2117","title":{"rendered":"Filarm\u00f4nica de Minas Gerais realiza concerto gratuito em Arax\u00e1"},"content":{"rendered":"\n<figure class=\"wp-block-image size-large\"><img loading=\"lazy\" decoding=\"async\" width=\"1024\" height=\"682\" src=\"http:\/\/blogdoarmindomaia.com.br\/wp-content\/uploads\/2022\/08\/2022_Maestro-Jose-Soares_foto-Flora-Silberschneider-1-1024x682.jpg\" alt=\"\" class=\"wp-image-2119\" srcset=\"http:\/\/blogdoarmindomaia.com.br\/wp-content\/uploads\/2022\/08\/2022_Maestro-Jose-Soares_foto-Flora-Silberschneider-1-1024x682.jpg 1024w, http:\/\/blogdoarmindomaia.com.br\/wp-content\/uploads\/2022\/08\/2022_Maestro-Jose-Soares_foto-Flora-Silberschneider-1-300x200.jpg 300w, http:\/\/blogdoarmindomaia.com.br\/wp-content\/uploads\/2022\/08\/2022_Maestro-Jose-Soares_foto-Flora-Silberschneider-1-768x512.jpg 768w, http:\/\/blogdoarmindomaia.com.br\/wp-content\/uploads\/2022\/08\/2022_Maestro-Jose-Soares_foto-Flora-Silberschneider-1-1536x1024.jpg 1536w, http:\/\/blogdoarmindomaia.com.br\/wp-content\/uploads\/2022\/08\/2022_Maestro-Jose-Soares_foto-Flora-Silberschneider-1-2048x1365.jpg 2048w\" sizes=\"auto, (max-width: 1024px) 100vw, 1024px\" \/><\/figure>\n\n\n\n<figure class=\"wp-block-image size-large\"><img loading=\"lazy\" decoding=\"async\" width=\"1024\" height=\"683\" src=\"http:\/\/blogdoarmindomaia.com.br\/wp-content\/uploads\/2022\/08\/Filarmonica-na-Praca-FilarmonicaMG-foto-Daniela-Paoliello-92-Imprensa-1024x683.jpg\" alt=\"\" class=\"wp-image-2118\" srcset=\"http:\/\/blogdoarmindomaia.com.br\/wp-content\/uploads\/2022\/08\/Filarmonica-na-Praca-FilarmonicaMG-foto-Daniela-Paoliello-92-Imprensa-1024x683.jpg 1024w, http:\/\/blogdoarmindomaia.com.br\/wp-content\/uploads\/2022\/08\/Filarmonica-na-Praca-FilarmonicaMG-foto-Daniela-Paoliello-92-Imprensa-300x200.jpg 300w, http:\/\/blogdoarmindomaia.com.br\/wp-content\/uploads\/2022\/08\/Filarmonica-na-Praca-FilarmonicaMG-foto-Daniela-Paoliello-92-Imprensa-768x512.jpg 768w, http:\/\/blogdoarmindomaia.com.br\/wp-content\/uploads\/2022\/08\/Filarmonica-na-Praca-FilarmonicaMG-foto-Daniela-Paoliello-92-Imprensa-1536x1025.jpg 1536w, http:\/\/blogdoarmindomaia.com.br\/wp-content\/uploads\/2022\/08\/Filarmonica-na-Praca-FilarmonicaMG-foto-Daniela-Paoliello-92-Imprensa.jpg 1920w\" sizes=\"auto, (max-width: 1024px) 100vw, 1024px\" \/><\/figure>\n\n\n\n<p>A<strong> Filarm\u00f4nica de Minas Gerais<\/strong>,uma das iniciativas culturais mais bem-sucedidas do pa\u00eds, est\u00e1 em turn\u00ea pelo estado e chega a<strong> Arax\u00e1<\/strong> nos dias <strong>5 e 6 de agosto ( hoje e amanh\u00e3),<\/strong> para duas apresenta\u00e7\u00f5es. No <strong>dia 5<\/strong>, \u00e0s 15h30, alunos de escolas da regi\u00e3o participam de um Concerto Did\u00e1tico no <strong>Teatro Municipal Maximiliano Rocha<\/strong>. J\u00e1 no dia <strong>6 de agosto<\/strong>, o concerto gratuito \u00e9 aberto a todo o p\u00fablico e ser\u00e1 \u00e0s <strong>20h<\/strong>, tamb\u00e9m no <strong>Teatro Municipal<\/strong> <strong>Maximiliano Rocha.<\/strong> Sob a batuta de <strong>Jos\u00e9 Soares<\/strong>, Regente Associado da Filarm\u00f4nica, a Orquestra apresenta um repert\u00f3rio totalmente brasileiro, destacando a variedade de estilos e as influ\u00eancias das nossas ra\u00edzes na m\u00fasica orquestral feita no pa\u00eds, com obras de Alberto Nepomuceno, Eleazar de Carvalho, Francisco Mignone, Gilberto Mendes, Guerra-Peixe, Lorenzo Fernandez e Carlos Gomes. <strong>As apresenta\u00e7\u00f5es s\u00e3o gratuitas<\/strong>, sendo que a participa\u00e7\u00e3o no Concerto Did\u00e1tico \u00e9 para escolas selecionadas pela Prefeitura de Arax\u00e1.<\/p>\n\n\n\n<p>Para o maestro Jos\u00e9 Soares, \u201cas turn\u00eas estaduais da Orquestra refor\u00e7am nossa tradi\u00e7\u00e3o de ampliar o acesso \u00e0 m\u00fasica de concerto e conquistar novos p\u00fablicos. \u00c9 muito importante que um n\u00famero cada vez maior de pessoas tenha a oportunidade de assistir \u00e0 Orquestra\u201d. Sobre o repert\u00f3rio, Jos\u00e9 Soares diz que \u201cos mineiros e mineiras v\u00e3o ficar encantados por ouvir obras de grande beleza e qualidade criadas por brasileiros\u201d.<\/p>\n\n\n\n<p>\u00c1lvaro Rezende, da \u00e1rea de Relacionamento com a Comunidade da CBMM, fala com entusiasmo que \u201cArax\u00e1 ser\u00e1 presenteada com as apresenta\u00e7\u00f5es da Orquestra Filarm\u00f4nica de Minas Gerais nesta semana. Para n\u00f3s, \u00e9 uma honra proporcionar esse encontro entre o grupo sinf\u00f4nico e a comunidade local. \u00c9 mais uma forma de criar conex\u00f5es entre as pessoas e os projetos que acontecem em diversas regi\u00f5es do estado e do pa\u00eds. Sendo assim, convidamos todos para prestigiarem o concerto e se emocionarem com o repert\u00f3rio preparado especialmente para os araxaenses\u201d.<\/p>\n\n\n\n<p>O Diretor Presidente do Instituto Cultural Filarm\u00f4nica, Diomar Silveira, lembra que \u201cinvestir em Cultura \u00e9 prova de compromisso com a qualidade de vida nas comunidades e, neste sentido, a CBMM \u00e9 um exemplo para Minas e para todo o Brasil. Investir na Orquestra Filarm\u00f4nica \u00e9 fazer uma escolha por um projeto cultural de excel\u00eancia, \u00e9 unir-se ao Instituto Cultural Filarm\u00f4nica, organiza\u00e7\u00e3o social gestora da orquestra, em seus esfor\u00e7os no sentido de possibilitar o acesso das pessoas \u00e0 m\u00fasica sinf\u00f4nica, para que elas se beneficiem de sua for\u00e7a unificadora e emancipadora. \u00c9 uma alegria podermos, uma vez mais, levar a Filarm\u00f4nica aos estudantes e \u00e0 popula\u00e7\u00e3o de Arax\u00e1\u201d.<\/p>\n\n\n\n<p>Este projeto \u00e9 apresentado pelo Minist\u00e9rio do Turismo e CBMM<strong>,<\/strong> por meio da Lei Federal de Incentivo \u00e0 Cultura. Realiza\u00e7\u00e3o: Instituto Cultural Filarm\u00f4nica, Secretaria Especial da Cultura e Minist\u00e9rio do Turismo.<\/p>\n\n\n\n<p>Este concerto conta com o apoio da Prefeitura de Arax\u00e1 por meio da Funda\u00e7\u00e3o Cultural Calmon Barreto.<\/p>\n","protected":false},"excerpt":{"rendered":"<p>A Filarm\u00f4nica de Minas Gerais,uma das iniciativas culturais mais bem-sucedidas do pa\u00eds, est\u00e1 em turn\u00ea pelo estado e chega a<\/p>\n","protected":false},"author":2,"featured_media":2118,"comment_status":"open","ping_status":"open","sticky":false,"template":"","format":"standard","meta":{"footnotes":""},"categories":[9,5,11],"tags":[],"class_list":["post-2117","post","type-post","status-publish","format-standard","has-post-thumbnail","hentry","category-araxa","category-arte-e-cultura","category-destaques"],"_links":{"self":[{"href":"http:\/\/blogdoarmindomaia.com.br\/index.php?rest_route=\/wp\/v2\/posts\/2117","targetHints":{"allow":["GET"]}}],"collection":[{"href":"http:\/\/blogdoarmindomaia.com.br\/index.php?rest_route=\/wp\/v2\/posts"}],"about":[{"href":"http:\/\/blogdoarmindomaia.com.br\/index.php?rest_route=\/wp\/v2\/types\/post"}],"author":[{"embeddable":true,"href":"http:\/\/blogdoarmindomaia.com.br\/index.php?rest_route=\/wp\/v2\/users\/2"}],"replies":[{"embeddable":true,"href":"http:\/\/blogdoarmindomaia.com.br\/index.php?rest_route=%2Fwp%2Fv2%2Fcomments&post=2117"}],"version-history":[{"count":1,"href":"http:\/\/blogdoarmindomaia.com.br\/index.php?rest_route=\/wp\/v2\/posts\/2117\/revisions"}],"predecessor-version":[{"id":2120,"href":"http:\/\/blogdoarmindomaia.com.br\/index.php?rest_route=\/wp\/v2\/posts\/2117\/revisions\/2120"}],"wp:featuredmedia":[{"embeddable":true,"href":"http:\/\/blogdoarmindomaia.com.br\/index.php?rest_route=\/wp\/v2\/media\/2118"}],"wp:attachment":[{"href":"http:\/\/blogdoarmindomaia.com.br\/index.php?rest_route=%2Fwp%2Fv2%2Fmedia&parent=2117"}],"wp:term":[{"taxonomy":"category","embeddable":true,"href":"http:\/\/blogdoarmindomaia.com.br\/index.php?rest_route=%2Fwp%2Fv2%2Fcategories&post=2117"},{"taxonomy":"post_tag","embeddable":true,"href":"http:\/\/blogdoarmindomaia.com.br\/index.php?rest_route=%2Fwp%2Fv2%2Ftags&post=2117"}],"curies":[{"name":"wp","href":"https:\/\/api.w.org\/{rel}","templated":true}]}}