{"id":213,"date":"2022-04-11T22:25:25","date_gmt":"2022-04-12T01:25:25","guid":{"rendered":"http:\/\/blogdoarmindomaia.com.br\/?p=213"},"modified":"2022-04-11T22:25:27","modified_gmt":"2022-04-12T01:25:27","slug":"detran-de-araxa-tem-novo-delegado-coordenador","status":"publish","type":"post","link":"http:\/\/blogdoarmindomaia.com.br\/?p=213","title":{"rendered":"Detran de Arax\u00e1 tem novo Delegado Coordenador"},"content":{"rendered":"\n<figure class=\"wp-block-image size-full is-resized is-style-default\"><img loading=\"lazy\" decoding=\"async\" src=\"http:\/\/blogdoarmindomaia.com.br\/wp-content\/uploads\/2022\/04\/Regional-de-Araxa-Vitor-Hugo.jpg\" alt=\"\" class=\"wp-image-214\" width=\"469\" height=\"426\" srcset=\"http:\/\/blogdoarmindomaia.com.br\/wp-content\/uploads\/2022\/04\/Regional-de-Araxa-Vitor-Hugo.jpg 370w, http:\/\/blogdoarmindomaia.com.br\/wp-content\/uploads\/2022\/04\/Regional-de-Araxa-Vitor-Hugo-300x272.jpg 300w\" sizes=\"auto, (max-width: 469px) 100vw, 469px\" \/><\/figure>\n\n\n\n<p>Com a mudan\u00e7a no comando da 2\u00aa Delegacia Regional da Pol\u00edcia Civil de Arax\u00e1, agora sob a dire\u00e7\u00e3o do Delegado Regional Dr. Valter Andr\u00e9 Biscaro Silviano, quem assumiu a Delegacia de Tr\u00e2nsito de Arax\u00e1 (Detran), foi o ex delegado regional de Arax\u00e1, Dr. Vitor Hugo Heisler. Consequentemente. Heisler ocupa agora o posto que antes era do Delegado Dr. Renato Alcino Vieira, que ter\u00e1 nova fun\u00e7\u00e3o dentro da Pol\u00edcia Civil. De acordo com Dr. Vitor Hugo, que j\u00e1 comandou o Detran de Arax\u00e1 no passado, \u201c hoje as demandas no Detran local s\u00e3o muitas e a gente mesmo com pouca estrutura ofertada pelo Governo do Estado, procuramos realizar um servi\u00e7o descente que possa atender bem o usu\u00e1rio de nossa cidade e regi\u00e3o. \u00c9 sabido que o Detran de Minas Gerais \u00e9 um dos \u00fanicos do Brasil que ainda est\u00e1 sob a chancela da Pol\u00edcia Civil. \u00c9 uma miss\u00e3o \u00e1rdua, mas a nossa institui\u00e7\u00e3o ainda consegue, mesmo com muita dificuldade, zelar por um servi\u00e7o de qualidade e com credibilidade\u201d. \u00a0\u00a0\u00a0\u00a0\u00a0 \u00a0<\/p>\n","protected":false},"excerpt":{"rendered":"<p>Com a mudan\u00e7a no comando da 2\u00aa Delegacia Regional da Pol\u00edcia Civil de Arax\u00e1, agora sob a dire\u00e7\u00e3o do Delegado<\/p>\n","protected":false},"author":2,"featured_media":214,"comment_status":"open","ping_status":"open","sticky":false,"template":"","format":"standard","meta":{"footnotes":""},"categories":[9,24],"tags":[],"class_list":["post-213","post","type-post","status-publish","format-standard","has-post-thumbnail","hentry","category-araxa","category-policia"],"_links":{"self":[{"href":"http:\/\/blogdoarmindomaia.com.br\/index.php?rest_route=\/wp\/v2\/posts\/213","targetHints":{"allow":["GET"]}}],"collection":[{"href":"http:\/\/blogdoarmindomaia.com.br\/index.php?rest_route=\/wp\/v2\/posts"}],"about":[{"href":"http:\/\/blogdoarmindomaia.com.br\/index.php?rest_route=\/wp\/v2\/types\/post"}],"author":[{"embeddable":true,"href":"http:\/\/blogdoarmindomaia.com.br\/index.php?rest_route=\/wp\/v2\/users\/2"}],"replies":[{"embeddable":true,"href":"http:\/\/blogdoarmindomaia.com.br\/index.php?rest_route=%2Fwp%2Fv2%2Fcomments&post=213"}],"version-history":[{"count":1,"href":"http:\/\/blogdoarmindomaia.com.br\/index.php?rest_route=\/wp\/v2\/posts\/213\/revisions"}],"predecessor-version":[{"id":215,"href":"http:\/\/blogdoarmindomaia.com.br\/index.php?rest_route=\/wp\/v2\/posts\/213\/revisions\/215"}],"wp:featuredmedia":[{"embeddable":true,"href":"http:\/\/blogdoarmindomaia.com.br\/index.php?rest_route=\/wp\/v2\/media\/214"}],"wp:attachment":[{"href":"http:\/\/blogdoarmindomaia.com.br\/index.php?rest_route=%2Fwp%2Fv2%2Fmedia&parent=213"}],"wp:term":[{"taxonomy":"category","embeddable":true,"href":"http:\/\/blogdoarmindomaia.com.br\/index.php?rest_route=%2Fwp%2Fv2%2Fcategories&post=213"},{"taxonomy":"post_tag","embeddable":true,"href":"http:\/\/blogdoarmindomaia.com.br\/index.php?rest_route=%2Fwp%2Fv2%2Ftags&post=213"}],"curies":[{"name":"wp","href":"https:\/\/api.w.org\/{rel}","templated":true}]}}