{"id":2134,"date":"2022-08-03T16:28:53","date_gmt":"2022-08-03T19:28:53","guid":{"rendered":"http:\/\/blogdoarmindomaia.com.br\/?p=2134"},"modified":"2022-08-03T16:28:55","modified_gmt":"2022-08-03T19:28:55","slug":"kombi-carregada-de-cultura-levara-musica-instrumental-as-escolas-de-araxa","status":"publish","type":"post","link":"http:\/\/blogdoarmindomaia.com.br\/?p=2134","title":{"rendered":"Kombi carregada de cultura levar\u00e1 m\u00fasica instrumental \u00e0s escolas de Arax\u00e1"},"content":{"rendered":"\n<figure class=\"wp-block-image size-large\"><img loading=\"lazy\" decoding=\"async\" width=\"1024\" height=\"550\" src=\"http:\/\/blogdoarmindomaia.com.br\/wp-content\/uploads\/2022\/08\/kombi-1024x550.jpg\" alt=\"\" class=\"wp-image-2135\" srcset=\"http:\/\/blogdoarmindomaia.com.br\/wp-content\/uploads\/2022\/08\/kombi-1024x550.jpg 1024w, http:\/\/blogdoarmindomaia.com.br\/wp-content\/uploads\/2022\/08\/kombi-300x161.jpg 300w, http:\/\/blogdoarmindomaia.com.br\/wp-content\/uploads\/2022\/08\/kombi-768x412.jpg 768w, http:\/\/blogdoarmindomaia.com.br\/wp-content\/uploads\/2022\/08\/kombi.jpg 1280w\" sizes=\"auto, (max-width: 1024px) 100vw, 1024px\" \/><\/figure>\n\n\n\n<p><em>Vinte institui\u00e7\u00f5es receber\u00e3o a visita de m\u00fasicos em momentos de divers\u00e3o e aprendizado por meio do projeto <\/em>\u201cM\u00fasica Semeando Conhecimentos\u201d<\/p>\n\n\n\n<p>Imagine uma Kombi toda colorida e a servi\u00e7o da educa\u00e7\u00e3o e da cultura. Sobre quatro rodas, um grupo de m\u00fasicos de Arax\u00e1 vai circular pelas escolas da cidade proporcionando experi\u00eancias inesquec\u00edveis a estudantes da rede p\u00fablica. \u00c9 o projeto \u201cM\u00fasica Semeando Conhecimentos\u201d que come\u00e7a a partir de agosto e promete movimentar a cidade.<\/p>\n\n\n\n<p>Segundo o idealizador, Tiago Martins, a inten\u00e7\u00e3o \u00e9 colaborar com a forma\u00e7\u00e3o musical de crian\u00e7as e adolescentes da rede p\u00fablica de ensino de Arax\u00e1, al\u00e9m de promover a forma\u00e7\u00e3o de plateia para a m\u00fasica instrumental. \u201cVamos mostrar um som de maneira palp\u00e1vel, apresentar estilos e segmentos musicais que muitas crian\u00e7as e adolescentes n\u00e3o t\u00eam acesso. Caminhando no universo da m\u00fasica como produtor e educador musical percebi que muitas s\u00f3 precisam de oportunidade, s\u00f3 precisam que a m\u00fasica chegue at\u00e9 elas para que possa haver uma transforma\u00e7\u00e3o\u201d, diz Tiago.<\/p>\n\n\n\n<p>A a\u00e7\u00e3o \u00e9 realizada pelo grupo araxaense Tiago Martins Quarteto por meio da Lei Federal de Incentivo \u00e0 Cultura e tem o patroc\u00ednio da CBMM. Os m\u00fasicos v\u00e3o percorrer na etapa inicial 20 escolas da rede p\u00fablica nas zonas urbana e rural de Arax\u00e1.&nbsp; \u201cVamos fazer o que chamamos de <em>workshow<\/em>. A inten\u00e7\u00e3o \u00e9 falar de m\u00fasica e, ao mesmo tempo, tocar, mostrar alguns instrumentos e, para aproximar ainda mais, vamos contar com a participa\u00e7\u00e3o do p\u00fablico em alguns momentos\u201d, adianta.<\/p>\n\n\n\n<p><strong>Workshop<\/strong><\/p>\n\n\n\n<p>O projeto ser\u00e1 encerrado com um workshop sobre consci\u00eancia r\u00edtmica, aberto \u00e0 comunidade. \u201cOs participantes ir\u00e3o sair do curso com uma audi\u00e7\u00e3o anal\u00edtica bem clara. Os instrutores v\u00e3o trabalhar temas como pulsa\u00e7\u00e3o, ciclos r\u00edtmicos, contagens musicais, improvisa\u00e7\u00e3o, pr\u00e1tica de conjunto, escrita e composi\u00e7\u00e3o, dentre outras habilidades. A percuss\u00e3o corporal \u00e9 um dos pilares do workshop, mostrando essa m\u00fasica de dentro para fora\u201d, explica Tiago.<\/p>\n\n\n\n<p>O workshop ser\u00e1 realizado no dia 21 de agosto a partir de 10h no Parque do Cristo. A entrada \u00e9 gratuita.<\/p>\n\n\n\n<p><strong>Tiago Martins Quarteto<\/strong><\/p>\n\n\n\n<p>O grupo Tiago Martins Quarteto \u00e9 uma refer\u00eancia quando o assunto \u00e9 a m\u00fasica brasileira e o Jazz Fusion. Composto por Tiago Martins, Jack Will, Erasmo Valeriano e Leo Santana; reflete a for\u00e7a dos talentos individuais formando um conjunto que externa grande conhecimento t\u00e9cnico e dons incr\u00edveis j\u00e1 aplaudidos pelos quatro cantos do pa\u00eds.<\/p>\n\n\n\n<p><strong><em>Forma\u00e7\u00e3o:<\/em><\/strong><\/p>\n\n\n\n<p><strong><em>Tiago Martins&nbsp;<\/em><\/strong><\/p>\n\n\n\n<p>Guitarrista, violonista, professor e produtor, Tiago Martins \u00e9 m\u00fasico profissional desde os 17 anos e especializou-se no IG&amp;T em Campinas (SP). \u00c9 diretor da Nota Certa Escola de M\u00fasica em Arax\u00e1 e professor de guitarra desde 2008. J\u00e1 se apresentou em grandes eventos como o Pixinga Bass Festival e tocou ao lado de nomes como Toninho Horta, Danilo Caymmi, Ney Concei\u00e7\u00e3o, Robertinho Silva, Eduardo Machado, Edu Ardanuy, Aquiles Faneco, Andr\u00e9 Nieri, Carlos Balla, Artur Maia, Dino Rangel Big Band, Ludy Rocha, Germano Soraggi, Em\u00edlio e Eduardo e Thaeme e Thiago. Em 2021 Tiago Martins foi o vencedor do concurso de Jazz e Blues de Tiradentes (MG), sendo uma das atra\u00e7\u00f5es do evento neste ano. S\u00e3o 23 anos ininterruptos de amor \u00e0 m\u00fasica.<\/p>\n\n\n\n<p><strong><em>Jack Will<\/em><\/strong><\/p>\n\n\n\n<p>Jack Will \u00e9 um m\u00fasico uberlandense com fortes ra\u00edzes afro-mineiras. Baterista e percussionista com gradua\u00e7\u00e3o em M\u00fasica pela UFU, atua profissionalmente h\u00e1 18 anos em shows, grava\u00e7\u00f5es e aulas. J\u00e1 tocou com v\u00e1rios m\u00fasicos em diversos estados do Brasil e tamb\u00e9m em alguns pa\u00edses da Europa. Em 2022 vai lan\u00e7ar o seu primeiro \u00e1lbum autoral celebrando a arte da m\u00fasica instrumental.<\/p>\n\n\n\n<p><strong><em>Erasmo Valeriano<\/em><\/strong><\/p>\n\n\n\n<p>Erasmo Valeriano \u00e9 baixista e violonista. Atua profissionalmente h\u00e1 17 anos em shows, grava\u00e7\u00f5es e aulas. Fez parte do corpo docente do curso t\u00e9cnico da Escola Municipal de M\u00fasica Maestro Elias Porf\u00edrio de Azevedo, onde lecionou Harmonia, Percep\u00e7\u00e3o e Viol\u00e3o em Conjunto. Tocou com diversos artistas da cidade de Arax\u00e1 e regi\u00e3o, em v\u00e1rias cidades e estados brasileiros. Atualmente integra o Bejazz, grupo que existe h\u00e1 mais de quarenta anos na cidade.<\/p>\n\n\n\n<p><strong><em>Le Santana<\/em><\/strong><\/p>\n\n\n\n<p>Le Santana \u00e9 multi-instrumentista, compositor, arranjador e professor de m\u00fasica. Atua majoritariamente como pianista e arranjador em shows e grava\u00e7\u00f5es de m\u00fasica instrumental e MPB. Sua abordagem compreende conex\u00f5es entre a musicalidade dos regionalismos brasileiros e o seu piano jazz\u00edstico. Lan\u00e7ou em 2021 o seu primeiro \u00e1lbum (Pyt\u00e3) com 11 can\u00e7\u00f5es autorais.&nbsp; Atua em diversos segmentos de educa\u00e7\u00e3o musical como musicaliza\u00e7\u00e3o, t\u00e9cnica em piano popular do b\u00e1sico ao avan\u00e7ado, harmonia, arranjo e improvisa\u00e7\u00e3o. Atuou tamb\u00e9m em produ\u00e7\u00f5es, bandas de variados g\u00eaneros, acompanhou dezenas de artistas em shows e grava\u00e7\u00f5es e h\u00e1 cinco anos idealizou o Canal Jo\u00e3o Bemol, no Youtube, que conta com mais de 200 v\u00eddeos, 27 mil seguidores e aproximadamente 1 milh\u00e3o e meio de visualiza\u00e7\u00f5es.<\/p>\n\n\n\n<p><strong>Servi\u00e7o:<\/strong><\/p>\n\n\n\n<p><strong><em>Projeto <\/em><\/strong><strong>\u201cM\u00fasica Semeando Conhecimentos\u201d<\/strong><\/p>\n\n\n\n<p><strong>Atividades nas escolas: <\/strong>de 1 a 12\/08<\/p>\n\n\n\n<p><strong>Workshop Consci\u00eancia R\u00edtmica: <\/strong>dia 21\/08, 10h \u2013 Parque do Cristo<\/p>\n\n\n\n<p><em>Todas as atividades s\u00e3o gratuitas e abertas ao p\u00fablico<\/em><strong><\/strong><\/p>\n","protected":false},"excerpt":{"rendered":"<p>Vinte institui\u00e7\u00f5es receber\u00e3o a visita de m\u00fasicos em momentos de divers\u00e3o e aprendizado por meio do projeto \u201cM\u00fasica Semeando Conhecimentos\u201d<\/p>\n","protected":false},"author":2,"featured_media":2135,"comment_status":"open","ping_status":"open","sticky":false,"template":"","format":"standard","meta":{"footnotes":""},"categories":[9,5],"tags":[],"class_list":["post-2134","post","type-post","status-publish","format-standard","has-post-thumbnail","hentry","category-araxa","category-arte-e-cultura"],"_links":{"self":[{"href":"http:\/\/blogdoarmindomaia.com.br\/index.php?rest_route=\/wp\/v2\/posts\/2134","targetHints":{"allow":["GET"]}}],"collection":[{"href":"http:\/\/blogdoarmindomaia.com.br\/index.php?rest_route=\/wp\/v2\/posts"}],"about":[{"href":"http:\/\/blogdoarmindomaia.com.br\/index.php?rest_route=\/wp\/v2\/types\/post"}],"author":[{"embeddable":true,"href":"http:\/\/blogdoarmindomaia.com.br\/index.php?rest_route=\/wp\/v2\/users\/2"}],"replies":[{"embeddable":true,"href":"http:\/\/blogdoarmindomaia.com.br\/index.php?rest_route=%2Fwp%2Fv2%2Fcomments&post=2134"}],"version-history":[{"count":1,"href":"http:\/\/blogdoarmindomaia.com.br\/index.php?rest_route=\/wp\/v2\/posts\/2134\/revisions"}],"predecessor-version":[{"id":2136,"href":"http:\/\/blogdoarmindomaia.com.br\/index.php?rest_route=\/wp\/v2\/posts\/2134\/revisions\/2136"}],"wp:featuredmedia":[{"embeddable":true,"href":"http:\/\/blogdoarmindomaia.com.br\/index.php?rest_route=\/wp\/v2\/media\/2135"}],"wp:attachment":[{"href":"http:\/\/blogdoarmindomaia.com.br\/index.php?rest_route=%2Fwp%2Fv2%2Fmedia&parent=2134"}],"wp:term":[{"taxonomy":"category","embeddable":true,"href":"http:\/\/blogdoarmindomaia.com.br\/index.php?rest_route=%2Fwp%2Fv2%2Fcategories&post=2134"},{"taxonomy":"post_tag","embeddable":true,"href":"http:\/\/blogdoarmindomaia.com.br\/index.php?rest_route=%2Fwp%2Fv2%2Ftags&post=2134"}],"curies":[{"name":"wp","href":"https:\/\/api.w.org\/{rel}","templated":true}]}}