{"id":2144,"date":"2022-08-03T16:39:38","date_gmt":"2022-08-03T19:39:38","guid":{"rendered":"http:\/\/blogdoarmindomaia.com.br\/?p=2144"},"modified":"2022-08-03T16:39:40","modified_gmt":"2022-08-03T19:39:40","slug":"alexandre-irmaos-paulo-fala-das-demandas-para-itaipu","status":"publish","type":"post","link":"http:\/\/blogdoarmindomaia.com.br\/?p=2144","title":{"rendered":"Alexandre Irm\u00e3os Paulo fala das demandas para Itaipu"},"content":{"rendered":"\n<figure class=\"wp-block-image size-large\"><img loading=\"lazy\" decoding=\"async\" width=\"1024\" height=\"768\" src=\"http:\/\/blogdoarmindomaia.com.br\/wp-content\/uploads\/2022\/08\/Vereador-Alexandre-Irmaos-Paulo-1024x768.jpg\" alt=\"\" class=\"wp-image-2145\" srcset=\"http:\/\/blogdoarmindomaia.com.br\/wp-content\/uploads\/2022\/08\/Vereador-Alexandre-Irmaos-Paulo-1024x768.jpg 1024w, http:\/\/blogdoarmindomaia.com.br\/wp-content\/uploads\/2022\/08\/Vereador-Alexandre-Irmaos-Paulo-300x225.jpg 300w, http:\/\/blogdoarmindomaia.com.br\/wp-content\/uploads\/2022\/08\/Vereador-Alexandre-Irmaos-Paulo-768x576.jpg 768w, http:\/\/blogdoarmindomaia.com.br\/wp-content\/uploads\/2022\/08\/Vereador-Alexandre-Irmaos-Paulo-1536x1152.jpg 1536w, http:\/\/blogdoarmindomaia.com.br\/wp-content\/uploads\/2022\/08\/Vereador-Alexandre-Irmaos-Paulo.jpg 1600w\" sizes=\"auto, (max-width: 1024px) 100vw, 1024px\" \/><\/figure>\n\n\n\n<p>Em entrevista ao Jornal Intera\u00e7\u00e3o esta semana, o vereador de Arax\u00e1 Alexandre Irm\u00e3os Paulo, disse da import\u00e2ncia do distrito Rural de Itaipu, como comunidade rural integrante do munic\u00edpio de Arax\u00e1.&nbsp; Foi o vereador que atuou como canal para levar at\u00e9 Itaipu, a cerca de 20 dias, o prefeito Robson Magela e v\u00e1rios secret\u00e1rios municipais, para absorverem as demandas dos moradores do local. Segundo Alexandre, \u201c&nbsp; a gente fica feliz porque foi a primeira vez na hist\u00f3ria de Itaipu, que n\u00f3s conseguimos levar naquele Distrito, o Prefeito de Arax\u00e1 e mais dez Secret\u00e1rios Municipais e gra\u00e7as a Deus, esse encontro j\u00e1 surtiu efeito; pois na quarta-feira passada, o prefeito Robson Magela j\u00e1 conseguiu retornar com a assist\u00eancia m\u00e9dica no local, toda quarta-feira.&nbsp; E em breve&nbsp; aquela comunidade rural vai receber outros benef\u00edcios como reforma da escola, constru\u00e7\u00e3o de um novo campo de futebol e etc.\u201d<\/p>\n\n\n\n<p>O vereador tamb\u00e9m fez quest\u00e3o de&nbsp; dizer que, \u201c essa bandeira em favor do homem do campo \u00e9 muito importante, porque a gente que j\u00e1 foi Secret\u00e1rio de Agricultura de Arax\u00e1, conhece bem a luta e o sacrif\u00edcio que eles passam. \u00c9 uma luta muito grande e importante, pois \u00e9 o homem do campo que \u00e9 o respons\u00e1vel pela produ\u00e7\u00e3o de alimentos que sustentam todo mundo\u201d.<\/p>\n\n\n\n<p>Finalizando, Alexandre afirmou, que \u201c as demandas no setor rural s\u00e3o muitas e n\u00e3o podem deixar de atende-las. A nossa malha de estrada vicinal \u00e9 muito grande, mas o prefeito, o Secret\u00e1rio Wander est\u00e3o atentos e com o prop\u00f3sito de levar melhorias e qualidade de vida e de trabalho a todos da zona rural do nosso munic\u00edpio\u201d.&nbsp;&nbsp;&nbsp;&nbsp; &nbsp;<\/p>\n","protected":false},"excerpt":{"rendered":"<p>Em entrevista ao Jornal Intera\u00e7\u00e3o esta semana, o vereador de Arax\u00e1 Alexandre Irm\u00e3os Paulo, disse da import\u00e2ncia do distrito Rural<\/p>\n","protected":false},"author":2,"featured_media":2145,"comment_status":"open","ping_status":"open","sticky":false,"template":"","format":"standard","meta":{"footnotes":""},"categories":[9,11,25],"tags":[],"class_list":["post-2144","post","type-post","status-publish","format-standard","has-post-thumbnail","hentry","category-araxa","category-destaques","category-politica"],"_links":{"self":[{"href":"http:\/\/blogdoarmindomaia.com.br\/index.php?rest_route=\/wp\/v2\/posts\/2144","targetHints":{"allow":["GET"]}}],"collection":[{"href":"http:\/\/blogdoarmindomaia.com.br\/index.php?rest_route=\/wp\/v2\/posts"}],"about":[{"href":"http:\/\/blogdoarmindomaia.com.br\/index.php?rest_route=\/wp\/v2\/types\/post"}],"author":[{"embeddable":true,"href":"http:\/\/blogdoarmindomaia.com.br\/index.php?rest_route=\/wp\/v2\/users\/2"}],"replies":[{"embeddable":true,"href":"http:\/\/blogdoarmindomaia.com.br\/index.php?rest_route=%2Fwp%2Fv2%2Fcomments&post=2144"}],"version-history":[{"count":1,"href":"http:\/\/blogdoarmindomaia.com.br\/index.php?rest_route=\/wp\/v2\/posts\/2144\/revisions"}],"predecessor-version":[{"id":2146,"href":"http:\/\/blogdoarmindomaia.com.br\/index.php?rest_route=\/wp\/v2\/posts\/2144\/revisions\/2146"}],"wp:featuredmedia":[{"embeddable":true,"href":"http:\/\/blogdoarmindomaia.com.br\/index.php?rest_route=\/wp\/v2\/media\/2145"}],"wp:attachment":[{"href":"http:\/\/blogdoarmindomaia.com.br\/index.php?rest_route=%2Fwp%2Fv2%2Fmedia&parent=2144"}],"wp:term":[{"taxonomy":"category","embeddable":true,"href":"http:\/\/blogdoarmindomaia.com.br\/index.php?rest_route=%2Fwp%2Fv2%2Fcategories&post=2144"},{"taxonomy":"post_tag","embeddable":true,"href":"http:\/\/blogdoarmindomaia.com.br\/index.php?rest_route=%2Fwp%2Fv2%2Ftags&post=2144"}],"curies":[{"name":"wp","href":"https:\/\/api.w.org\/{rel}","templated":true}]}}