{"id":2152,"date":"2022-08-04T14:59:50","date_gmt":"2022-08-04T17:59:50","guid":{"rendered":"http:\/\/blogdoarmindomaia.com.br\/?p=2152"},"modified":"2022-08-04T14:59:52","modified_gmt":"2022-08-04T17:59:52","slug":"araxa-abre-credenciamento-de-medicos-plantonistas-para-atendimento-na-upa-uninorte-e-unileste","status":"publish","type":"post","link":"http:\/\/blogdoarmindomaia.com.br\/?p=2152","title":{"rendered":"Arax\u00e1 abre credenciamento de m\u00e9dicos plantonistas para atendimento na UPA, Uninorte e Unileste"},"content":{"rendered":"\n<figure class=\"wp-block-image size-full\"><img loading=\"lazy\" decoding=\"async\" width=\"1024\" height=\"683\" src=\"http:\/\/blogdoarmindomaia.com.br\/wp-content\/uploads\/2022\/08\/Araxa-abre-credenciamento-de-medicos-plantonistas-para-atendimento-na-UPA-pag-03.jpeg\" alt=\"\" class=\"wp-image-2153\" srcset=\"http:\/\/blogdoarmindomaia.com.br\/wp-content\/uploads\/2022\/08\/Araxa-abre-credenciamento-de-medicos-plantonistas-para-atendimento-na-UPA-pag-03.jpeg 1024w, http:\/\/blogdoarmindomaia.com.br\/wp-content\/uploads\/2022\/08\/Araxa-abre-credenciamento-de-medicos-plantonistas-para-atendimento-na-UPA-pag-03-300x200.jpeg 300w, http:\/\/blogdoarmindomaia.com.br\/wp-content\/uploads\/2022\/08\/Araxa-abre-credenciamento-de-medicos-plantonistas-para-atendimento-na-UPA-pag-03-768x512.jpeg 768w\" sizes=\"auto, (max-width: 1024px) 100vw, 1024px\" \/><\/figure>\n\n\n\n<p>Desafogar o atendimento da Unidade de Pronto Atendimento (UPA 24h), ampliar o atendimento m\u00e9dico e aprimorar o servi\u00e7o de sa\u00fade 24 horas da popula\u00e7\u00e3o. A Prefeitura de Arax\u00e1 lan\u00e7ou edital para credenciamento de pessoa f\u00edsica ou jur\u00eddica para contrata\u00e7\u00e3o de servi\u00e7o de plant\u00e3o m\u00e9dico.&nbsp; A expectativa \u00e9 que em 30 dias toda a rede de urg\u00eancia de sa\u00fade j\u00e1 esteja ampliada.<br><br>Os profissionais ir\u00e3o atuar no atendimento de unidades de sa\u00fade 24h do munic\u00edpio: Unidade de Pronto Atendimento (UPA), Uninorte e Unileste. A amplia\u00e7\u00e3o do servi\u00e7o de urg\u00eancia e emerg\u00eancia 24h contribuir\u00e1 para aproximar o atendimento \u00e0s duas regi\u00f5es mais populosas da cidade &#8211; Norte e Leste -, e foi especialmente planejada para atender \u00e0 demanda crescente dessas regi\u00f5es.<br><br>A secret\u00e1ria municipal de Sa\u00fade, Cristiane Gon\u00e7alves Pereira, explica que os profissionais credenciados pelo Munic\u00edpio ir\u00e3o realizar a presta\u00e7\u00e3o de servi\u00e7os na modalidade presencial de plant\u00f5es com atua\u00e7\u00e3o em cl\u00ednica m\u00e9dica e reavalia\u00e7\u00e3o, transfer\u00eancia, porta (atendimentos de entrada) e sala vermelha. O credenciamento \u00e9 uma forma de contra\u00e7\u00e3o executada desde de 2021 pela administra\u00e7\u00e3o municipal.<br><br>De acordo com Cristiane, o credenciamento \u00e9 a maneira mais eficaz de remunera\u00e7\u00e3o para os m\u00e9dicos que ir\u00e3o atuar na rede de urg\u00eancia e emerg\u00eancia. \u201cDividimos os plant\u00f5es necess\u00e1rios de acordo com o n\u00famero de credenciados. Essa \u00e9 uma forma que o munic\u00edpio encontrou para fazer a contrata\u00e7\u00e3o dos profissionais.\u201d<br><br>O prefeito Robson Magela destaca os investimentos que v\u00eam sendo feitos pela gest\u00e3o na sa\u00fade. &#8220;A sa\u00fade de Arax\u00e1 vem sendo bem planejada, e gra\u00e7as a este planejamento estamos conseguindo, aos poucos, ampliar a oferta de servi\u00e7os, atendimento m\u00e9dico e diminuir filas de espera. A sa\u00fade n\u00e3o \u00e9 uma obra pronta, mas um conjunto de a\u00e7\u00f5es bem planejadas e investimentos cont\u00ednuos&#8221;, diz o prefeito.<br><br>Em menos de dois anos de gest\u00e3o, a atual administra\u00e7\u00e3o da Prefeitura de Arax\u00e1 inaugurou uma sala de tomografia computadorizada na UPA, entregou a reforma da Uninorte e Unileste, reduziu a fila de espera por cirurgias de catarata, aumentou a oferta de medicamentos na Farm\u00e1cia Municipal, zerou a fila de espera por tomografia e aumentou o n\u00famero de enfermeiros na Aten\u00e7\u00e3o B\u00e1sica.<\/p>\n","protected":false},"excerpt":{"rendered":"<p>Desafogar o atendimento da Unidade de Pronto Atendimento (UPA 24h), ampliar o atendimento m\u00e9dico e aprimorar o servi\u00e7o de sa\u00fade<\/p>\n","protected":false},"author":2,"featured_media":2153,"comment_status":"open","ping_status":"open","sticky":false,"template":"","format":"standard","meta":{"footnotes":""},"categories":[9,29],"tags":[],"class_list":["post-2152","post","type-post","status-publish","format-standard","has-post-thumbnail","hentry","category-araxa","category-saude"],"_links":{"self":[{"href":"http:\/\/blogdoarmindomaia.com.br\/index.php?rest_route=\/wp\/v2\/posts\/2152","targetHints":{"allow":["GET"]}}],"collection":[{"href":"http:\/\/blogdoarmindomaia.com.br\/index.php?rest_route=\/wp\/v2\/posts"}],"about":[{"href":"http:\/\/blogdoarmindomaia.com.br\/index.php?rest_route=\/wp\/v2\/types\/post"}],"author":[{"embeddable":true,"href":"http:\/\/blogdoarmindomaia.com.br\/index.php?rest_route=\/wp\/v2\/users\/2"}],"replies":[{"embeddable":true,"href":"http:\/\/blogdoarmindomaia.com.br\/index.php?rest_route=%2Fwp%2Fv2%2Fcomments&post=2152"}],"version-history":[{"count":1,"href":"http:\/\/blogdoarmindomaia.com.br\/index.php?rest_route=\/wp\/v2\/posts\/2152\/revisions"}],"predecessor-version":[{"id":2154,"href":"http:\/\/blogdoarmindomaia.com.br\/index.php?rest_route=\/wp\/v2\/posts\/2152\/revisions\/2154"}],"wp:featuredmedia":[{"embeddable":true,"href":"http:\/\/blogdoarmindomaia.com.br\/index.php?rest_route=\/wp\/v2\/media\/2153"}],"wp:attachment":[{"href":"http:\/\/blogdoarmindomaia.com.br\/index.php?rest_route=%2Fwp%2Fv2%2Fmedia&parent=2152"}],"wp:term":[{"taxonomy":"category","embeddable":true,"href":"http:\/\/blogdoarmindomaia.com.br\/index.php?rest_route=%2Fwp%2Fv2%2Fcategories&post=2152"},{"taxonomy":"post_tag","embeddable":true,"href":"http:\/\/blogdoarmindomaia.com.br\/index.php?rest_route=%2Fwp%2Fv2%2Ftags&post=2152"}],"curies":[{"name":"wp","href":"https:\/\/api.w.org\/{rel}","templated":true}]}}