{"id":2171,"date":"2022-08-09T11:02:34","date_gmt":"2022-08-09T14:02:34","guid":{"rendered":"http:\/\/blogdoarmindomaia.com.br\/?p=2171"},"modified":"2022-08-09T11:02:36","modified_gmt":"2022-08-09T14:02:36","slug":"luiz-humberto-franca-e-eleito-vice-presidente-da-associacao-das-academias-de-letras-de-mg","status":"publish","type":"post","link":"http:\/\/blogdoarmindomaia.com.br\/?p=2171","title":{"rendered":"Luiz Humberto Fran\u00e7a \u00e9 eleito vice-presidente da Associa\u00e7\u00e3o das Academias de Letras de MG"},"content":{"rendered":"\n<figure class=\"wp-block-image size-large\"><img loading=\"lazy\" decoding=\"async\" width=\"1024\" height=\"768\" src=\"http:\/\/blogdoarmindomaia.com.br\/wp-content\/uploads\/2022\/08\/Luiz-Humberto-Franca-e-eleito-vbice-presidente-pag-06-1024x768.jpg\" alt=\"\" class=\"wp-image-2172\" srcset=\"http:\/\/blogdoarmindomaia.com.br\/wp-content\/uploads\/2022\/08\/Luiz-Humberto-Franca-e-eleito-vbice-presidente-pag-06-1024x768.jpg 1024w, http:\/\/blogdoarmindomaia.com.br\/wp-content\/uploads\/2022\/08\/Luiz-Humberto-Franca-e-eleito-vbice-presidente-pag-06-300x225.jpg 300w, http:\/\/blogdoarmindomaia.com.br\/wp-content\/uploads\/2022\/08\/Luiz-Humberto-Franca-e-eleito-vbice-presidente-pag-06-768x576.jpg 768w, http:\/\/blogdoarmindomaia.com.br\/wp-content\/uploads\/2022\/08\/Luiz-Humberto-Franca-e-eleito-vbice-presidente-pag-06.jpg 1280w\" sizes=\"auto, (max-width: 1024px) 100vw, 1024px\" \/><\/figure>\n\n\n\n<figure class=\"wp-block-image size-large\"><img loading=\"lazy\" decoding=\"async\" width=\"768\" height=\"1024\" src=\"http:\/\/blogdoarmindomaia.com.br\/wp-content\/uploads\/2022\/08\/visita_presidente_aml-768x1024.jpg\" alt=\"\" class=\"wp-image-2173\" srcset=\"http:\/\/blogdoarmindomaia.com.br\/wp-content\/uploads\/2022\/08\/visita_presidente_aml-768x1024.jpg 768w, http:\/\/blogdoarmindomaia.com.br\/wp-content\/uploads\/2022\/08\/visita_presidente_aml-225x300.jpg 225w, http:\/\/blogdoarmindomaia.com.br\/wp-content\/uploads\/2022\/08\/visita_presidente_aml-1152x1536.jpg 1152w, http:\/\/blogdoarmindomaia.com.br\/wp-content\/uploads\/2022\/08\/visita_presidente_aml.jpg 1200w\" sizes=\"auto, (max-width: 768px) 100vw, 768px\" \/><\/figure>\n\n\n\n<figure class=\"wp-block-image size-large\"><img loading=\"lazy\" decoding=\"async\" width=\"1024\" height=\"767\" src=\"http:\/\/blogdoarmindomaia.com.br\/wp-content\/uploads\/2022\/08\/reuniao_asalemg-1024x767.jpg\" alt=\"\" class=\"wp-image-2174\" srcset=\"http:\/\/blogdoarmindomaia.com.br\/wp-content\/uploads\/2022\/08\/reuniao_asalemg-1024x767.jpg 1024w, http:\/\/blogdoarmindomaia.com.br\/wp-content\/uploads\/2022\/08\/reuniao_asalemg-300x225.jpg 300w, http:\/\/blogdoarmindomaia.com.br\/wp-content\/uploads\/2022\/08\/reuniao_asalemg-768x575.jpg 768w, http:\/\/blogdoarmindomaia.com.br\/wp-content\/uploads\/2022\/08\/reuniao_asalemg.jpg 1440w\" sizes=\"auto, (max-width: 1024px) 100vw, 1024px\" \/><\/figure>\n\n\n\n<p><em>Entidade foi criada durante encontro em Divin\u00f3polis<\/em><\/p>\n\n\n\n<p>O presidente da Academia Araxaense de Letras, Luiz Humberto Fran\u00e7a, foi eleito vice-presidente da Associa\u00e7\u00e3o das Academias de Letras de Minas Gerais (ASALEMG). A entidade foi criada durante um encontro realizado no \u00faltimo dia 30 de julho e ser\u00e1 comandada pelo escritor Fl\u00e1vio Ramos, de Divin\u00f3polis.<\/p>\n\n\n\n<p>A ASALEMG ter\u00e1 duas reuni\u00f5es presenciais por ano, al\u00e9m de reuni\u00f5es virtuais ou h\u00edbridas. Segundo Fran\u00e7a, um dos organizadores do movimento, a proposta \u00e9 trabalhar em conjunto para que as academias do interior possam ter mais visibilidade atuando em projetos ou realizando atividades. &#8220;A Academia Araxaense de Letras teve papel relevante em todo o processo de cria\u00e7\u00e3o e foi uma das fundadoras da ASALEMG. Vamos trabalhar para fortalecer o movimento e a cultura em Minas Gerais&#8221;, diz.<\/p>\n\n\n\n<p>Para o presidente da ASALEMG, Fl\u00e1vio Ramos, o momento \u00e9 de estruturar a nova entidade. &#8220;Vamos fazer agora o registro e abrir para que novas academias que j\u00e1 mostraram interesse possam participar&#8221;,explica.<\/p>\n\n\n\n<p><strong>VISITA<\/strong><\/p>\n\n\n\n<p>Logo ap\u00f3s a concretiza\u00e7\u00e3o da entidade, na segunda-feira (1), Fran\u00e7a e Fl\u00e1vio estiveram em Belo Horizonte e fizeram uma visita ao presidente da Academia Mineira de Letras, Rog\u00e9rio Faria Tavares que hipotecou seu apoio \u00e0 ASLEMG. Rog\u00e9rio se colocou \u00e0 disposi\u00e7\u00e3o para apoiar e ser parceiro da nova entidade. Nesse encontro ficou definido que a pr\u00f3xima reuni\u00e3o ser\u00e1 no anfiteatro da Academia Mineira de Letras, no dia 3 de dezembro, quando Rog\u00e9rio far\u00e1 a abertura.<\/p>\n","protected":false},"excerpt":{"rendered":"<p>Entidade foi criada durante encontro em Divin\u00f3polis O presidente da Academia Araxaense de Letras, Luiz Humberto Fran\u00e7a, foi eleito vice-presidente<\/p>\n","protected":false},"author":2,"featured_media":2172,"comment_status":"open","ping_status":"open","sticky":false,"template":"","format":"standard","meta":{"footnotes":""},"categories":[9,5,11],"tags":[],"class_list":["post-2171","post","type-post","status-publish","format-standard","has-post-thumbnail","hentry","category-araxa","category-arte-e-cultura","category-destaques"],"_links":{"self":[{"href":"http:\/\/blogdoarmindomaia.com.br\/index.php?rest_route=\/wp\/v2\/posts\/2171","targetHints":{"allow":["GET"]}}],"collection":[{"href":"http:\/\/blogdoarmindomaia.com.br\/index.php?rest_route=\/wp\/v2\/posts"}],"about":[{"href":"http:\/\/blogdoarmindomaia.com.br\/index.php?rest_route=\/wp\/v2\/types\/post"}],"author":[{"embeddable":true,"href":"http:\/\/blogdoarmindomaia.com.br\/index.php?rest_route=\/wp\/v2\/users\/2"}],"replies":[{"embeddable":true,"href":"http:\/\/blogdoarmindomaia.com.br\/index.php?rest_route=%2Fwp%2Fv2%2Fcomments&post=2171"}],"version-history":[{"count":1,"href":"http:\/\/blogdoarmindomaia.com.br\/index.php?rest_route=\/wp\/v2\/posts\/2171\/revisions"}],"predecessor-version":[{"id":2175,"href":"http:\/\/blogdoarmindomaia.com.br\/index.php?rest_route=\/wp\/v2\/posts\/2171\/revisions\/2175"}],"wp:featuredmedia":[{"embeddable":true,"href":"http:\/\/blogdoarmindomaia.com.br\/index.php?rest_route=\/wp\/v2\/media\/2172"}],"wp:attachment":[{"href":"http:\/\/blogdoarmindomaia.com.br\/index.php?rest_route=%2Fwp%2Fv2%2Fmedia&parent=2171"}],"wp:term":[{"taxonomy":"category","embeddable":true,"href":"http:\/\/blogdoarmindomaia.com.br\/index.php?rest_route=%2Fwp%2Fv2%2Fcategories&post=2171"},{"taxonomy":"post_tag","embeddable":true,"href":"http:\/\/blogdoarmindomaia.com.br\/index.php?rest_route=%2Fwp%2Fv2%2Ftags&post=2171"}],"curies":[{"name":"wp","href":"https:\/\/api.w.org\/{rel}","templated":true}]}}