{"id":2185,"date":"2022-08-09T14:15:31","date_gmt":"2022-08-09T17:15:31","guid":{"rendered":"http:\/\/blogdoarmindomaia.com.br\/?p=2185"},"modified":"2022-08-09T14:15:33","modified_gmt":"2022-08-09T17:15:33","slug":"prefeitura-pede-cemig-para-retirar-fios-e-cabos-soltos-em-vias-publicas","status":"publish","type":"post","link":"http:\/\/blogdoarmindomaia.com.br\/?p=2185","title":{"rendered":"Prefeitura pede Cemig para retirar fios e cabos soltos em vias p\u00fablicas"},"content":{"rendered":"\n<figure class=\"wp-block-image size-full\"><img loading=\"lazy\" decoding=\"async\" width=\"1024\" height=\"768\" src=\"http:\/\/blogdoarmindomaia.com.br\/wp-content\/uploads\/2022\/08\/Cemig-e-Uniaraxa.jpeg\" alt=\"\" class=\"wp-image-2186\" srcset=\"http:\/\/blogdoarmindomaia.com.br\/wp-content\/uploads\/2022\/08\/Cemig-e-Uniaraxa.jpeg 1024w, http:\/\/blogdoarmindomaia.com.br\/wp-content\/uploads\/2022\/08\/Cemig-e-Uniaraxa-300x225.jpeg 300w, http:\/\/blogdoarmindomaia.com.br\/wp-content\/uploads\/2022\/08\/Cemig-e-Uniaraxa-768x576.jpeg 768w\" sizes=\"auto, (max-width: 1024px) 100vw, 1024px\" \/><\/figure>\n\n\n\n<p>O emaranhado de fios e cabos ca\u00eddos em diversas vias p\u00fablicas da cidade foi um dos temas de uma reuni\u00e3o de uma comitiva de Arax\u00e1 com a Companhia Energ\u00e9tica de Minas Gerais (Cemig) realizada em Belo Horizonte.<br><br>Na ocasi\u00e3o, o prefeito Robson Magela reiterou ao diretor da Cemig Distribui\u00e7\u00e3o, Marney Tadeu Antunes, que provid\u00eancias sejam tomadas por parte da estatal.<br><br>Robson falou sobre a Lei Municipal n\u00ba 7.549, sancionada em 10 de junho de 2021, que estipulou prazo de seis meses para que operadoras de internet, TV a cabo e telefonia recolhessem a fia\u00e7\u00e3o e cabeamentos soltos.<br><br>No entanto, uma fiscaliza\u00e7\u00e3o do munic\u00edpio constatou que muitas liga\u00e7\u00f5es s\u00e3o clandestinas. J\u00e1 as operadoras identificadas foram notificadas a fazer o recolhimento, por\u00e9m, algumas ainda n\u00e3o cumpriram o prazo.<br><br>A Cemig agendou para esta semana uma reuni\u00e3o na Prefeitura de Arax\u00e1, com o objetivo de apresentar um plano de a\u00e7\u00e3o visando resolver e coibir fia\u00e7\u00f5es e cabeamentos soltos.<br><br>O encontro em Belo Horizonte tamb\u00e9m tratou sobre uma demanda do Uniarax\u00e1 para aumentar a capacidade energ\u00e9tica do Centro Cultural que ser\u00e1 inaugurado em breve. Um cronograma foi estabelecido para executar as interven\u00e7\u00f5es necess\u00e1rias e atender integralmente o espa\u00e7o.<br><\/p>\n","protected":false},"excerpt":{"rendered":"<p>O emaranhado de fios e cabos ca\u00eddos em diversas vias p\u00fablicas da cidade foi um dos temas de uma reuni\u00e3o<\/p>\n","protected":false},"author":2,"featured_media":2186,"comment_status":"open","ping_status":"open","sticky":false,"template":"","format":"standard","meta":{"footnotes":""},"categories":[9,8],"tags":[],"class_list":["post-2185","post","type-post","status-publish","format-standard","has-post-thumbnail","hentry","category-araxa","category-cidades"],"_links":{"self":[{"href":"http:\/\/blogdoarmindomaia.com.br\/index.php?rest_route=\/wp\/v2\/posts\/2185","targetHints":{"allow":["GET"]}}],"collection":[{"href":"http:\/\/blogdoarmindomaia.com.br\/index.php?rest_route=\/wp\/v2\/posts"}],"about":[{"href":"http:\/\/blogdoarmindomaia.com.br\/index.php?rest_route=\/wp\/v2\/types\/post"}],"author":[{"embeddable":true,"href":"http:\/\/blogdoarmindomaia.com.br\/index.php?rest_route=\/wp\/v2\/users\/2"}],"replies":[{"embeddable":true,"href":"http:\/\/blogdoarmindomaia.com.br\/index.php?rest_route=%2Fwp%2Fv2%2Fcomments&post=2185"}],"version-history":[{"count":1,"href":"http:\/\/blogdoarmindomaia.com.br\/index.php?rest_route=\/wp\/v2\/posts\/2185\/revisions"}],"predecessor-version":[{"id":2187,"href":"http:\/\/blogdoarmindomaia.com.br\/index.php?rest_route=\/wp\/v2\/posts\/2185\/revisions\/2187"}],"wp:featuredmedia":[{"embeddable":true,"href":"http:\/\/blogdoarmindomaia.com.br\/index.php?rest_route=\/wp\/v2\/media\/2186"}],"wp:attachment":[{"href":"http:\/\/blogdoarmindomaia.com.br\/index.php?rest_route=%2Fwp%2Fv2%2Fmedia&parent=2185"}],"wp:term":[{"taxonomy":"category","embeddable":true,"href":"http:\/\/blogdoarmindomaia.com.br\/index.php?rest_route=%2Fwp%2Fv2%2Fcategories&post=2185"},{"taxonomy":"post_tag","embeddable":true,"href":"http:\/\/blogdoarmindomaia.com.br\/index.php?rest_route=%2Fwp%2Fv2%2Ftags&post=2185"}],"curies":[{"name":"wp","href":"https:\/\/api.w.org\/{rel}","templated":true}]}}