{"id":219,"date":"2022-04-12T20:33:52","date_gmt":"2022-04-12T23:33:52","guid":{"rendered":"http:\/\/blogdoarmindomaia.com.br\/?p=219"},"modified":"2022-04-12T20:33:55","modified_gmt":"2022-04-12T23:33:55","slug":"queima-do-alho-honra-a-tradicao-e-reune-cultura-e-comida-boa-em-araxa","status":"publish","type":"post","link":"http:\/\/blogdoarmindomaia.com.br\/?p=219","title":{"rendered":"<strong>Queima do Alho honra a tradi\u00e7\u00e3o e re\u00fane cultura e comida boa em Arax\u00e1<\/strong>"},"content":{"rendered":"\n<figure class=\"wp-block-image size-large is-style-default\"><img loading=\"lazy\" decoding=\"async\" width=\"1024\" height=\"682\" src=\"http:\/\/blogdoarmindomaia.com.br\/wp-content\/uploads\/2022\/04\/IMG-20220410-WA0120-1024x682.jpg\" alt=\"\" class=\"wp-image-223\" srcset=\"http:\/\/blogdoarmindomaia.com.br\/wp-content\/uploads\/2022\/04\/IMG-20220410-WA0120-1024x682.jpg 1024w, http:\/\/blogdoarmindomaia.com.br\/wp-content\/uploads\/2022\/04\/IMG-20220410-WA0120-300x200.jpg 300w, http:\/\/blogdoarmindomaia.com.br\/wp-content\/uploads\/2022\/04\/IMG-20220410-WA0120-768x512.jpg 768w, http:\/\/blogdoarmindomaia.com.br\/wp-content\/uploads\/2022\/04\/IMG-20220410-WA0120.jpg 1280w\" sizes=\"auto, (max-width: 1024px) 100vw, 1024px\" \/><\/figure>\n\n\n\n<figure class=\"wp-block-image size-large is-style-default\"><img loading=\"lazy\" decoding=\"async\" width=\"1024\" height=\"682\" src=\"http:\/\/blogdoarmindomaia.com.br\/wp-content\/uploads\/2022\/04\/IMG-20220410-WA0123-1024x682.jpg\" alt=\"\" class=\"wp-image-222\" srcset=\"http:\/\/blogdoarmindomaia.com.br\/wp-content\/uploads\/2022\/04\/IMG-20220410-WA0123-1024x682.jpg 1024w, http:\/\/blogdoarmindomaia.com.br\/wp-content\/uploads\/2022\/04\/IMG-20220410-WA0123-300x200.jpg 300w, http:\/\/blogdoarmindomaia.com.br\/wp-content\/uploads\/2022\/04\/IMG-20220410-WA0123-768x512.jpg 768w, http:\/\/blogdoarmindomaia.com.br\/wp-content\/uploads\/2022\/04\/IMG-20220410-WA0123.jpg 1280w\" sizes=\"auto, (max-width: 1024px) 100vw, 1024px\" \/><\/figure>\n\n\n\n<figure class=\"wp-block-image size-large is-style-default\"><img loading=\"lazy\" decoding=\"async\" width=\"1024\" height=\"682\" src=\"http:\/\/blogdoarmindomaia.com.br\/wp-content\/uploads\/2022\/04\/IMG-20220410-WA0078-1024x682.jpg\" alt=\"\" class=\"wp-image-221\" srcset=\"http:\/\/blogdoarmindomaia.com.br\/wp-content\/uploads\/2022\/04\/IMG-20220410-WA0078-1024x682.jpg 1024w, http:\/\/blogdoarmindomaia.com.br\/wp-content\/uploads\/2022\/04\/IMG-20220410-WA0078-300x200.jpg 300w, http:\/\/blogdoarmindomaia.com.br\/wp-content\/uploads\/2022\/04\/IMG-20220410-WA0078-768x512.jpg 768w, http:\/\/blogdoarmindomaia.com.br\/wp-content\/uploads\/2022\/04\/IMG-20220410-WA0078.jpg 1280w\" sizes=\"auto, (max-width: 1024px) 100vw, 1024px\" \/><\/figure>\n\n\n\n<figure class=\"wp-block-image size-large is-style-default\"><img loading=\"lazy\" decoding=\"async\" width=\"1024\" height=\"682\" src=\"http:\/\/blogdoarmindomaia.com.br\/wp-content\/uploads\/2022\/04\/IMG-20220410-WA0074-1024x682.jpg\" alt=\"\" class=\"wp-image-220\" srcset=\"http:\/\/blogdoarmindomaia.com.br\/wp-content\/uploads\/2022\/04\/IMG-20220410-WA0074-1024x682.jpg 1024w, http:\/\/blogdoarmindomaia.com.br\/wp-content\/uploads\/2022\/04\/IMG-20220410-WA0074-300x200.jpg 300w, http:\/\/blogdoarmindomaia.com.br\/wp-content\/uploads\/2022\/04\/IMG-20220410-WA0074-768x512.jpg 768w, http:\/\/blogdoarmindomaia.com.br\/wp-content\/uploads\/2022\/04\/IMG-20220410-WA0074.jpg 1280w\" sizes=\"auto, (max-width: 1024px) 100vw, 1024px\" \/><\/figure>\n\n\n\n<p><em>Evento beneficente neste s\u00e1bado (9) abriu as atividades do Arax\u00e1 Rodeio Show 2022<\/em><\/p>\n\n\n\n<p>A entrada de uma comitiva a cavalo anunciou o in\u00edcio da festa. No Parque de Exposi\u00e7\u00f5es Agenor Lemos, o p\u00fablico foi chegando aos poucos atra\u00eddo pelo cheiro inconfund\u00edvel da comida t\u00edpica dos tropeiros. Algumas comitivas iniciaram o preparo dos pratos ainda na madrugada. Nos caldeir\u00f5es e panelas gigantes, muita comida. \u201cFiquei impressionada. Tudo muito gostoso e s\u00f3 de termos a oportunidade de ver o pessoal cozinhando assim j\u00e1 \u00e9 muito bom\u201d, ressalta a estudante J\u00e9ssica Pereira.<\/p>\n\n\n\n<p>No card\u00e1pio, n\u00e3o faltou o arroz carreteiro, feij\u00e3o tropeiro, porco \u00e0 paraguaia, costela no fogo de ch\u00e3o, paelha caipira, carne seca na chapa, arroz doce e cacha\u00e7a coada na rapadura. Para o preparo, as cinco comitivas participantes trouxeram refor\u00e7o; um deles mais que especial. Integrante da Comitiva 100% Rural, o ator e cantor Guito, que est\u00e1 no elenco da novela Pantanal (Globo) na pele de Tib\u00e9rio; fez quest\u00e3o de participar evento. \u201cDesde tr\u00eas de janeiro que eu n\u00e3o voltava aqui, \u00e9 muita saudade. Vir \u00e0 Queima do Alho enche meu personagem, resgatar os cheiros da carne, do fogo de ch\u00e3o, isso \u00e9 a nossa identidade\u201d, ressalta Guito que fez uma pequena apresenta\u00e7\u00e3o durante a festa, juntamente com mais de 14 cantores e bandas do Projeto Cozinhando e Cantando com Fl\u00e1vio e Leandro e os Truta da Viola.&nbsp;<\/p>\n\n\n\n<p><strong>Social<\/strong><\/p>\n\n\n\n<p>Evento que oficialmente abre as atividades do Arax\u00e1 Rodeio Show, a tradicional Queima do Alho foi considerada pelos organizadores um sucesso. Com ingressos esgotados bem antes da abertura dos port\u00f5es, a festa garante sustentabilidade para institui\u00e7\u00f5es sociais do munic\u00edpio. A arrecada\u00e7\u00e3o beneficiar\u00e1 este ano o Lar Ebenezer, Recanto do Idoso S\u00e3o Vicente de Paulo, Ampara, SOS, Equoterapia Prosseguir e Obras Sociais Jesus te Ama (Chic\u00e3o).<\/p>\n\n\n\n<p>Para Chic\u00e3o, a ajuda veio em boa hora. \u201cL\u00e1 a gente passa muito aperto. A marmita tem que sair todo dia, constru\u00edmos casas para ajudar as pessoas, damos cesta b\u00e1sica; ent\u00e3o toda colabora\u00e7\u00e3o faz muita diferen\u00e7a. N\u00f3s agradecemos muito a organiza\u00e7\u00e3o da Queima do Alho que sempre nos ajuda e esse recurso vai ser muito bem empregado\u201d, diz.<\/p>\n\n\n\n<p><strong>Expectativa<\/strong><\/p>\n\n\n\n<p>Al\u00e9m de ajudar, comer bem e se divertir quem foi neste s\u00e1bado (9) \u00e0 Queima do Alho tamb\u00e9m p\u00f4de conhecer em primeira m\u00e3o a estrutura do Arax\u00e1 Rodeio Show (ARS). As \u00e1reas de arquibancada, camarotes, \u00e1rea VIP e palco j\u00e1 est\u00e3o praticamente prontas e impressionaram. \u201cEu nunca tinha visto uma estrutura t\u00e3o grande assim. Muito bonito mesmo e passa para a gente seguran\u00e7a tamb\u00e9m. Fiquei impressionada e ansiosa principalmente pelo show do Leonardo\u201d, diz a aposentada Marlene Silva.<\/p>\n\n\n\n<p>Para o organizador do ARS mesmo quem j\u00e1 p\u00f4de conhecer um pouco da estrutura, vai se impressionar no dia da festa. \u201cAinda temos muito trabalho pela frente e \u00e9 a partir de agora que o projeto vai ganhando a beleza que idealizamos. Quem vier ao Parque de Exposi\u00e7\u00f5es a partir do dia 20 com certeza vai se surpreender muito ainda\u201d, adianta Luciano Rios.<\/p>\n\n\n\n<p><strong>Ingressos<\/strong><\/p>\n\n\n\n<p>Os ingressos do Arax\u00e1 Rodeio Show continuam \u00e0 venda. Veja abaixo os valores e onde adquirir o seu:<\/p>\n\n\n\n<p><strong>ARS &#8211; 3\u00ba LOTE<\/strong><\/p>\n\n\n\n<p><em>20\/04 \u2013 Leonardo | Israel e Rodolffo<\/em><\/p>\n\n\n\n<p><em>\u00c1rea Vip inteira: R$220<\/em><\/p>\n\n\n\n<p><em>\u00c1rea Vip meia: R$110<\/em><\/p>\n\n\n\n<p><em>Pista inteira: R$70<\/em><\/p>\n\n\n\n<p><em>Pista meia-entrada: R$35<\/em><\/p>\n\n\n\n<p><em>21\/04 \u2013 Junto e Misturado com Vitor e Versol | Samba Quente<\/em><\/p>\n\n\n\n<p><em>\u00c1rea Vip: R$60<\/em><\/p>\n\n\n\n<p><em>\u00c1rea Vip meia: R$ 30<\/em><\/p>\n\n\n\n<p><em>Pista inteira: R$20<\/em><\/p>\n\n\n\n<p><em>Pista meia-entrada: R$10<\/em><\/p>\n\n\n\n<p><em>22\/04 \u2013 Diego e Vitor Hugo | Hugo e Guilherme<\/em><\/p>\n\n\n\n<p><em>\u00c1rea Vip: R$220&nbsp;<\/em><\/p>\n\n\n\n<p><em>\u00c1rea Vip meia: R$110<\/em><\/p>\n\n\n\n<p><em>Pista inteira: R$70&nbsp;<\/em><\/p>\n\n\n\n<p><em>Pista meia-entrada: R$35<\/em><\/p>\n\n\n\n<p><em>23\/04 \u2013 Leo e Raphael | Alok<\/em><\/p>\n\n\n\n<p><em>\u00c1rea Vip: R$240<\/em><\/p>\n\n\n\n<p><em>\u00c1rea Vip meia: R$120<\/em><\/p>\n\n\n\n<p><em>Pista inteira: R$80<\/em><\/p>\n\n\n\n<p><em>Pista meia-entrada: R$40<\/em><\/p>\n\n\n\n<p><em>24\/04 \u2013 Z\u00e9 Vaqueiro<\/em><\/p>\n\n\n\n<p><em>\u00c1rea Vip: R$200<\/em><\/p>\n\n\n\n<p><em>\u00c1rea Vip meia: R$100<\/em><\/p>\n\n\n\n<p><em>Pista inteira: R$60<\/em><\/p>\n\n\n\n<p><em>Pista meia-entrada: R$30<\/em><\/p>\n\n\n\n<p><em>Passaporte Pista (v\u00e1lido para todos os dias) \u2013 R$210<\/em><\/p>\n\n\n\n<p><em>Passaporte \u00c1rea Vip (v\u00e1lido para todos os dias) \u2013 R$380<\/em><\/p>\n\n\n\n<p><em>Observa\u00e7\u00f5es: pessoas com defici\u00eancia tem entrada gratuita, o acompanhante paga meia-entrada.<\/em><\/p>\n\n\n\n<p><em>Estudantes e idosos acima de 60 anos pagam meia-entrada.<\/em><\/p>\n\n\n\n<p>Camarotes: chame nos telefones: (34) 9129-6930 ou (34) 9987-5504 para saber valores e outras informa\u00e7\u00f5es.<\/p>\n\n\n\n<p><strong>Pontos de Vendas&nbsp;<\/strong><\/p>\n\n\n\n<p>ARAX\u00c1<\/p>\n\n\n\n<ul class=\"wp-block-list\"><li>Links Cal\u00e7ados<\/li><li>Estilo Moda Country&nbsp;<\/li><li>Farm\u00e1cias Curare<\/li><li>Cremore Gelateria<\/li><li>Cr\u00e9dito \u00c1gil<\/li><\/ul>\n\n\n\n<p>TAPIRA&nbsp;<\/p>\n\n\n\n<ul class=\"wp-block-list\"><li>Cia da Carne &#8211; Tapira\/MG&nbsp;<\/li><\/ul>\n\n\n\n<p>IBI\u00c1<\/p>\n\n\n\n<ul class=\"wp-block-list\"><li>Francisco Carlos<\/li><\/ul>\n\n\n\n<p>PERDIZES<\/p>\n\n\n\n<ul class=\"wp-block-list\"><li>Rose Marry Modas<\/li><\/ul>\n\n\n\n<p><strong>Servi\u00e7o<\/strong><\/p>\n\n\n\n<p><em>Arax\u00e1 Rodeio Show<\/em><\/p>\n\n\n\n<p><strong>Data<\/strong>: 20 a 24 de abril de 2022<\/p>\n\n\n\n<p><strong>Local<\/strong>: Parque de Exposi\u00e7\u00f5es Agenor Lemos<\/p>\n\n\n\n<p><strong>Ingressos<\/strong>:&nbsp; Lote 3 \u2013 venda de ingressos, passaportes e camarotes&nbsp;<\/p>\n\n\n\n<p>Escrit\u00f3rio Bezz Eventos \u2013 Rua Cassiano Lemos, 80 (em frente \u00e0 R\u00e1dio Cidade)<\/p>\n","protected":false},"excerpt":{"rendered":"<p>Evento beneficente neste s\u00e1bado (9) abriu as atividades do Arax\u00e1 Rodeio Show 2022 A entrada de uma comitiva a cavalo<\/p>\n","protected":false},"author":2,"featured_media":223,"comment_status":"open","ping_status":"open","sticky":false,"template":"","format":"standard","meta":{"footnotes":""},"categories":[9,5],"tags":[],"class_list":["post-219","post","type-post","status-publish","format-standard","has-post-thumbnail","hentry","category-araxa","category-arte-e-cultura"],"_links":{"self":[{"href":"http:\/\/blogdoarmindomaia.com.br\/index.php?rest_route=\/wp\/v2\/posts\/219","targetHints":{"allow":["GET"]}}],"collection":[{"href":"http:\/\/blogdoarmindomaia.com.br\/index.php?rest_route=\/wp\/v2\/posts"}],"about":[{"href":"http:\/\/blogdoarmindomaia.com.br\/index.php?rest_route=\/wp\/v2\/types\/post"}],"author":[{"embeddable":true,"href":"http:\/\/blogdoarmindomaia.com.br\/index.php?rest_route=\/wp\/v2\/users\/2"}],"replies":[{"embeddable":true,"href":"http:\/\/blogdoarmindomaia.com.br\/index.php?rest_route=%2Fwp%2Fv2%2Fcomments&post=219"}],"version-history":[{"count":1,"href":"http:\/\/blogdoarmindomaia.com.br\/index.php?rest_route=\/wp\/v2\/posts\/219\/revisions"}],"predecessor-version":[{"id":224,"href":"http:\/\/blogdoarmindomaia.com.br\/index.php?rest_route=\/wp\/v2\/posts\/219\/revisions\/224"}],"wp:featuredmedia":[{"embeddable":true,"href":"http:\/\/blogdoarmindomaia.com.br\/index.php?rest_route=\/wp\/v2\/media\/223"}],"wp:attachment":[{"href":"http:\/\/blogdoarmindomaia.com.br\/index.php?rest_route=%2Fwp%2Fv2%2Fmedia&parent=219"}],"wp:term":[{"taxonomy":"category","embeddable":true,"href":"http:\/\/blogdoarmindomaia.com.br\/index.php?rest_route=%2Fwp%2Fv2%2Fcategories&post=219"},{"taxonomy":"post_tag","embeddable":true,"href":"http:\/\/blogdoarmindomaia.com.br\/index.php?rest_route=%2Fwp%2Fv2%2Ftags&post=219"}],"curies":[{"name":"wp","href":"https:\/\/api.w.org\/{rel}","templated":true}]}}