{"id":2191,"date":"2022-08-09T14:20:21","date_gmt":"2022-08-09T17:20:21","guid":{"rendered":"http:\/\/blogdoarmindomaia.com.br\/?p=2191"},"modified":"2022-08-09T14:27:46","modified_gmt":"2022-08-09T17:27:46","slug":"boris-feldman-o-embaixador-do-antigomobilismo-no-brasil","status":"publish","type":"post","link":"http:\/\/blogdoarmindomaia.com.br\/?p=2191","title":{"rendered":"Boris Feldman: o embaixador do antigomobilismo no Brasil"},"content":{"rendered":"\n<figure class=\"wp-block-image size-large\"><img loading=\"lazy\" decoding=\"async\" width=\"1024\" height=\"683\" src=\"http:\/\/blogdoarmindomaia.com.br\/wp-content\/uploads\/2022\/08\/Boris-Feldman-o-embaixador-do-antigomobilismo-no-Brasil-pag-08-1024x683.jpg\" alt=\"\" class=\"wp-image-2192\" srcset=\"http:\/\/blogdoarmindomaia.com.br\/wp-content\/uploads\/2022\/08\/Boris-Feldman-o-embaixador-do-antigomobilismo-no-Brasil-pag-08-1024x683.jpg 1024w, http:\/\/blogdoarmindomaia.com.br\/wp-content\/uploads\/2022\/08\/Boris-Feldman-o-embaixador-do-antigomobilismo-no-Brasil-pag-08-300x200.jpg 300w, http:\/\/blogdoarmindomaia.com.br\/wp-content\/uploads\/2022\/08\/Boris-Feldman-o-embaixador-do-antigomobilismo-no-Brasil-pag-08-768x512.jpg 768w, http:\/\/blogdoarmindomaia.com.br\/wp-content\/uploads\/2022\/08\/Boris-Feldman-o-embaixador-do-antigomobilismo-no-Brasil-pag-08-1536x1025.jpg 1536w, http:\/\/blogdoarmindomaia.com.br\/wp-content\/uploads\/2022\/08\/Boris-Feldman-o-embaixador-do-antigomobilismo-no-Brasil-pag-08-2048x1367.jpg 2048w\" sizes=\"auto, (max-width: 1024px) 100vw, 1024px\" \/><\/figure>\n\n\n\n<p>Em entrevista exclusiva ao Jornal Intera\u00e7\u00e3o, a lenda viva do automobilismo brasileiro, Boris Feldman, durante o 24\u00ba&nbsp; &nbsp;Encontro de Carros Antigos de Arax\u00e1, realizado no Parque do Barreiro em Arax\u00e1, disse que, &#8221; Arax\u00e1 \u00e9 o palco perfeito para esse evento. Cada vez que a gente realiza um&nbsp; encontro desse aqui em Arax\u00e1, j\u00e1 vem a pergunta; como \u00e9 que ser\u00e1 o pr\u00f3ximo, como \u00e9 que a gente vai fazer, como \u00e9 que a gente vai fazer para trazer novidades e coisas mais interessantes no pr\u00f3ximo evento? E na hora, vem num toque de m\u00e1gica, muita coisa diferente e atrativa. Assim \u00e9 esse evento especial de Arax\u00e1&#8221;. Ainda segundo ele, &#8221; \u00e9 incr\u00edvel como as coisas acontecem! A cada encontro a gente consegue atrair novos colecionadores e raridades inimagin\u00e1veis! \u00c9 uma coisa fant\u00e1stica. Nesse encontro de ,2022, a gente conseguiu reunir um elenco muito especial de autom\u00f3veis raros e \u00fanicos. E \u00e9 esse fasc\u00ednio por essas m\u00e1quinas maravilhosas que encantam tanto seus donos e tamb\u00e9m despertam a curiosidade das pessoas que visitam o encontro. Boris tamb\u00e9m falou da import\u00e2ncia hist\u00f3rica e cultural do evento. Segundo ele, &#8221; se n\u00e3o fossem os colecionadores de carros antigos, n\u00e3o se guardaria&nbsp; nenhum autom\u00f3vel brasileiro produzido desde o in\u00edcio da nossa ind\u00fastria nacional de carros. Quanta gente hoje n\u00e3o sabe o que \u00e9 um Gordini, um DKV, uma Vemaguet, um Simca, um Aeriwilis, entre outros carros feitos no Brasil! E se n\u00e3o fossem esses dedicados e apaixonados colecionadores, que hoje est\u00e3o neste encontro em Arax\u00e1, esses carros estariam todos sucateados. Ent\u00e3o o colecionador est\u00e1 preservando a hist\u00f3ria&#8221;. Finalizando, Feldmam, disse que&#8221; Arax\u00e1 \u00e9 o palco perfeito para esse evento. O arquiteto que projetou o Grande Hotel de Arax\u00e1, parece que sabia que estava projetando essa maravilha que \u00e9 o Grande Hotel para que setenta anos depois ele estivesse pronto como cen\u00e1rio perfeito e ideal para receber com tanta originalidade e glamour o encontro de carros antigos. E a hospitalidade do povo araxaense \u00e9 outro diferencial que torna o evento muito grande e melhor a cada encontro &#8220;.<\/p>\n\n\n\n<p>Boris Feldman \u00e9 formado em Engenharia e Comunica\u00e7\u00e3o. Foi engenheiro da Metal Leve (f\u00e1brica de pe\u00e7as para motores) por 20 anos e editor de diversos cadernos de autom\u00f3veis. Criou e produziu o programa Vrum em rede nacional pelo SBT, foi piloto de competi\u00e7\u00f5es e vice-diretor da CBA. \u00c9 colecionador e diretor do Veteran Car-MG. Al\u00e9m do AUTOentusiastas, assina coluna em jornais e outros portais e tem o programa de r\u00e1dio Auto Papo em quarenta r\u00e1dios. Lan\u00e7ou em julho de 2017 e \u00e9 publisher do portal autopapo.com.br.<\/p>\n","protected":false},"excerpt":{"rendered":"<p>Em entrevista exclusiva ao Jornal Intera\u00e7\u00e3o, a lenda viva do automobilismo brasileiro, Boris Feldman, durante o 24\u00ba&nbsp; &nbsp;Encontro de Carros<\/p>\n","protected":false},"author":2,"featured_media":2192,"comment_status":"open","ping_status":"open","sticky":false,"template":"","format":"standard","meta":{"footnotes":""},"categories":[9,5],"tags":[],"class_list":["post-2191","post","type-post","status-publish","format-standard","has-post-thumbnail","hentry","category-araxa","category-arte-e-cultura"],"_links":{"self":[{"href":"http:\/\/blogdoarmindomaia.com.br\/index.php?rest_route=\/wp\/v2\/posts\/2191","targetHints":{"allow":["GET"]}}],"collection":[{"href":"http:\/\/blogdoarmindomaia.com.br\/index.php?rest_route=\/wp\/v2\/posts"}],"about":[{"href":"http:\/\/blogdoarmindomaia.com.br\/index.php?rest_route=\/wp\/v2\/types\/post"}],"author":[{"embeddable":true,"href":"http:\/\/blogdoarmindomaia.com.br\/index.php?rest_route=\/wp\/v2\/users\/2"}],"replies":[{"embeddable":true,"href":"http:\/\/blogdoarmindomaia.com.br\/index.php?rest_route=%2Fwp%2Fv2%2Fcomments&post=2191"}],"version-history":[{"count":2,"href":"http:\/\/blogdoarmindomaia.com.br\/index.php?rest_route=\/wp\/v2\/posts\/2191\/revisions"}],"predecessor-version":[{"id":2195,"href":"http:\/\/blogdoarmindomaia.com.br\/index.php?rest_route=\/wp\/v2\/posts\/2191\/revisions\/2195"}],"wp:featuredmedia":[{"embeddable":true,"href":"http:\/\/blogdoarmindomaia.com.br\/index.php?rest_route=\/wp\/v2\/media\/2192"}],"wp:attachment":[{"href":"http:\/\/blogdoarmindomaia.com.br\/index.php?rest_route=%2Fwp%2Fv2%2Fmedia&parent=2191"}],"wp:term":[{"taxonomy":"category","embeddable":true,"href":"http:\/\/blogdoarmindomaia.com.br\/index.php?rest_route=%2Fwp%2Fv2%2Fcategories&post=2191"},{"taxonomy":"post_tag","embeddable":true,"href":"http:\/\/blogdoarmindomaia.com.br\/index.php?rest_route=%2Fwp%2Fv2%2Ftags&post=2191"}],"curies":[{"name":"wp","href":"https:\/\/api.w.org\/{rel}","templated":true}]}}