{"id":2205,"date":"2022-08-09T14:49:45","date_gmt":"2022-08-09T17:49:45","guid":{"rendered":"http:\/\/blogdoarmindomaia.com.br\/?p=2205"},"modified":"2022-08-09T14:49:47","modified_gmt":"2022-08-09T17:49:47","slug":"museus-terao-horarios-especiais-no-feriado-de-nossa-senhora-da-abadia","status":"publish","type":"post","link":"http:\/\/blogdoarmindomaia.com.br\/?p=2205","title":{"rendered":"Museus ter\u00e3o hor\u00e1rios especiais no feriado de Nossa Senhora da Abadia"},"content":{"rendered":"\n<figure class=\"wp-block-image size-full\"><img loading=\"lazy\" decoding=\"async\" width=\"1024\" height=\"683\" src=\"http:\/\/blogdoarmindomaia.com.br\/wp-content\/uploads\/2022\/08\/Museus-3.jpg\" alt=\"\" class=\"wp-image-2206\" srcset=\"http:\/\/blogdoarmindomaia.com.br\/wp-content\/uploads\/2022\/08\/Museus-3.jpg 1024w, http:\/\/blogdoarmindomaia.com.br\/wp-content\/uploads\/2022\/08\/Museus-3-300x200.jpg 300w, http:\/\/blogdoarmindomaia.com.br\/wp-content\/uploads\/2022\/08\/Museus-3-768x512.jpg 768w\" sizes=\"auto, (max-width: 1024px) 100vw, 1024px\" \/><\/figure>\n\n\n\n<p>Os museus de Arax\u00e1 ter\u00e3o hor\u00e1rios especiais no feriado de Nossa Senhora da Abadia. Os espa\u00e7os estar\u00e3o abertos na segunda-feira, dia 15 de agosto, das 8h \u00e0s 12h, e fechados para manuten\u00e7\u00e3o nas ter\u00e7as-feiras, dias 9 e 16.<br><br>De acordo com a presidente da Funda\u00e7\u00e3o Cultural Calmon Barreto (FCCB), Cynthia Ver\u00e7osa, a mudan\u00e7a vai proporcionar mais tempo para que turistas e araxaenses visitem os espa\u00e7os durante o feriado prolongado.<br><br>\u201cComo n\u00f3s temos mais&nbsp; um feriado que acontece na segunda-feira e os museus est\u00e3o fechados neste dia, resolvemos inverter o funcionamento. A cidade vai estar cheia, e com essa troca teremos mais uma op\u00e7\u00e3o de lazer aos visitantes\u201d, ressalta a secretaria.<br><br><strong>Conhe\u00e7a os Museus<\/strong><br><br>&#8211; Museu Hist\u00f3rico de Arax\u00e1 &#8211; Dona Beja &#8211; Pra\u00e7a Coronel Adolfo, 98, Centro &#8211; Tel: (34) 9.9257-1160.<br>&#8211; Museus Calmon Barreto e Memorial de Arax\u00e1 &#8211; Avenida Vereador Jo\u00e3o Sena, 98, Centro &#8211; Tel: (34) 9.9257-0982.<br>&#8211; Museus da Imagem e do Som e Legislativo &#8211; Pra\u00e7a Coronel Adolfo, 9, Centro &#8211; Tel: (34) 9.9257-1165.<br>&#8211; Museu Sacro &#8211; Pra\u00e7a de S\u00e3o Sebasti\u00e3o, s\/n, Vila S\u00e3o Pedro &#8211; Tel: (34) 9.9257-1160.<\/p>\n","protected":false},"excerpt":{"rendered":"<p>Os museus de Arax\u00e1 ter\u00e3o hor\u00e1rios especiais no feriado de Nossa Senhora da Abadia. Os espa\u00e7os estar\u00e3o abertos na segunda-feira,<\/p>\n","protected":false},"author":2,"featured_media":2206,"comment_status":"open","ping_status":"open","sticky":false,"template":"","format":"standard","meta":{"footnotes":""},"categories":[9,5,11],"tags":[],"class_list":["post-2205","post","type-post","status-publish","format-standard","has-post-thumbnail","hentry","category-araxa","category-arte-e-cultura","category-destaques"],"_links":{"self":[{"href":"http:\/\/blogdoarmindomaia.com.br\/index.php?rest_route=\/wp\/v2\/posts\/2205","targetHints":{"allow":["GET"]}}],"collection":[{"href":"http:\/\/blogdoarmindomaia.com.br\/index.php?rest_route=\/wp\/v2\/posts"}],"about":[{"href":"http:\/\/blogdoarmindomaia.com.br\/index.php?rest_route=\/wp\/v2\/types\/post"}],"author":[{"embeddable":true,"href":"http:\/\/blogdoarmindomaia.com.br\/index.php?rest_route=\/wp\/v2\/users\/2"}],"replies":[{"embeddable":true,"href":"http:\/\/blogdoarmindomaia.com.br\/index.php?rest_route=%2Fwp%2Fv2%2Fcomments&post=2205"}],"version-history":[{"count":1,"href":"http:\/\/blogdoarmindomaia.com.br\/index.php?rest_route=\/wp\/v2\/posts\/2205\/revisions"}],"predecessor-version":[{"id":2207,"href":"http:\/\/blogdoarmindomaia.com.br\/index.php?rest_route=\/wp\/v2\/posts\/2205\/revisions\/2207"}],"wp:featuredmedia":[{"embeddable":true,"href":"http:\/\/blogdoarmindomaia.com.br\/index.php?rest_route=\/wp\/v2\/media\/2206"}],"wp:attachment":[{"href":"http:\/\/blogdoarmindomaia.com.br\/index.php?rest_route=%2Fwp%2Fv2%2Fmedia&parent=2205"}],"wp:term":[{"taxonomy":"category","embeddable":true,"href":"http:\/\/blogdoarmindomaia.com.br\/index.php?rest_route=%2Fwp%2Fv2%2Fcategories&post=2205"},{"taxonomy":"post_tag","embeddable":true,"href":"http:\/\/blogdoarmindomaia.com.br\/index.php?rest_route=%2Fwp%2Fv2%2Ftags&post=2205"}],"curies":[{"name":"wp","href":"https:\/\/api.w.org\/{rel}","templated":true}]}}