{"id":2208,"date":"2022-08-09T14:52:12","date_gmt":"2022-08-09T17:52:12","guid":{"rendered":"http:\/\/blogdoarmindomaia.com.br\/?p=2208"},"modified":"2022-08-09T14:52:14","modified_gmt":"2022-08-09T17:52:14","slug":"escola-municipal-de-musica-esta-com-20-vagas-abertas-para-aulas-gratuitas-de-violino","status":"publish","type":"post","link":"http:\/\/blogdoarmindomaia.com.br\/?p=2208","title":{"rendered":"Escola Municipal de M\u00fasica est\u00e1 com 20 vagas abertas para aulas gratuitas de violino"},"content":{"rendered":"\n<figure class=\"wp-block-image size-full\"><img loading=\"lazy\" decoding=\"async\" width=\"1024\" height=\"688\" src=\"http:\/\/blogdoarmindomaia.com.br\/wp-content\/uploads\/2022\/08\/Vagas-violino-Escola-de-Musica.jpg\" alt=\"\" class=\"wp-image-2209\" srcset=\"http:\/\/blogdoarmindomaia.com.br\/wp-content\/uploads\/2022\/08\/Vagas-violino-Escola-de-Musica.jpg 1024w, http:\/\/blogdoarmindomaia.com.br\/wp-content\/uploads\/2022\/08\/Vagas-violino-Escola-de-Musica-300x202.jpg 300w, http:\/\/blogdoarmindomaia.com.br\/wp-content\/uploads\/2022\/08\/Vagas-violino-Escola-de-Musica-768x516.jpg 768w\" sizes=\"auto, (max-width: 1024px) 100vw, 1024px\" \/><\/figure>\n\n\n\n<p>A Escola Municipal de M\u00fasica Maestro Elias Porf\u00edrio de Azevedo est\u00e1 com 20 vagas gratuitas abertas para o curso livre de violino. Ser\u00e3o 10 vagas para adultos que ter\u00e3o aulas administradas nas quartas-feiras, \u00e0s 17h; e 10 vagas destinadas \u00e0 adolescentes de 12 a 17 anos para aulas nas quintas-feiras, tamb\u00e9m \u00e0s 17h.&nbsp; As matr\u00edculas dever\u00e3o ser realizadas presencialmente na Escola Municipal de M\u00fasica, na pra\u00e7a Arthur Bernardes, n\u00b0 18, no Centro, de segunda a quinta-feira, das 7h \u00e0s 21h, e \u00e0s sextas-feiras, das 7h \u00e0s 18h.<\/p>\n\n\n\n<p>Os documentos necess\u00e1rios para a inscri\u00e7\u00e3o s\u00e3o: xerox do RG, CPF, comprovante de resid\u00eancia e uma foto 3&#215;4. Menores dever\u00e3o estar acompanhados por pais ou respons\u00e1veis, que tamb\u00e9m devem comparecer com a c\u00f3pia dos documentos pessoais. \u201cA abertura das vagas possibilitar\u00e1 o acesso de novos alunos \u00e0 Escola de M\u00fasica. As aulas ser\u00e3o em grupo, e com elas queremos levar a mais pessoas o h\u00e1bito de terem contato com o instrumento, trazendo-o de forma mais pr\u00f3xima \u00e0 sociedade\u201d, destaca a professora de violino, Dayane Camargos.<\/p>\n","protected":false},"excerpt":{"rendered":"<p>A Escola Municipal de M\u00fasica Maestro Elias Porf\u00edrio de Azevedo est\u00e1 com 20 vagas gratuitas abertas para o curso livre<\/p>\n","protected":false},"author":2,"featured_media":2209,"comment_status":"open","ping_status":"open","sticky":false,"template":"","format":"standard","meta":{"footnotes":""},"categories":[9,5],"tags":[],"class_list":["post-2208","post","type-post","status-publish","format-standard","has-post-thumbnail","hentry","category-araxa","category-arte-e-cultura"],"_links":{"self":[{"href":"http:\/\/blogdoarmindomaia.com.br\/index.php?rest_route=\/wp\/v2\/posts\/2208","targetHints":{"allow":["GET"]}}],"collection":[{"href":"http:\/\/blogdoarmindomaia.com.br\/index.php?rest_route=\/wp\/v2\/posts"}],"about":[{"href":"http:\/\/blogdoarmindomaia.com.br\/index.php?rest_route=\/wp\/v2\/types\/post"}],"author":[{"embeddable":true,"href":"http:\/\/blogdoarmindomaia.com.br\/index.php?rest_route=\/wp\/v2\/users\/2"}],"replies":[{"embeddable":true,"href":"http:\/\/blogdoarmindomaia.com.br\/index.php?rest_route=%2Fwp%2Fv2%2Fcomments&post=2208"}],"version-history":[{"count":1,"href":"http:\/\/blogdoarmindomaia.com.br\/index.php?rest_route=\/wp\/v2\/posts\/2208\/revisions"}],"predecessor-version":[{"id":2210,"href":"http:\/\/blogdoarmindomaia.com.br\/index.php?rest_route=\/wp\/v2\/posts\/2208\/revisions\/2210"}],"wp:featuredmedia":[{"embeddable":true,"href":"http:\/\/blogdoarmindomaia.com.br\/index.php?rest_route=\/wp\/v2\/media\/2209"}],"wp:attachment":[{"href":"http:\/\/blogdoarmindomaia.com.br\/index.php?rest_route=%2Fwp%2Fv2%2Fmedia&parent=2208"}],"wp:term":[{"taxonomy":"category","embeddable":true,"href":"http:\/\/blogdoarmindomaia.com.br\/index.php?rest_route=%2Fwp%2Fv2%2Fcategories&post=2208"},{"taxonomy":"post_tag","embeddable":true,"href":"http:\/\/blogdoarmindomaia.com.br\/index.php?rest_route=%2Fwp%2Fv2%2Ftags&post=2208"}],"curies":[{"name":"wp","href":"https:\/\/api.w.org\/{rel}","templated":true}]}}