{"id":2211,"date":"2022-08-09T15:04:20","date_gmt":"2022-08-09T18:04:20","guid":{"rendered":"http:\/\/blogdoarmindomaia.com.br\/?p=2211"},"modified":"2022-08-09T15:04:22","modified_gmt":"2022-08-09T18:04:22","slug":"educadores-da-rede-municipal-de-ensino-recebem-capacitacao-de-primeiros-socorros","status":"publish","type":"post","link":"http:\/\/blogdoarmindomaia.com.br\/?p=2211","title":{"rendered":"Educadores da rede municipal de ensino recebem capacita\u00e7\u00e3o de primeiros socorros"},"content":{"rendered":"\n<figure class=\"wp-block-image size-full\"><img loading=\"lazy\" decoding=\"async\" width=\"1024\" height=\"683\" src=\"http:\/\/blogdoarmindomaia.com.br\/wp-content\/uploads\/2022\/08\/Capacitacao-4.jpeg\" alt=\"\" class=\"wp-image-2212\" srcset=\"http:\/\/blogdoarmindomaia.com.br\/wp-content\/uploads\/2022\/08\/Capacitacao-4.jpeg 1024w, http:\/\/blogdoarmindomaia.com.br\/wp-content\/uploads\/2022\/08\/Capacitacao-4-300x200.jpeg 300w, http:\/\/blogdoarmindomaia.com.br\/wp-content\/uploads\/2022\/08\/Capacitacao-4-768x512.jpeg 768w\" sizes=\"auto, (max-width: 1024px) 100vw, 1024px\" \/><\/figure>\n\n\n\n<p>A &nbsp;Prefeitura de Arax\u00e1 em parceria com o Corpo de Bombeiros de Minas Gerais deu in\u00edcio \u00e0 capacita\u00e7\u00e3o de primeiros socorros destinada aos educadores da rede municipal de ensino infantil. As profissionais estiveram no 5\u00ba Pelot\u00e3o de Bombeiros Militar de Arax\u00e1 e participaram do curso que tem como objetivo ensinar os profissionais para que consigam lidar com situa\u00e7\u00f5es inesperadas e que envolvam a vida das crian\u00e7as dentro das institui\u00e7\u00f5es. O conte\u00fado foi ministrado pelo Cabo Fl\u00e1vio Henrique Ferreira e o Soldado Matheus Alves Silva.<br><br>As aulas t\u00eam carga hor\u00e1ria de 8 horas de treinamento. Inicialmente, ser\u00e3o especializadas as profissionais que atuam nos Centros Municipais de Educa\u00e7\u00e3o Infantil (Cemeis) e, posteriormente, para as educadoras do ensino fundamental. O curso faz parte das a\u00e7\u00f5es compostas na Lei Lucas (13722\/18), que foi sancionada em 04\/10\/2018 e obriga as escolas p\u00fablicas e privadas a se prepararem para atendimentos de primeiros socorros. Dessa forma, as educadoras podem se tornar multiplicadoras e respons\u00e1veis nas atua\u00e7\u00f5es adversas, por meio dessa experi\u00eancia e d\u00favidas sanadas durante a capacita\u00e7\u00e3o.&nbsp;<br><br>Os instrutores seguem protocolo da Organiza\u00e7\u00e3o Mundial da Sa\u00fade para compartilhar conte\u00fados como avalia\u00e7\u00e3o do cen\u00e1rio, mecanismo de les\u00e3o, an\u00e1lise de sinais vitais, causas de obstru\u00e7\u00e3o e libera\u00e7\u00e3o nas vias a\u00e9reas, RCP (reanima\u00e7\u00e3o cardiopulmonar), uso do DEA e equipamentos semiautom\u00e1ticos para desfibrila\u00e7\u00e3o externa, estado de choque (classifica\u00e7\u00e3o, preven\u00e7\u00e3o e tratamento) , hemorragias (classifica\u00e7\u00e3o e tratamento), movimenta\u00e7\u00e3o, remo\u00e7\u00e3o e transporte de v\u00edtimas (avalia\u00e7\u00e3o e t\u00e9cnicas), ocorr\u00eancias envolvendo animais pe\u00e7onhentos, queimaduras (classifica\u00e7\u00e3o e tratamento) e emerg\u00eancias cl\u00ednicas.<br><br>De acordo com a secret\u00e1ria municipal de Educa\u00e7\u00e3o, Zulma Moreira, o compromisso da Administra\u00e7\u00e3o \u00e9 com a seguran\u00e7a e educa\u00e7\u00e3o das crian\u00e7as. \u201cTemos que agradecer imensamente toda a aten\u00e7\u00e3o e prontid\u00e3o do Corpo de Bombeiros. Isso garante tranquilidade e caso necess\u00e1rio um atendimento emergencial. A equipe das escolas n\u00e3o pode entrar em p\u00e2nico em situa\u00e7\u00f5es de urg\u00eancia com nossas crian\u00e7as e, sim ter uma a\u00e7\u00e3o r\u00e1pida e segura na preven\u00e7\u00e3o da sa\u00fade dos alunos\u201d, destaca.<br><\/p>\n","protected":false},"excerpt":{"rendered":"<p>A &nbsp;Prefeitura de Arax\u00e1 em parceria com o Corpo de Bombeiros de Minas Gerais deu in\u00edcio \u00e0 capacita\u00e7\u00e3o de primeiros<\/p>\n","protected":false},"author":2,"featured_media":2212,"comment_status":"open","ping_status":"open","sticky":false,"template":"","format":"standard","meta":{"footnotes":""},"categories":[9,8,13],"tags":[],"class_list":["post-2211","post","type-post","status-publish","format-standard","has-post-thumbnail","hentry","category-araxa","category-cidades","category-educacao"],"_links":{"self":[{"href":"http:\/\/blogdoarmindomaia.com.br\/index.php?rest_route=\/wp\/v2\/posts\/2211","targetHints":{"allow":["GET"]}}],"collection":[{"href":"http:\/\/blogdoarmindomaia.com.br\/index.php?rest_route=\/wp\/v2\/posts"}],"about":[{"href":"http:\/\/blogdoarmindomaia.com.br\/index.php?rest_route=\/wp\/v2\/types\/post"}],"author":[{"embeddable":true,"href":"http:\/\/blogdoarmindomaia.com.br\/index.php?rest_route=\/wp\/v2\/users\/2"}],"replies":[{"embeddable":true,"href":"http:\/\/blogdoarmindomaia.com.br\/index.php?rest_route=%2Fwp%2Fv2%2Fcomments&post=2211"}],"version-history":[{"count":1,"href":"http:\/\/blogdoarmindomaia.com.br\/index.php?rest_route=\/wp\/v2\/posts\/2211\/revisions"}],"predecessor-version":[{"id":2213,"href":"http:\/\/blogdoarmindomaia.com.br\/index.php?rest_route=\/wp\/v2\/posts\/2211\/revisions\/2213"}],"wp:featuredmedia":[{"embeddable":true,"href":"http:\/\/blogdoarmindomaia.com.br\/index.php?rest_route=\/wp\/v2\/media\/2212"}],"wp:attachment":[{"href":"http:\/\/blogdoarmindomaia.com.br\/index.php?rest_route=%2Fwp%2Fv2%2Fmedia&parent=2211"}],"wp:term":[{"taxonomy":"category","embeddable":true,"href":"http:\/\/blogdoarmindomaia.com.br\/index.php?rest_route=%2Fwp%2Fv2%2Fcategories&post=2211"},{"taxonomy":"post_tag","embeddable":true,"href":"http:\/\/blogdoarmindomaia.com.br\/index.php?rest_route=%2Fwp%2Fv2%2Ftags&post=2211"}],"curies":[{"name":"wp","href":"https:\/\/api.w.org\/{rel}","templated":true}]}}