{"id":2225,"date":"2022-08-10T16:36:16","date_gmt":"2022-08-10T19:36:16","guid":{"rendered":"http:\/\/blogdoarmindomaia.com.br\/?p=2225"},"modified":"2022-08-10T16:36:18","modified_gmt":"2022-08-10T19:36:18","slug":"show-da-banda-skank-em-araxa-e-adiado","status":"publish","type":"post","link":"http:\/\/blogdoarmindomaia.com.br\/?p=2225","title":{"rendered":"\u00a0Show da banda Skank em Arax\u00e1 \u00e9 adiado"},"content":{"rendered":"\n<figure class=\"wp-block-image size-full\"><img loading=\"lazy\" decoding=\"async\" width=\"944\" height=\"630\" src=\"http:\/\/blogdoarmindomaia.com.br\/wp-content\/uploads\/2022\/08\/Show-da-banda-Skank-em-Araxa-e-adiado-pag-04.jpg\" alt=\"\" class=\"wp-image-2226\" srcset=\"http:\/\/blogdoarmindomaia.com.br\/wp-content\/uploads\/2022\/08\/Show-da-banda-Skank-em-Araxa-e-adiado-pag-04.jpg 944w, http:\/\/blogdoarmindomaia.com.br\/wp-content\/uploads\/2022\/08\/Show-da-banda-Skank-em-Araxa-e-adiado-pag-04-300x200.jpg 300w, http:\/\/blogdoarmindomaia.com.br\/wp-content\/uploads\/2022\/08\/Show-da-banda-Skank-em-Araxa-e-adiado-pag-04-768x513.jpg 768w\" sizes=\"auto, (max-width: 944px) 100vw, 944px\" \/><\/figure>\n\n\n\n<p>N\u00e3o ser\u00e1 desta vez que o publico de Arax\u00e1, poder\u00e1 acompanhar um dos \u00faltimos shows da banda mineira, Skank.&nbsp; Depois de anunciar pausa por tempo indeterminado ap\u00f3s mais de 30 anos, o Skank est\u00e1 realizando uma &#8216;Turn\u00ea da Despedida&#8221;, com uma s\u00e9rie de shows pelo Brasil a fora. A cidade de Arax\u00e1&nbsp; que estaria sediando um show neste pr\u00f3ximo domingo, dia 14 de agosto no espa\u00e7o Expominas, teve o evento cancelado.<\/p>\n\n\n\n<p>A reportagem do Jornal Intera\u00e7\u00e3o apurou junto aos promotores do show, que o adiamento na data do evento&nbsp; em Arax\u00e1, teria ocorrido em fun\u00e7\u00e3o de alguns problemas relacionados \u00e0 patroc\u00ednio. No entanto, os organizadores n\u00e3o descartaram a realiza\u00e7\u00e3o do show da Banda Skank na cidade de Arax\u00e1, ainda este ano, antes do final da turn\u00ea dos artistas, que est\u00e1 sendo remodelada com a inclus\u00e3o de novas datas.&nbsp;&nbsp;<\/p>\n\n\n\n<p>Sobre a Banda<\/p>\n\n\n\n<p>A separa\u00e7\u00e3o foi anunciada no fim de 2019 antes de a pandemia ser decretada, por isso que a turn\u00ea precisou ser adiada no pa\u00eds.&nbsp;Samuel Rosa (guitarra e voz), Lelo Zanetti (baixo), Henrique Portugal (teclados) e Haroldo Ferretti (bateria) decidiram optar&nbsp; &#8220;por experimentar caminhos individuais&#8221;. &nbsp;&nbsp;<\/p>\n\n\n\n<p>Considerada uma das principais bandas do rock nacional, o Skank tem nove \u00e1lbuns de est\u00fadio e mais de 5 milh\u00f5es de unidades vendidas, al\u00e9m de tr\u00eas \u00e1lbuns gravados ao vivo e 25 inser\u00e7\u00f5es em trilhas sonoras de novelas.&nbsp;Entre os principais hits est\u00e3o &#8216;Garota Nacional&#8217;, &#8216;Vou Deixar&#8217; e outros mais recentes, &#8216;Algo Parecido&#8217; e &#8216;Simplesmente&#8217;.&nbsp;<\/p>\n\n\n\n<p>Foto-&nbsp; divulga\u00e7\u00e3o da Banda Skank<\/p>\n","protected":false},"excerpt":{"rendered":"<p>N\u00e3o ser\u00e1 desta vez que o publico de Arax\u00e1, poder\u00e1 acompanhar um dos \u00faltimos shows da banda mineira, Skank.&nbsp; Depois<\/p>\n","protected":false},"author":2,"featured_media":2226,"comment_status":"open","ping_status":"open","sticky":false,"template":"","format":"standard","meta":{"footnotes":""},"categories":[9,5,11],"tags":[],"class_list":["post-2225","post","type-post","status-publish","format-standard","has-post-thumbnail","hentry","category-araxa","category-arte-e-cultura","category-destaques"],"_links":{"self":[{"href":"http:\/\/blogdoarmindomaia.com.br\/index.php?rest_route=\/wp\/v2\/posts\/2225","targetHints":{"allow":["GET"]}}],"collection":[{"href":"http:\/\/blogdoarmindomaia.com.br\/index.php?rest_route=\/wp\/v2\/posts"}],"about":[{"href":"http:\/\/blogdoarmindomaia.com.br\/index.php?rest_route=\/wp\/v2\/types\/post"}],"author":[{"embeddable":true,"href":"http:\/\/blogdoarmindomaia.com.br\/index.php?rest_route=\/wp\/v2\/users\/2"}],"replies":[{"embeddable":true,"href":"http:\/\/blogdoarmindomaia.com.br\/index.php?rest_route=%2Fwp%2Fv2%2Fcomments&post=2225"}],"version-history":[{"count":1,"href":"http:\/\/blogdoarmindomaia.com.br\/index.php?rest_route=\/wp\/v2\/posts\/2225\/revisions"}],"predecessor-version":[{"id":2227,"href":"http:\/\/blogdoarmindomaia.com.br\/index.php?rest_route=\/wp\/v2\/posts\/2225\/revisions\/2227"}],"wp:featuredmedia":[{"embeddable":true,"href":"http:\/\/blogdoarmindomaia.com.br\/index.php?rest_route=\/wp\/v2\/media\/2226"}],"wp:attachment":[{"href":"http:\/\/blogdoarmindomaia.com.br\/index.php?rest_route=%2Fwp%2Fv2%2Fmedia&parent=2225"}],"wp:term":[{"taxonomy":"category","embeddable":true,"href":"http:\/\/blogdoarmindomaia.com.br\/index.php?rest_route=%2Fwp%2Fv2%2Fcategories&post=2225"},{"taxonomy":"post_tag","embeddable":true,"href":"http:\/\/blogdoarmindomaia.com.br\/index.php?rest_route=%2Fwp%2Fv2%2Ftags&post=2225"}],"curies":[{"name":"wp","href":"https:\/\/api.w.org\/{rel}","templated":true}]}}