{"id":2235,"date":"2022-08-11T15:29:47","date_gmt":"2022-08-11T18:29:47","guid":{"rendered":"http:\/\/blogdoarmindomaia.com.br\/?p=2235"},"modified":"2022-08-11T15:29:49","modified_gmt":"2022-08-11T18:29:49","slug":"araxa-recebe-copa-do-brasil-e-campeonato-mineiro-de-balonismo-de-quinta-a-domingo","status":"publish","type":"post","link":"http:\/\/blogdoarmindomaia.com.br\/?p=2235","title":{"rendered":"Arax\u00e1 recebe Copa do Brasil e Campeonato Mineiro de Balonismo de quinta a domingo"},"content":{"rendered":"\n<figure class=\"wp-block-image size-large\"><img loading=\"lazy\" decoding=\"async\" width=\"768\" height=\"1024\" src=\"http:\/\/blogdoarmindomaia.com.br\/wp-content\/uploads\/2022\/08\/5d49b380-80c5-44df-9d0c-09853ff2e020-768x1024.jpg\" alt=\"\" class=\"wp-image-2237\" srcset=\"http:\/\/blogdoarmindomaia.com.br\/wp-content\/uploads\/2022\/08\/5d49b380-80c5-44df-9d0c-09853ff2e020-768x1024.jpg 768w, http:\/\/blogdoarmindomaia.com.br\/wp-content\/uploads\/2022\/08\/5d49b380-80c5-44df-9d0c-09853ff2e020-225x300.jpg 225w, http:\/\/blogdoarmindomaia.com.br\/wp-content\/uploads\/2022\/08\/5d49b380-80c5-44df-9d0c-09853ff2e020-1152x1536.jpg 1152w, http:\/\/blogdoarmindomaia.com.br\/wp-content\/uploads\/2022\/08\/5d49b380-80c5-44df-9d0c-09853ff2e020.jpg 1200w\" sizes=\"auto, (max-width: 768px) 100vw, 768px\" \/><\/figure>\n\n\n\n<figure class=\"wp-block-image size-full\"><img loading=\"lazy\" decoding=\"async\" width=\"768\" height=\"1024\" src=\"http:\/\/blogdoarmindomaia.com.br\/wp-content\/uploads\/2022\/08\/bfd3fa2e-c140-4963-b258-4293df3867f3.jpg\" alt=\"\" class=\"wp-image-2238\" srcset=\"http:\/\/blogdoarmindomaia.com.br\/wp-content\/uploads\/2022\/08\/bfd3fa2e-c140-4963-b258-4293df3867f3.jpg 768w, http:\/\/blogdoarmindomaia.com.br\/wp-content\/uploads\/2022\/08\/bfd3fa2e-c140-4963-b258-4293df3867f3-225x300.jpg 225w\" sizes=\"auto, (max-width: 768px) 100vw, 768px\" \/><\/figure>\n\n\n\n<figure class=\"wp-block-image size-large\"><img loading=\"lazy\" decoding=\"async\" width=\"698\" height=\"1024\" src=\"http:\/\/blogdoarmindomaia.com.br\/wp-content\/uploads\/2022\/08\/d93e0e36-76cb-41ce-bc14-59f263f6dab7-698x1024.jpg\" alt=\"\" class=\"wp-image-2236\" srcset=\"http:\/\/blogdoarmindomaia.com.br\/wp-content\/uploads\/2022\/08\/d93e0e36-76cb-41ce-bc14-59f263f6dab7-698x1024.jpg 698w, http:\/\/blogdoarmindomaia.com.br\/wp-content\/uploads\/2022\/08\/d93e0e36-76cb-41ce-bc14-59f263f6dab7-205x300.jpg 205w, http:\/\/blogdoarmindomaia.com.br\/wp-content\/uploads\/2022\/08\/d93e0e36-76cb-41ce-bc14-59f263f6dab7.jpg 720w\" sizes=\"auto, (max-width: 698px) 100vw, 698px\" \/><\/figure>\n\n\n\n<p>Um evento que promete colorir e iluminar o c\u00e9u de Arax\u00e1. A Terra de Beja sedia a 2\u00aa Etapa da Copa do Brasil de Balonismo e tamb\u00e9m o 1\u00ba Campeonato Mineiro de Balonismo. O evento \u00e9 organizado pela Federa\u00e7\u00e3o de Balonismo do Estado de Minas Gerais, com o apoio da Prefeitura de Arax\u00e1. As competi\u00e7\u00f5es acontecem entre os dias 11 e 14 de agosto, com base instalada no Est\u00e1dio Municipal Fausto Alvim. Dezoito equipes devem participar das competi\u00e7\u00f5es.<br><br>As atividades se iniciam antes mesmo do nascer do sol, por volta das 6h, e tamb\u00e9m no entardecer, a partir das 15h, hor\u00e1rios estes mais apropriados para os voos. Paralelo ao campeonato, tamb\u00e9m acontece o \u201cNight Glow\u201d, um evento realizado no entardecer, onde os bal\u00f5es de ar quente s\u00e3o inflados e ficam flutuando a poucos metros do ch\u00e3o, presos por cordas e monitorados por equipes.<br><br>O \u201cNight Glow\u201d tamb\u00e9m acontece no Est\u00e1dio Municipal Fausto Alvim e conta com pra\u00e7a de alimenta\u00e7\u00e3o e programa\u00e7\u00e3o cultural, com entrada mediante doa\u00e7\u00e3o de 1kg de alimento n\u00e3o perec\u00edvel. A arrecada\u00e7\u00e3o ser\u00e1 doada para institui\u00e7\u00f5es filantr\u00f3picas da cidade.<br><br>De acordo com o superintendente de Turismo, Ricardo Ruas, este \u00e9 mais um evento que vai fomentar o turismo e a economia local. \u201cS\u00e3o duas importantes competi\u00e7\u00f5es de n\u00edvel nacional, com pilotos de todo o pa\u00eds, e que vai atrair centenas de turistas, amantes do esporte de aventura e competidores para nosso munic\u00edpio. \u00c9 importante para o turismo da cidade diversificar os eventos e modalidades esportivas, e com isto, destacar o nome de Arax\u00e1 no cen\u00e1rio nacional\u201d, destaca.<br><strong><br>Programa\u00e7\u00e3o<br><br>Quinta, 11\/08<\/strong><br>&nbsp;&#8211; 15h: Briefing Geral + Voo Competitivo<br><br><strong>Sexta, 12\/08<br><\/strong>&#8211; 5h30: Briefing + Voo Competitivo<br>&#8211; 15h: Briefing + Voo Competitivo<br>&#8211; 19h: Night Glow (8 bal\u00f5es) &#8211; Est\u00e1dio Municipal Fausto Alvim (entrada mediante doa\u00e7\u00e3o de 1kg de alimento n\u00e3o perec\u00edvel).<br><br><strong>S\u00e1bado, 13\/08<br><\/strong>&#8211; 5h30: Briefing + Voo Competitivo<br>&#8211; 15h: &nbsp;Briefing + Voo Competitivo<br>&#8211; 19h: Night Glow (8 bal\u00f5es) &#8211; Est\u00e1dio Municipal Fausto Alvim (entrada mediante doa\u00e7\u00e3o de 1kg de alimento n\u00e3o perec\u00edvel).<br><br><strong>Domingo, 14\/08<br><\/strong>&#8211; 5h30: Briefing + Voo Competitivo<br>&#8211; 15h: Encerramento<\/p>\n","protected":false},"excerpt":{"rendered":"<p>Um evento que promete colorir e iluminar o c\u00e9u de Arax\u00e1. A Terra de Beja sedia a 2\u00aa Etapa da<\/p>\n","protected":false},"author":2,"featured_media":2237,"comment_status":"open","ping_status":"open","sticky":false,"template":"","format":"standard","meta":{"footnotes":""},"categories":[9,11,15],"tags":[],"class_list":["post-2235","post","type-post","status-publish","format-standard","has-post-thumbnail","hentry","category-araxa","category-destaques","category-esportes"],"_links":{"self":[{"href":"http:\/\/blogdoarmindomaia.com.br\/index.php?rest_route=\/wp\/v2\/posts\/2235","targetHints":{"allow":["GET"]}}],"collection":[{"href":"http:\/\/blogdoarmindomaia.com.br\/index.php?rest_route=\/wp\/v2\/posts"}],"about":[{"href":"http:\/\/blogdoarmindomaia.com.br\/index.php?rest_route=\/wp\/v2\/types\/post"}],"author":[{"embeddable":true,"href":"http:\/\/blogdoarmindomaia.com.br\/index.php?rest_route=\/wp\/v2\/users\/2"}],"replies":[{"embeddable":true,"href":"http:\/\/blogdoarmindomaia.com.br\/index.php?rest_route=%2Fwp%2Fv2%2Fcomments&post=2235"}],"version-history":[{"count":1,"href":"http:\/\/blogdoarmindomaia.com.br\/index.php?rest_route=\/wp\/v2\/posts\/2235\/revisions"}],"predecessor-version":[{"id":2239,"href":"http:\/\/blogdoarmindomaia.com.br\/index.php?rest_route=\/wp\/v2\/posts\/2235\/revisions\/2239"}],"wp:featuredmedia":[{"embeddable":true,"href":"http:\/\/blogdoarmindomaia.com.br\/index.php?rest_route=\/wp\/v2\/media\/2237"}],"wp:attachment":[{"href":"http:\/\/blogdoarmindomaia.com.br\/index.php?rest_route=%2Fwp%2Fv2%2Fmedia&parent=2235"}],"wp:term":[{"taxonomy":"category","embeddable":true,"href":"http:\/\/blogdoarmindomaia.com.br\/index.php?rest_route=%2Fwp%2Fv2%2Fcategories&post=2235"},{"taxonomy":"post_tag","embeddable":true,"href":"http:\/\/blogdoarmindomaia.com.br\/index.php?rest_route=%2Fwp%2Fv2%2Ftags&post=2235"}],"curies":[{"name":"wp","href":"https:\/\/api.w.org\/{rel}","templated":true}]}}