{"id":2241,"date":"2022-08-11T15:40:25","date_gmt":"2022-08-11T18:40:25","guid":{"rendered":"http:\/\/blogdoarmindomaia.com.br\/?p=2241"},"modified":"2022-08-11T15:40:27","modified_gmt":"2022-08-11T18:40:27","slug":"ganso-comeca-segunda-divisao-com-vitoria","status":"publish","type":"post","link":"http:\/\/blogdoarmindomaia.com.br\/?p=2241","title":{"rendered":"Ganso come\u00e7a Segunda Divis\u00e3o com vit\u00f3ria"},"content":{"rendered":"\n<figure class=\"wp-block-image size-full\"><img loading=\"lazy\" decoding=\"async\" width=\"1024\" height=\"683\" src=\"http:\/\/blogdoarmindomaia.com.br\/wp-content\/uploads\/2022\/08\/Ganso-comeca-Segunda-Divisao-com-vitoria-esportes.jpg\" alt=\"\" class=\"wp-image-2242\" srcset=\"http:\/\/blogdoarmindomaia.com.br\/wp-content\/uploads\/2022\/08\/Ganso-comeca-Segunda-Divisao-com-vitoria-esportes.jpg 1024w, http:\/\/blogdoarmindomaia.com.br\/wp-content\/uploads\/2022\/08\/Ganso-comeca-Segunda-Divisao-com-vitoria-esportes-300x200.jpg 300w, http:\/\/blogdoarmindomaia.com.br\/wp-content\/uploads\/2022\/08\/Ganso-comeca-Segunda-Divisao-com-vitoria-esportes-768x512.jpg 768w\" sizes=\"auto, (max-width: 1024px) 100vw, 1024px\" \/><\/figure>\n\n\n\n<p>A caminhada rumo ao acesso do Campeonato Mineiro do M\u00f3dulo do ano que vem, come\u00e7ou no \u00faltimo s\u00e1bado, dia 06 de agosto para o time do Arax\u00e1 Esporte Clube. O Ganso estreou no certame da Segundona,&nbsp; edi\u00e7\u00e3o 2022, vencendo no est\u00e1dio municipal Fausto Alvim, o time do Inter da cidade de S\u00e3o Gotardo por 1 a 0. O gol alvinegro foi marcado por Jorge Mendes, aos 11 minutos do segundo tempo.<\/p>\n\n\n\n<p>A partida foi &nbsp;bastante truncada com os dois times bem armados nos setores de meio campo e defesa. O Inter de S\u00e3o Gotardo, estreante no cen\u00e1rio do futebol&nbsp; profissional das Alterosas, sempre foi muito bem estruturado nas divis\u00f5es de base.<\/p>\n\n\n\n<p>O Ganso comandado&nbsp; pelo t\u00e9cnico Jos\u00e9 Humberto Cordorna, teve apenas 20 dias de forma\u00e7\u00e3o e poucos mais de duas semanas para se preparar para a estreia no certame.&nbsp; Um time jovem mais bastante aguerrido que ainda precisa de algumas pe\u00e7as para formatar o elenco.<\/p>\n\n\n\n<p>Detalhes t\u00e9cnicos da partida Arax\u00e1 1 X 0 Inter:<\/p>\n\n\n\n<p>O Arax\u00e1 Esporte venceu com Matheus Silva; Michael (Farlei), JP (Pedr\u00e3o), Matheus Carioca e Hiago; Jorge Mendes, Marcinho, Yan (Monta\u00f1o) e Nickson (Hudson); Matheus Alves (Cau\u00ea) e J\u00falio Carioca. Treinador: Z\u00e9 Humberto<\/p>\n\n\n\n<p>O Inter de S\u00e3o Gotardo perdeu com Alexsander; Douglas, Ant\u00f4nio J\u00fanior, Paulo e Iury (Andrey); Allan (Marquinho), Levison, Lu\u00eds Cl\u00e1udio (Giovani) e Wellington; Bruno (David) e Danilo (Natan). Treinador: Edilson Monteiro (Fof\u00e3o)<\/p>\n\n\n\n<p>Arbitragem da Federa\u00e7\u00e3o Mineira de Futebol (FMF): Eric Giovani Fernandes, auxiliado por Jeferson Cristiano Monteiro e Wallison Pires de Jesus. Quarto \u00e1rbitro: Richard Daniel Guimar\u00e3es<\/p>\n\n\n\n<p>O pr\u00f3ximo jogo do Arax\u00e1 Esporte na competi\u00e7\u00e3o ser\u00e1 no dia 17 de agosto, as 19:30 hs, na cidade de Ita\u00fana, na regi\u00e3o centro oeste do Estado, contra o Inter de Minas, no est\u00e1dio Jos\u00e9 Fl\u00e1vio de Carvalho.&nbsp;<\/p>\n","protected":false},"excerpt":{"rendered":"<p>A caminhada rumo ao acesso do Campeonato Mineiro do M\u00f3dulo do ano que vem, come\u00e7ou no \u00faltimo s\u00e1bado, dia 06<\/p>\n","protected":false},"author":2,"featured_media":2242,"comment_status":"open","ping_status":"open","sticky":false,"template":"","format":"standard","meta":{"footnotes":""},"categories":[9,11,15],"tags":[],"class_list":["post-2241","post","type-post","status-publish","format-standard","has-post-thumbnail","hentry","category-araxa","category-destaques","category-esportes"],"_links":{"self":[{"href":"http:\/\/blogdoarmindomaia.com.br\/index.php?rest_route=\/wp\/v2\/posts\/2241","targetHints":{"allow":["GET"]}}],"collection":[{"href":"http:\/\/blogdoarmindomaia.com.br\/index.php?rest_route=\/wp\/v2\/posts"}],"about":[{"href":"http:\/\/blogdoarmindomaia.com.br\/index.php?rest_route=\/wp\/v2\/types\/post"}],"author":[{"embeddable":true,"href":"http:\/\/blogdoarmindomaia.com.br\/index.php?rest_route=\/wp\/v2\/users\/2"}],"replies":[{"embeddable":true,"href":"http:\/\/blogdoarmindomaia.com.br\/index.php?rest_route=%2Fwp%2Fv2%2Fcomments&post=2241"}],"version-history":[{"count":1,"href":"http:\/\/blogdoarmindomaia.com.br\/index.php?rest_route=\/wp\/v2\/posts\/2241\/revisions"}],"predecessor-version":[{"id":2243,"href":"http:\/\/blogdoarmindomaia.com.br\/index.php?rest_route=\/wp\/v2\/posts\/2241\/revisions\/2243"}],"wp:featuredmedia":[{"embeddable":true,"href":"http:\/\/blogdoarmindomaia.com.br\/index.php?rest_route=\/wp\/v2\/media\/2242"}],"wp:attachment":[{"href":"http:\/\/blogdoarmindomaia.com.br\/index.php?rest_route=%2Fwp%2Fv2%2Fmedia&parent=2241"}],"wp:term":[{"taxonomy":"category","embeddable":true,"href":"http:\/\/blogdoarmindomaia.com.br\/index.php?rest_route=%2Fwp%2Fv2%2Fcategories&post=2241"},{"taxonomy":"post_tag","embeddable":true,"href":"http:\/\/blogdoarmindomaia.com.br\/index.php?rest_route=%2Fwp%2Fv2%2Ftags&post=2241"}],"curies":[{"name":"wp","href":"https:\/\/api.w.org\/{rel}","templated":true}]}}