{"id":2247,"date":"2022-08-11T15:51:01","date_gmt":"2022-08-11T18:51:01","guid":{"rendered":"http:\/\/blogdoarmindomaia.com.br\/?p=2247"},"modified":"2022-08-11T15:53:05","modified_gmt":"2022-08-11T18:53:05","slug":"orquestra-filarmonica-de-mg-reune-mais-de-3-000-pessoas-no-teatro-municipal","status":"publish","type":"post","link":"http:\/\/blogdoarmindomaia.com.br\/?p=2247","title":{"rendered":"Orquestra Filarm\u00f4nica de MG re\u00fane mais de 3.000 pessoas no Teatro Municipal"},"content":{"rendered":"\n<figure class=\"wp-block-image size-full\"><img loading=\"lazy\" decoding=\"async\" width=\"1024\" height=\"683\" src=\"http:\/\/blogdoarmindomaia.com.br\/wp-content\/uploads\/2022\/08\/Orquestra-Filarmonica-deMG-reune-mais-de-pag-06.jpeg\" alt=\"\" class=\"wp-image-2249\" srcset=\"http:\/\/blogdoarmindomaia.com.br\/wp-content\/uploads\/2022\/08\/Orquestra-Filarmonica-deMG-reune-mais-de-pag-06.jpeg 1024w, http:\/\/blogdoarmindomaia.com.br\/wp-content\/uploads\/2022\/08\/Orquestra-Filarmonica-deMG-reune-mais-de-pag-06-300x200.jpeg 300w, http:\/\/blogdoarmindomaia.com.br\/wp-content\/uploads\/2022\/08\/Orquestra-Filarmonica-deMG-reune-mais-de-pag-06-768x512.jpeg 768w\" sizes=\"auto, (max-width: 1024px) 100vw, 1024px\" \/><\/figure>\n\n\n\n<figure class=\"wp-block-image size-full\"><img loading=\"lazy\" decoding=\"async\" width=\"1024\" height=\"683\" src=\"http:\/\/blogdoarmindomaia.com.br\/wp-content\/uploads\/2022\/08\/Orquestra-9.jpeg\" alt=\"\" class=\"wp-image-2250\" srcset=\"http:\/\/blogdoarmindomaia.com.br\/wp-content\/uploads\/2022\/08\/Orquestra-9.jpeg 1024w, http:\/\/blogdoarmindomaia.com.br\/wp-content\/uploads\/2022\/08\/Orquestra-9-300x200.jpeg 300w, http:\/\/blogdoarmindomaia.com.br\/wp-content\/uploads\/2022\/08\/Orquestra-9-768x512.jpeg 768w\" sizes=\"auto, (max-width: 1024px) 100vw, 1024px\" \/><\/figure>\n\n\n\n<figure class=\"wp-block-image size-full\"><img loading=\"lazy\" decoding=\"async\" width=\"1024\" height=\"683\" src=\"http:\/\/blogdoarmindomaia.com.br\/wp-content\/uploads\/2022\/08\/Orquestra-6.jpeg\" alt=\"\" class=\"wp-image-2248\" srcset=\"http:\/\/blogdoarmindomaia.com.br\/wp-content\/uploads\/2022\/08\/Orquestra-6.jpeg 1024w, http:\/\/blogdoarmindomaia.com.br\/wp-content\/uploads\/2022\/08\/Orquestra-6-300x200.jpeg 300w, http:\/\/blogdoarmindomaia.com.br\/wp-content\/uploads\/2022\/08\/Orquestra-6-768x512.jpeg 768w\" sizes=\"auto, (max-width: 1024px) 100vw, 1024px\" \/><\/figure>\n\n\n\n<p>Apreciadores de uma boa m\u00fasica e crian\u00e7as de escolas da cidade tiveram a oportunidade de acompanhar de perto os repert\u00f3rios da Orquestra Filarm\u00f4nica de Minas Gerais em Arax\u00e1, nos dias 5 e 6 de agosto. Foram mais de 3.000 pessoas presentes no palco de arena do Teatro Municipal Maximiliano Rocha.<br><br>Em turn\u00ea estadual, com uma sele\u00e7\u00e3o musical que visa comemorar os 200 anos de Independ\u00eancia do Brasil, a orquestra trouxe aos espectadores can\u00e7\u00f5es exclusivamente nacionais, que foram desde o Hino Nacional, passando pela Congada, at\u00e9 a famosa composi\u00e7\u00e3o \u2018O Guarani\u2019, de Ant\u00f4nio Carlos Gomes.<br><br>A cada m\u00fasica tocada, a plateia se surpreendia e aplaudia fervorosamente a apresenta\u00e7\u00e3o. Mesmo ap\u00f3s a conclus\u00e3o das m\u00fasicas previamente estabelecidas, houve pedidos de \u201cmais uma\u201d. Para atender o p\u00fablico, a orquestra ainda apresentou dois repert\u00f3rios extras, que n\u00e3o estavam no script: \u201cAquarela do Brasil\u201d e \u201cTico-Tico no Fub\u00e1\u201d.<br><br>Para a presidente da Funda\u00e7\u00e3o Cultural Calmon Barreto (FCCB), Cynthia Ver\u00e7osa, a presen\u00e7a de p\u00fablico durante as apresenta\u00e7\u00f5es superou as expectativas e provou o quanto as pessoas est\u00e3o interessadas em apreciar diferentes estilos musicais.<br><br>\u201c\u00c9 surpreendente ver como as pessoas gostam da m\u00fasica instrumental. Tivemos no palco externo do Teatro Municipal um p\u00fablico seleto, mas envolvendo crian\u00e7as, fam\u00edlias e idosos. O resultado \u00e9 positivo em todos os aspectos, tanto no de fomentar a cultura quanto de as pessoas receberem a Filarm\u00f4nica desta maneira na cidade\u201d, ressaltou.<br><br>Concerto did\u00e1tico<br><br>Durante a tarde de sexta-feira (5), foi promovido um concerto did\u00e1tico a alunos das escolas de Arax\u00e1. Cerca de 1.500 estudantes estiveram presentes. De acordo com a secret\u00e1ria municipal de Educa\u00e7\u00e3o, Zulma Moreira, o trabalho para que as crian\u00e7as compreendessem o estilo orquestral come\u00e7ou antes mesmo delas se dirigirem ao Teatro Municipal.<br><br>\u201cEssa foi uma oportunidade para que as crian\u00e7as conhe\u00e7am uma orquestra Filarm\u00f4nica. Por isso, antes de tudo, por meio de um pequeno portf\u00f3lio, apresentamos a elas tudo o que iria acontecer durante o espet\u00e1culo. Ent\u00e3o, todos j\u00e1 foram preparados\u201d, diz.<br><br>\u201cFoi muito legal assistir porque \u00e9 um som diferente, que a gente n\u00e3o ouve todo dia. A \u00faltima m\u00fasica [o Guarani] foi a mais legal. Nunca tinha visto uma apresenta\u00e7\u00e3o como esta. Eu fiquei surpreso\u201d, conta o aluno do 3\u00b0 ano da Escola Municipal Dona Gabriela, Ronaldo Jos\u00e9 Pereira de Faria, de 8 anos.<br><br>Interc\u00e2mbio musical<br><br>Ainda durante a manh\u00e3 do \u00faltimo s\u00e1bado (6), o flautista da Orquestra Filarm\u00f4nica, Alexandre Braga, promoveu no audit\u00f3rio do Teatro Municipal um bate-papo sobre a hist\u00f3ria da m\u00fasica sinf\u00f4nica, com os professores da Escola Municipal de M\u00fasica Maestro Elias Porf\u00edrio de Azevedo.<br><br>\u201cCom este interc\u00e2mbio, estamos trazendo a m\u00fasica sinf\u00f4nica que desenvolvemos no dia a dia, e buscamos promover essa troca de experi\u00eancias com as pessoas que lidam com a forma\u00e7\u00e3o de novos m\u00fasicos em Minas Gerais\u201d, explicou o maestro regente da Orquestra Filarm\u00f4nica, Jos\u00e9 Soares.<br><br>A Filarm\u00f4nica em Arax\u00e1 foi apresentada pelo Minist\u00e9rio do Turismo e CBMM, por meio da Lei Federal de Incentivo \u00e0 Cultura, e contou com o apoio da Prefeitura de Arax\u00e1 e da Funda\u00e7\u00e3o Cultural Calmon Barreto. A realiza\u00e7\u00e3o foi do Instituto Cultural Filarm\u00f4nica.<br><\/p>\n","protected":false},"excerpt":{"rendered":"<p>Apreciadores de uma boa m\u00fasica e crian\u00e7as de escolas da cidade tiveram a oportunidade de acompanhar de perto os repert\u00f3rios<\/p>\n","protected":false},"author":2,"featured_media":2249,"comment_status":"open","ping_status":"open","sticky":false,"template":"","format":"standard","meta":{"footnotes":""},"categories":[9,5,11],"tags":[],"class_list":["post-2247","post","type-post","status-publish","format-standard","has-post-thumbnail","hentry","category-araxa","category-arte-e-cultura","category-destaques"],"_links":{"self":[{"href":"http:\/\/blogdoarmindomaia.com.br\/index.php?rest_route=\/wp\/v2\/posts\/2247","targetHints":{"allow":["GET"]}}],"collection":[{"href":"http:\/\/blogdoarmindomaia.com.br\/index.php?rest_route=\/wp\/v2\/posts"}],"about":[{"href":"http:\/\/blogdoarmindomaia.com.br\/index.php?rest_route=\/wp\/v2\/types\/post"}],"author":[{"embeddable":true,"href":"http:\/\/blogdoarmindomaia.com.br\/index.php?rest_route=\/wp\/v2\/users\/2"}],"replies":[{"embeddable":true,"href":"http:\/\/blogdoarmindomaia.com.br\/index.php?rest_route=%2Fwp%2Fv2%2Fcomments&post=2247"}],"version-history":[{"count":1,"href":"http:\/\/blogdoarmindomaia.com.br\/index.php?rest_route=\/wp\/v2\/posts\/2247\/revisions"}],"predecessor-version":[{"id":2251,"href":"http:\/\/blogdoarmindomaia.com.br\/index.php?rest_route=\/wp\/v2\/posts\/2247\/revisions\/2251"}],"wp:featuredmedia":[{"embeddable":true,"href":"http:\/\/blogdoarmindomaia.com.br\/index.php?rest_route=\/wp\/v2\/media\/2249"}],"wp:attachment":[{"href":"http:\/\/blogdoarmindomaia.com.br\/index.php?rest_route=%2Fwp%2Fv2%2Fmedia&parent=2247"}],"wp:term":[{"taxonomy":"category","embeddable":true,"href":"http:\/\/blogdoarmindomaia.com.br\/index.php?rest_route=%2Fwp%2Fv2%2Fcategories&post=2247"},{"taxonomy":"post_tag","embeddable":true,"href":"http:\/\/blogdoarmindomaia.com.br\/index.php?rest_route=%2Fwp%2Fv2%2Ftags&post=2247"}],"curies":[{"name":"wp","href":"https:\/\/api.w.org\/{rel}","templated":true}]}}