{"id":2258,"date":"2022-08-16T11:19:26","date_gmt":"2022-08-16T14:19:26","guid":{"rendered":"http:\/\/blogdoarmindomaia.com.br\/?p=2258"},"modified":"2022-08-16T11:19:27","modified_gmt":"2022-08-16T14:19:27","slug":"livro-a-cacada-e-lancado-em-festivais-literarios-de-minas-e-sao-paulo","status":"publish","type":"post","link":"http:\/\/blogdoarmindomaia.com.br\/?p=2258","title":{"rendered":"<strong>Livro A Ca\u00e7ada \u00e9 lan\u00e7ado em festivais liter\u00e1rios de Minas e S\u00e3o Paulo<\/strong>"},"content":{"rendered":"\n<figure class=\"wp-block-image size-large\"><img loading=\"lazy\" decoding=\"async\" width=\"1024\" height=\"768\" src=\"http:\/\/blogdoarmindomaia.com.br\/wp-content\/uploads\/2022\/08\/FLISANGO-1-1024x768.jpg\" alt=\"\" class=\"wp-image-2260\" srcset=\"http:\/\/blogdoarmindomaia.com.br\/wp-content\/uploads\/2022\/08\/FLISANGO-1-1024x768.jpg 1024w, http:\/\/blogdoarmindomaia.com.br\/wp-content\/uploads\/2022\/08\/FLISANGO-1-300x225.jpg 300w, http:\/\/blogdoarmindomaia.com.br\/wp-content\/uploads\/2022\/08\/FLISANGO-1-768x576.jpg 768w, http:\/\/blogdoarmindomaia.com.br\/wp-content\/uploads\/2022\/08\/FLISANGO-1-1536x1152.jpg 1536w, http:\/\/blogdoarmindomaia.com.br\/wp-content\/uploads\/2022\/08\/FLISANGO-1.jpg 1600w\" sizes=\"auto, (max-width: 1024px) 100vw, 1024px\" \/><\/figure>\n\n\n\n<figure class=\"wp-block-image size-large\"><img loading=\"lazy\" decoding=\"async\" width=\"767\" height=\"1024\" src=\"http:\/\/blogdoarmindomaia.com.br\/wp-content\/uploads\/2022\/08\/ENTREVISTA-RADIO-MINAS-767x1024.jpg\" alt=\"\" class=\"wp-image-2261\" srcset=\"http:\/\/blogdoarmindomaia.com.br\/wp-content\/uploads\/2022\/08\/ENTREVISTA-RADIO-MINAS-767x1024.jpg 767w, http:\/\/blogdoarmindomaia.com.br\/wp-content\/uploads\/2022\/08\/ENTREVISTA-RADIO-MINAS-225x300.jpg 225w, http:\/\/blogdoarmindomaia.com.br\/wp-content\/uploads\/2022\/08\/ENTREVISTA-RADIO-MINAS-768x1026.jpg 768w, http:\/\/blogdoarmindomaia.com.br\/wp-content\/uploads\/2022\/08\/ENTREVISTA-RADIO-MINAS-1150x1536.jpg 1150w, http:\/\/blogdoarmindomaia.com.br\/wp-content\/uploads\/2022\/08\/ENTREVISTA-RADIO-MINAS-1533x2048.jpg 1533w, http:\/\/blogdoarmindomaia.com.br\/wp-content\/uploads\/2022\/08\/ENTREVISTA-RADIO-MINAS-scaled.jpg 1916w\" sizes=\"auto, (max-width: 767px) 100vw, 767px\" \/><\/figure>\n\n\n\n<figure class=\"wp-block-image size-large\"><img loading=\"lazy\" decoding=\"async\" width=\"1024\" height=\"768\" src=\"http:\/\/blogdoarmindomaia.com.br\/wp-content\/uploads\/2022\/08\/LANCAMENTO-EM-DIVINOPOLIS-3-1024x768.jpg\" alt=\"\" class=\"wp-image-2259\" srcset=\"http:\/\/blogdoarmindomaia.com.br\/wp-content\/uploads\/2022\/08\/LANCAMENTO-EM-DIVINOPOLIS-3-1024x768.jpg 1024w, http:\/\/blogdoarmindomaia.com.br\/wp-content\/uploads\/2022\/08\/LANCAMENTO-EM-DIVINOPOLIS-3-300x225.jpg 300w, http:\/\/blogdoarmindomaia.com.br\/wp-content\/uploads\/2022\/08\/LANCAMENTO-EM-DIVINOPOLIS-3-768x576.jpg 768w, http:\/\/blogdoarmindomaia.com.br\/wp-content\/uploads\/2022\/08\/LANCAMENTO-EM-DIVINOPOLIS-3-1536x1152.jpg 1536w, http:\/\/blogdoarmindomaia.com.br\/wp-content\/uploads\/2022\/08\/LANCAMENTO-EM-DIVINOPOLIS-3.jpg 1600w\" sizes=\"auto, (max-width: 1024px) 100vw, 1024px\" \/><\/figure>\n\n\n\n<p>O escritor Luiz Humberto Fran\u00e7a segue na maratona de divulga\u00e7\u00e3o do seu novo livro A Ca\u00e7ada. No final de julho, o lan\u00e7amento foi em Divin\u00f3polis, na Boutique do Livro, uma das livrarias mais tradicionais do interior de Minas. Muitos amigos que Fran\u00e7a fez quando morava na cidade compareceram para conhecer o novo trabalho. O livro foi destaque em entrevistas nas r\u00e1dios Sentinela e Minas.<\/p>\n\n\n\n<p>Na semana passada foi a vez de S\u00e3o Gotardo. O livro A Ca\u00e7ada foi lan\u00e7ado na FlliSang\u00f4, primeiro festival liter\u00e1rio da cidade. Fran\u00e7a participou de uma mesa com o tema mineiridades liter\u00e1rias, mediada pelo escritor local Leonardo Camisassa. \u201c \u00c9 extremamente relevante participar de festivais no seu in\u00edcio, no sentido de apoiar a iniciativa, para que ela dure muito tempo, sempre abrindo espa\u00e7os para n\u00f3s os autores regionais, comenta Fran\u00e7a.<\/p>\n\n\n\n<p>De Arax\u00e1 tamb\u00e9m participaram, Rafael Nolli e Lisa Alves. O festival de S\u00e3o Gotardo contou ainda com grandes nomes nacionais como Br\u00e1ulio Bessa, Zeca Camargo e Gabriel Periss\u00e9.<\/p>\n\n\n\n<p><strong>FIL<\/strong><\/p>\n\n\n\n<p>Na agenda, o pr\u00f3ximo compromisso nesse fim de semana em Ribeir\u00e3o Preto durante a FIL- Feira Internacional do Livro que ter\u00e1 como tema central: Do Cabura\u00ed ao Chu\u00ed: a for\u00e7a da literatura brasileira, homenageando principalmente Ariano Suassuna e Carolina de Jesus. Presen\u00e7a em especial &nbsp;de Ign\u00e1cio de Loyola Brand\u00e3o, Mary Del Priore, Arnaldo Antunes, Xico S\u00e1 e Tom Farias.&nbsp; O lan\u00e7amento de A Ca\u00e7ada acontecer\u00e1 nesse domingo, dia 21 de agosto, as 17 horas no Centro Cultural Palace.&nbsp;<\/p>\n\n\n\n<p>A FIL \u00e9 considerada uma das maiores feiras liter\u00e1rias do pais, est\u00e1 na sua vig\u00e9sima primeira edi\u00e7\u00e3o e \u00e9 organizada pela Funda\u00e7\u00e3o do Livro e Leitura. A maratona de lan\u00e7amento de A Ca\u00e7ada continua em outubro, Fran\u00e7a ir\u00e1 participar da FLITI- Festival Liter\u00e1rio de Tiradentes entre os dias 7 e 9 e em Uberaba do Elicer- Festival Liter\u00e1rio do Cerrado, de 24 a 29<\/p>\n\n\n\n<p>.<\/p>\n\n\n\n<p><strong>Resenha do livro A Ca\u00e7ada, livro de Luiz Humberto Fran\u00e7a<\/strong><\/p>\n\n\n\n<p>&nbsp;&nbsp;&nbsp;&nbsp;&nbsp;&nbsp;&nbsp;&nbsp;&nbsp;&nbsp;&nbsp;&nbsp;&nbsp;&nbsp;&nbsp;&nbsp;&nbsp;&nbsp;&nbsp;&nbsp;&nbsp;&nbsp;&nbsp;&nbsp;&nbsp;&nbsp;&nbsp;&nbsp;&nbsp;&nbsp;&nbsp;&nbsp;&nbsp;&nbsp;&nbsp;&nbsp;&nbsp;&nbsp;&nbsp;&nbsp;&nbsp;&nbsp;&nbsp;&nbsp;&nbsp;&nbsp;&nbsp;&nbsp;&nbsp;&nbsp;&nbsp;&nbsp;&nbsp;&nbsp;&nbsp;&nbsp;&nbsp;&nbsp;&nbsp;&nbsp;&nbsp;&nbsp;&nbsp;&nbsp;&nbsp;&nbsp;&nbsp;&nbsp;&nbsp;&nbsp;&nbsp;&nbsp;&nbsp;&nbsp;&nbsp;&nbsp;&nbsp;&nbsp;&nbsp;&nbsp; Por Renato Muniz B. Carvalho<\/p>\n\n\n\n<p>Escritor, professor, especialista em educa\u00e7\u00e3o, mestre em geografia<\/p>\n\n\n\n<p>&nbsp;&nbsp;&nbsp;&nbsp;&nbsp;&nbsp;&nbsp;&nbsp;&nbsp;&nbsp;&nbsp;&nbsp;&nbsp;&nbsp;&nbsp;&nbsp;&nbsp;&nbsp;&nbsp;&nbsp;&nbsp;&nbsp;&nbsp;&nbsp;&nbsp;&nbsp;&nbsp;&nbsp;&nbsp;&nbsp;&nbsp; Ao redor de algumas cidades grandes e m\u00e9dias do interior do Brasil existem povoados que sobrevivem mantendo, ao mesmo tempo, rela\u00e7\u00f5es de depend\u00eancia e identidade pr\u00f3pria. Em muitos casos, o lugarejo surgiu de uma antiga esta\u00e7\u00e3o ferrovi\u00e1ria, de um local de minera\u00e7\u00e3o passageira, um lugar de pouso para as boiadas tocadas para invernadas mais distantes ou para frigor\u00edficos e, tamb\u00e9m, podem ter surgido em fun\u00e7\u00e3o da instala\u00e7\u00e3o de ind\u00fastrias, muitas delas fundadas no s\u00e9culo XIX. Na medida em que a sociedade brasileira se modernizou, em meados do s\u00e9culo XX, foi necess\u00e1rio oferecer estudo \u00e0s crian\u00e7as e construir escolas rurais nesses povoados. Concomitantemente, algu\u00e9m abriu um armaz\u00e9m, outro abriu um bar, um mascate se estabeleceu e a localidade cresceu. Sal, querosene, tecidos, rem\u00e9dios b\u00e1sicos, produtos de cutelaria e lou\u00e7as eram alguns dos itens comercializados.<\/p>\n\n\n\n<p>Para a maioria desses povoados, a decad\u00eancia veio nos anos 1970, com a intensifica\u00e7\u00e3o do \u00eaxodo rural. Os pais decidiram dar continuidade \u00e0 educa\u00e7\u00e3o dos filhos na cidade grande, as atividades rurais de ent\u00e3o n\u00e3o ofereciam trabalho aos jovens, as antigas ind\u00fastrias transferiram-se para os grandes centros urbanos ou foram fechadas pelas multinacionais que se instalavam no pa\u00eds. As cooperativas agr\u00edcolas, quando presentes, tiveram exist\u00eancia ef\u00eamera, com poucas exce\u00e7\u00f5es. Na aus\u00eancia de crian\u00e7as, as escolas fecharam ou se concentraram nos povoados maiores \u2014 hoje, o \u00f4nibus escolar vem buscar as crian\u00e7as na porta de casa. A ferrovia n\u00e3o precisava mais de tantos pontos de apoio, os trens de passageiros n\u00e3o existem mais. Os povoados entraram em decl\u00ednio, populacional e econ\u00f4mico. O empobrecimento deixou sequelas sociais e perda de refer\u00eancias culturais.<\/p>\n\n\n\n<p>Restaram os moradores mais antigos e algum propriet\u00e1rio rural que resolveu conservar a antiga resid\u00eancia da fam\u00edlia. O bar resistiu. Casas maiores foram adaptadas como alojamento para trabalhadores tempor\u00e1rios nas \u00e9pocas de colheita ou outras exig\u00eancias das safras nas grandes planta\u00e7\u00f5es e monoculturas. A maioria das casas, galp\u00f5es e armaz\u00e9ns, abandonados, viraram ru\u00ednas.<\/p>\n\n\n\n<p>Esse foi o caso do povoado de Itaipu, localizado na regi\u00e3o de Arax\u00e1, MG. Ali existiu uma antiga esta\u00e7\u00e3o ferrovi\u00e1ria, hoje \u00e9 uma simp\u00e1tica comunidade rural.<\/p>\n\n\n\n<p>Foi nesse cen\u00e1rio que o jornalista e escritor Luiz Humberto Fran\u00e7a ambientou seu mais recente livro, o romance-reportagem \u201cA ca\u00e7ada\u201d. Livro de leitura r\u00e1pida, agrad\u00e1vel, que foca seu enredo numa hist\u00f3ria real: a ca\u00e7ada a um trabalhador rural que, sabe-se l\u00e1 por quais motivos \u2014 mereceria um estudo sociol\u00f3gico \u2014, resolve aterrorizar a popula\u00e7\u00e3o do povoado e tem a pol\u00edcia em seu encal\u00e7o por v\u00e1rios dias. Driblando seus perseguidores, demonstrando profundo conhecimento do territ\u00f3rio onde atua, o homem causou humilha\u00e7\u00f5es aos policiais, assustou e trouxe inquieta\u00e7\u00f5es \u00e0 popula\u00e7\u00e3o. O pacato povoado submergiu ao medo, as hist\u00f3rias fantasiosas se multiplicaram.<\/p>\n\n\n\n<p>\u00c1gil e competente, o escritor Luiz Humberto Fran\u00e7a faz o resgate da persegui\u00e7\u00e3o policial, sem moralismos ou exalta\u00e7\u00e3o de viol\u00eancia. N\u00e3o existem solu\u00e7\u00f5es f\u00e1ceis, \u00e9 o que o autor nos conta. Um ponto alto da narrativa \u00e9 a mescla entre fic\u00e7\u00e3o e reportagem, o que deixa o livro mais gostoso ainda. Vamos ler?<\/p>\n","protected":false},"excerpt":{"rendered":"<p>O escritor Luiz Humberto Fran\u00e7a segue na maratona de divulga\u00e7\u00e3o do seu novo livro A Ca\u00e7ada. No final de julho,<\/p>\n","protected":false},"author":2,"featured_media":2260,"comment_status":"open","ping_status":"open","sticky":false,"template":"","format":"standard","meta":{"footnotes":""},"categories":[9,5],"tags":[],"class_list":["post-2258","post","type-post","status-publish","format-standard","has-post-thumbnail","hentry","category-araxa","category-arte-e-cultura"],"_links":{"self":[{"href":"http:\/\/blogdoarmindomaia.com.br\/index.php?rest_route=\/wp\/v2\/posts\/2258","targetHints":{"allow":["GET"]}}],"collection":[{"href":"http:\/\/blogdoarmindomaia.com.br\/index.php?rest_route=\/wp\/v2\/posts"}],"about":[{"href":"http:\/\/blogdoarmindomaia.com.br\/index.php?rest_route=\/wp\/v2\/types\/post"}],"author":[{"embeddable":true,"href":"http:\/\/blogdoarmindomaia.com.br\/index.php?rest_route=\/wp\/v2\/users\/2"}],"replies":[{"embeddable":true,"href":"http:\/\/blogdoarmindomaia.com.br\/index.php?rest_route=%2Fwp%2Fv2%2Fcomments&post=2258"}],"version-history":[{"count":1,"href":"http:\/\/blogdoarmindomaia.com.br\/index.php?rest_route=\/wp\/v2\/posts\/2258\/revisions"}],"predecessor-version":[{"id":2262,"href":"http:\/\/blogdoarmindomaia.com.br\/index.php?rest_route=\/wp\/v2\/posts\/2258\/revisions\/2262"}],"wp:featuredmedia":[{"embeddable":true,"href":"http:\/\/blogdoarmindomaia.com.br\/index.php?rest_route=\/wp\/v2\/media\/2260"}],"wp:attachment":[{"href":"http:\/\/blogdoarmindomaia.com.br\/index.php?rest_route=%2Fwp%2Fv2%2Fmedia&parent=2258"}],"wp:term":[{"taxonomy":"category","embeddable":true,"href":"http:\/\/blogdoarmindomaia.com.br\/index.php?rest_route=%2Fwp%2Fv2%2Fcategories&post=2258"},{"taxonomy":"post_tag","embeddable":true,"href":"http:\/\/blogdoarmindomaia.com.br\/index.php?rest_route=%2Fwp%2Fv2%2Ftags&post=2258"}],"curies":[{"name":"wp","href":"https:\/\/api.w.org\/{rel}","templated":true}]}}