{"id":2278,"date":"2022-08-17T15:35:33","date_gmt":"2022-08-17T18:35:33","guid":{"rendered":"http:\/\/blogdoarmindomaia.com.br\/?p=2278"},"modified":"2022-08-17T15:35:35","modified_gmt":"2022-08-17T18:35:35","slug":"segmentos-da-construcao-civil-devem-cumprir-plano-municipal-de-gestao-de-residuos-solido","status":"publish","type":"post","link":"http:\/\/blogdoarmindomaia.com.br\/?p=2278","title":{"rendered":"Segmentos da constru\u00e7\u00e3o civil devem cumprir Plano Municipal de Gest\u00e3o de Res\u00edduos S\u00f3lido"},"content":{"rendered":"\n<figure class=\"wp-block-image size-full\"><img loading=\"lazy\" decoding=\"async\" width=\"1024\" height=\"683\" src=\"http:\/\/blogdoarmindomaia.com.br\/wp-content\/uploads\/2022\/08\/Segmentos-da-construcao-civil-devem-cumprir-Plano-Municipal-pag-07.jpeg\" alt=\"\" class=\"wp-image-2279\" srcset=\"http:\/\/blogdoarmindomaia.com.br\/wp-content\/uploads\/2022\/08\/Segmentos-da-construcao-civil-devem-cumprir-Plano-Municipal-pag-07.jpeg 1024w, http:\/\/blogdoarmindomaia.com.br\/wp-content\/uploads\/2022\/08\/Segmentos-da-construcao-civil-devem-cumprir-Plano-Municipal-pag-07-300x200.jpeg 300w, http:\/\/blogdoarmindomaia.com.br\/wp-content\/uploads\/2022\/08\/Segmentos-da-construcao-civil-devem-cumprir-Plano-Municipal-pag-07-768x512.jpeg 768w\" sizes=\"auto, (max-width: 1024px) 100vw, 1024px\" \/><\/figure>\n\n\n\n<p>Evitar a degrada\u00e7\u00e3o ambiental, regulamentar o transporte, coleta e dep\u00f3sito de Res\u00edduos da Constru\u00e7\u00e3o Civil (RCC) e agregar valor aos res\u00edduos descartados. O Minist\u00e9rio P\u00fablico de Minas Gerais se reuniu com transportadores (ca\u00e7ambeiros) para apresentar a lei que institui o Plano Municipal de Gest\u00e3o de Res\u00edduos S\u00f3lidos da Constru\u00e7\u00e3o Civil.<br><br>O encontro teve como objetivo apresentar e tirar d\u00favidas sobre o licenciamento e credenciamento dos empres\u00e1rios do setor para a execu\u00e7\u00e3o da legisla\u00e7\u00e3o vigente.<br><br>A reuni\u00e3o foi realizada pelo Minist\u00e9rio P\u00fablico de Minas Gerais, com a participa\u00e7\u00e3o das Secretarias Municipais de Governo, de Servi\u00e7os Urbanos e de Desenvolvimento Econ\u00f4mico, Inova\u00e7\u00e3o e Turismo, e do Instituto de Planejamento e Desenvolvimento Sustent\u00e1vel de Arax\u00e1 (IPDSA).<br><br>A lei define as diretrizes relativas \u00e0 gest\u00e3o de res\u00edduos de constru\u00e7\u00e3o civil, \u00e0s responsabilidades dos geradores e os instrumentos econ\u00f4micos aplic\u00e1veis a quem n\u00e3o cumprir as regras.<br><br>Com o plano municipal, os res\u00edduos gerados devem ser obrigatoriamente destinados \u00e0s \u00e1reas devidamente autorizadas e licenciadas, visando \u00e0 triagem, reutiliza\u00e7\u00e3o, reciclagem, preserva\u00e7\u00e3o ou destina\u00e7\u00e3o mais adequada, conforme determina a legisla\u00e7\u00e3o federal e estadual.<br><br>S\u00e3o considerados Res\u00edduos da Constru\u00e7\u00e3o Civil (RCC) restos de materiais provenientes de constru\u00e7\u00f5es, reformas, reparos e demoli\u00e7\u00f5es de obras, e os resultantes da prepara\u00e7\u00e3o e da escava\u00e7\u00e3o de terrenos, tais como: tijolos, blocos cer\u00e2micos, concreto em geral, solos, rochas, metais, resinas, colas, tintas, madeiras e compensados, forros, argamassa, gesso, telhas, pavimento asf\u00e1ltico, vidros, pl\u00e1sticos, tubula\u00e7\u00f5es, fia\u00e7\u00e3o el\u00e9trica, dentre outros.<br><br>De acordo com o secret\u00e1rio municipal de Governo, Rick Paranhos, a implanta\u00e7\u00e3o do Plano Municipal de Gest\u00e3o de Res\u00edduos S\u00f3lidos de Constru\u00e7\u00e3o Civil teve in\u00edcio por meio de uma orienta\u00e7\u00e3o do Minist\u00e9rio P\u00fablico de Minas Gerais (MPMG).<br><br>\u201cO Minist\u00e9rio P\u00fablico apresentou \u00e0 Gest\u00e3o Municipal no in\u00edcio do ano passado (2021) dois problemas ambientais que Arax\u00e1 n\u00e3o havia cumprido e que poderiam gerar multas ao Munic\u00edpio. O primeiro era o bota-fora no Distrito Industrial, que recebia res\u00edduos sem qualquer controle h\u00e1 pelo menos 12 anos e n\u00e3o se resolveu, e o outro era o Aterro Sanit\u00e1rio. E assim fomos notificados para solucionar essas duas quest\u00f5es de degrada\u00e7\u00e3o do meio ambiente e tamb\u00e9m de sa\u00fade p\u00fablica\u201d, explica.<br><br>Segundo o secret\u00e1rio, imediatamente a atual gest\u00e3o iniciou as tratativas para solucionar os problemas. A nova legisla\u00e7\u00e3o tem como objetivo cumprir as orienta\u00e7\u00f5es do Minist\u00e9rio P\u00fablico para evitar a degrada\u00e7\u00e3o ambiental e destinar as \u00e1reas devidamente autorizadas e licenciadas os res\u00edduos, visando \u00e0 triagem, reutiliza\u00e7\u00e3o, reciclagem, preserva\u00e7\u00e3o ou destina\u00e7\u00e3o mais adequada.<br><br>O promotor coordenador regional das Promotorias de Meio Ambiente, Carlos Alberto Valera, refor\u00e7a a import\u00e2ncia de resolver os problemas ambientais.<br><br>\u201cEssa reuni\u00e3o foi muito proveitosa porque todos puderam se manifestar e agora n\u00f3s vamos pegar os compromissos com prazos e cronogramas para que a quest\u00e3o do res\u00edduo e a constru\u00e7\u00e3o civil seja resolvida de forma definitiva, como manda a legisla\u00e7\u00e3o\u201d, destaca.<br><br>O promotor curador do Meio Ambiente da Comarca de Arax\u00e1, M\u00e1rcio Oliveira Pereira, acrescenta que um problema que acontecia h\u00e1 anos agora est\u00e1 prestes a ser resolvido.<br><br>\u201cFicamos satisfeitos porque a gente v\u00ea esse problema se arrastando por v\u00e1rios anos. J\u00e1 fizemos termo de ajustamento com a administra\u00e7\u00e3o passada, que acabou n\u00e3o tendo uma solu\u00e7\u00e3o, mas hoje vemos uma boa vontade, um interesse maior na solu\u00e7\u00e3o disso. Essa uni\u00e3o de for\u00e7as vai trazer um bom resultado e n\u00f3s vamos conseguir resolver o problema n\u00e3o s\u00f3 do aterro, mas tamb\u00e9m do dep\u00f3sito de produtos da constru\u00e7\u00e3o civil&#8221;, relata.<\/p>\n","protected":false},"excerpt":{"rendered":"<p>Evitar a degrada\u00e7\u00e3o ambiental, regulamentar o transporte, coleta e dep\u00f3sito de Res\u00edduos da Constru\u00e7\u00e3o Civil (RCC) e agregar valor aos<\/p>\n","protected":false},"author":2,"featured_media":2279,"comment_status":"open","ping_status":"open","sticky":false,"template":"","format":"standard","meta":{"footnotes":""},"categories":[9,8],"tags":[],"class_list":["post-2278","post","type-post","status-publish","format-standard","has-post-thumbnail","hentry","category-araxa","category-cidades"],"_links":{"self":[{"href":"http:\/\/blogdoarmindomaia.com.br\/index.php?rest_route=\/wp\/v2\/posts\/2278","targetHints":{"allow":["GET"]}}],"collection":[{"href":"http:\/\/blogdoarmindomaia.com.br\/index.php?rest_route=\/wp\/v2\/posts"}],"about":[{"href":"http:\/\/blogdoarmindomaia.com.br\/index.php?rest_route=\/wp\/v2\/types\/post"}],"author":[{"embeddable":true,"href":"http:\/\/blogdoarmindomaia.com.br\/index.php?rest_route=\/wp\/v2\/users\/2"}],"replies":[{"embeddable":true,"href":"http:\/\/blogdoarmindomaia.com.br\/index.php?rest_route=%2Fwp%2Fv2%2Fcomments&post=2278"}],"version-history":[{"count":1,"href":"http:\/\/blogdoarmindomaia.com.br\/index.php?rest_route=\/wp\/v2\/posts\/2278\/revisions"}],"predecessor-version":[{"id":2280,"href":"http:\/\/blogdoarmindomaia.com.br\/index.php?rest_route=\/wp\/v2\/posts\/2278\/revisions\/2280"}],"wp:featuredmedia":[{"embeddable":true,"href":"http:\/\/blogdoarmindomaia.com.br\/index.php?rest_route=\/wp\/v2\/media\/2279"}],"wp:attachment":[{"href":"http:\/\/blogdoarmindomaia.com.br\/index.php?rest_route=%2Fwp%2Fv2%2Fmedia&parent=2278"}],"wp:term":[{"taxonomy":"category","embeddable":true,"href":"http:\/\/blogdoarmindomaia.com.br\/index.php?rest_route=%2Fwp%2Fv2%2Fcategories&post=2278"},{"taxonomy":"post_tag","embeddable":true,"href":"http:\/\/blogdoarmindomaia.com.br\/index.php?rest_route=%2Fwp%2Fv2%2Ftags&post=2278"}],"curies":[{"name":"wp","href":"https:\/\/api.w.org\/{rel}","templated":true}]}}