{"id":2287,"date":"2022-08-17T15:43:00","date_gmt":"2022-08-17T18:43:00","guid":{"rendered":"http:\/\/blogdoarmindomaia.com.br\/?p=2287"},"modified":"2022-08-17T15:43:02","modified_gmt":"2022-08-17T18:43:02","slug":"prorrogadas-as-inscricoes-do-processo-seletivo-para-estagiarios","status":"publish","type":"post","link":"http:\/\/blogdoarmindomaia.com.br\/?p=2287","title":{"rendered":"Prorrogadas as inscri\u00e7\u00f5es do processo seletivo para estagi\u00e1rios"},"content":{"rendered":"\n<figure class=\"wp-block-image size-full\"><img loading=\"lazy\" decoding=\"async\" width=\"1024\" height=\"683\" src=\"http:\/\/blogdoarmindomaia.com.br\/wp-content\/uploads\/2022\/08\/Estagio.jpeg\" alt=\"\" class=\"wp-image-2288\" srcset=\"http:\/\/blogdoarmindomaia.com.br\/wp-content\/uploads\/2022\/08\/Estagio.jpeg 1024w, http:\/\/blogdoarmindomaia.com.br\/wp-content\/uploads\/2022\/08\/Estagio-300x200.jpeg 300w, http:\/\/blogdoarmindomaia.com.br\/wp-content\/uploads\/2022\/08\/Estagio-768x512.jpeg 768w\" sizes=\"auto, (max-width: 1024px) 100vw, 1024px\" \/><\/figure>\n\n\n\n<p>A Prefeitura de Arax\u00e1 prorrogou as inscri\u00e7\u00f5es do Processo Seletivo para Forma\u00e7\u00e3o de Cadastro Reserva para estagi\u00e1rios que estejam cursando gradua\u00e7\u00e3o de Administra\u00e7\u00e3o, Ci\u00eancias Cont\u00e1beis, Direito, Educa\u00e7\u00e3o F\u00edsica e Engenharia Civil ou p\u00f3s-gradua\u00e7\u00e3o para bachar\u00e9is em Direito. As vagas a serem abertas s\u00e3o para atua\u00e7\u00e3o em diversos setores da Administra\u00e7\u00e3o Direta e Indireta.<br><br>As inscri\u00e7\u00f5es foram prorrogadas at\u00e9 &nbsp;o dia 18 de agosto.<br>O processo ocorre em duas etapas &#8211; prova objetiva de m\u00faltipla escolha e entrevista. Todas as informa\u00e7\u00f5es est\u00e3o dispon\u00edveis no link (&nbsp;<a href=\"https:\/\/bit.ly\/3SKjCYw\" target=\"_blank\" rel=\"noreferrer noopener\">https:\/\/bit.ly\/3SKjCYw<\/a>&nbsp;).<br><br>Os admitidos que estejam cursando gradua\u00e7\u00e3o receber\u00e3o uma bolsa complementar educacional no valor de R$ 1.062,58, acrescidos de aux\u00edlio-transporte, para jornada de 30 horas semanais.<br><br>J\u00e1 os admitidos que estejam cursando p\u00f3s-gradua\u00e7\u00e3o receber\u00e3o uma bolsa complementar no valor de R$ 1.328,23, acrescidos de aux\u00edlio-transporte, tamb\u00e9m para jornada de 30 horas semanais.<br><br><br><\/p>\n","protected":false},"excerpt":{"rendered":"<p>A Prefeitura de Arax\u00e1 prorrogou as inscri\u00e7\u00f5es do Processo Seletivo para Forma\u00e7\u00e3o de Cadastro Reserva para estagi\u00e1rios que estejam cursando<\/p>\n","protected":false},"author":2,"featured_media":2288,"comment_status":"open","ping_status":"open","sticky":false,"template":"","format":"standard","meta":{"footnotes":""},"categories":[9,8],"tags":[],"class_list":["post-2287","post","type-post","status-publish","format-standard","has-post-thumbnail","hentry","category-araxa","category-cidades"],"_links":{"self":[{"href":"http:\/\/blogdoarmindomaia.com.br\/index.php?rest_route=\/wp\/v2\/posts\/2287","targetHints":{"allow":["GET"]}}],"collection":[{"href":"http:\/\/blogdoarmindomaia.com.br\/index.php?rest_route=\/wp\/v2\/posts"}],"about":[{"href":"http:\/\/blogdoarmindomaia.com.br\/index.php?rest_route=\/wp\/v2\/types\/post"}],"author":[{"embeddable":true,"href":"http:\/\/blogdoarmindomaia.com.br\/index.php?rest_route=\/wp\/v2\/users\/2"}],"replies":[{"embeddable":true,"href":"http:\/\/blogdoarmindomaia.com.br\/index.php?rest_route=%2Fwp%2Fv2%2Fcomments&post=2287"}],"version-history":[{"count":1,"href":"http:\/\/blogdoarmindomaia.com.br\/index.php?rest_route=\/wp\/v2\/posts\/2287\/revisions"}],"predecessor-version":[{"id":2289,"href":"http:\/\/blogdoarmindomaia.com.br\/index.php?rest_route=\/wp\/v2\/posts\/2287\/revisions\/2289"}],"wp:featuredmedia":[{"embeddable":true,"href":"http:\/\/blogdoarmindomaia.com.br\/index.php?rest_route=\/wp\/v2\/media\/2288"}],"wp:attachment":[{"href":"http:\/\/blogdoarmindomaia.com.br\/index.php?rest_route=%2Fwp%2Fv2%2Fmedia&parent=2287"}],"wp:term":[{"taxonomy":"category","embeddable":true,"href":"http:\/\/blogdoarmindomaia.com.br\/index.php?rest_route=%2Fwp%2Fv2%2Fcategories&post=2287"},{"taxonomy":"post_tag","embeddable":true,"href":"http:\/\/blogdoarmindomaia.com.br\/index.php?rest_route=%2Fwp%2Fv2%2Ftags&post=2287"}],"curies":[{"name":"wp","href":"https:\/\/api.w.org\/{rel}","templated":true}]}}