{"id":229,"date":"2022-04-12T20:41:35","date_gmt":"2022-04-12T23:41:35","guid":{"rendered":"http:\/\/blogdoarmindomaia.com.br\/?p=229"},"modified":"2022-04-12T20:41:37","modified_gmt":"2022-04-12T23:41:37","slug":"encontro-em-araxa-define-entidade-que-representara-academias-de-letras-do-interior","status":"publish","type":"post","link":"http:\/\/blogdoarmindomaia.com.br\/?p=229","title":{"rendered":"Encontro em Arax\u00e1 define entidade que representar\u00e1 Academias de Letras do Interior"},"content":{"rendered":"\n<figure class=\"wp-block-image size-large is-style-default\"><img loading=\"lazy\" decoding=\"async\" width=\"1024\" height=\"768\" src=\"http:\/\/blogdoarmindomaia.com.br\/wp-content\/uploads\/2022\/04\/27e2a20e-0aad-475d-ae12-aaf968b2fcae-1024x768.jpg\" alt=\"\" class=\"wp-image-231\" srcset=\"http:\/\/blogdoarmindomaia.com.br\/wp-content\/uploads\/2022\/04\/27e2a20e-0aad-475d-ae12-aaf968b2fcae-1024x768.jpg 1024w, http:\/\/blogdoarmindomaia.com.br\/wp-content\/uploads\/2022\/04\/27e2a20e-0aad-475d-ae12-aaf968b2fcae-300x225.jpg 300w, http:\/\/blogdoarmindomaia.com.br\/wp-content\/uploads\/2022\/04\/27e2a20e-0aad-475d-ae12-aaf968b2fcae-768x576.jpg 768w, http:\/\/blogdoarmindomaia.com.br\/wp-content\/uploads\/2022\/04\/27e2a20e-0aad-475d-ae12-aaf968b2fcae-1536x1152.jpg 1536w, http:\/\/blogdoarmindomaia.com.br\/wp-content\/uploads\/2022\/04\/27e2a20e-0aad-475d-ae12-aaf968b2fcae.jpg 1600w\" sizes=\"auto, (max-width: 1024px) 100vw, 1024px\" \/><\/figure>\n\n\n\n<figure class=\"wp-block-image size-large is-style-default\"><img loading=\"lazy\" decoding=\"async\" width=\"1024\" height=\"768\" src=\"http:\/\/blogdoarmindomaia.com.br\/wp-content\/uploads\/2022\/04\/6321e2eb-d143-493a-987b-e9ac4b122a1c-1024x768.jpg\" alt=\"\" class=\"wp-image-230\" srcset=\"http:\/\/blogdoarmindomaia.com.br\/wp-content\/uploads\/2022\/04\/6321e2eb-d143-493a-987b-e9ac4b122a1c-1024x768.jpg 1024w, http:\/\/blogdoarmindomaia.com.br\/wp-content\/uploads\/2022\/04\/6321e2eb-d143-493a-987b-e9ac4b122a1c-300x225.jpg 300w, http:\/\/blogdoarmindomaia.com.br\/wp-content\/uploads\/2022\/04\/6321e2eb-d143-493a-987b-e9ac4b122a1c-768x576.jpg 768w, http:\/\/blogdoarmindomaia.com.br\/wp-content\/uploads\/2022\/04\/6321e2eb-d143-493a-987b-e9ac4b122a1c-1536x1152.jpg 1536w, http:\/\/blogdoarmindomaia.com.br\/wp-content\/uploads\/2022\/04\/6321e2eb-d143-493a-987b-e9ac4b122a1c.jpg 1600w\" sizes=\"auto, (max-width: 1024px) 100vw, 1024px\" \/><\/figure>\n\n\n\n<p>Comiss\u00e3ocom representantes regionais vai propor estatuto at\u00e9 junho<\/p>\n\n\n\n<p>O encontro das Academias de Letras do Interior de Minas Gerais, realizado no \u00faltimo s\u00e1bado (9) em Arax\u00e1 definiu a cria\u00e7\u00e3o de uma entidade que vai representar todas as institui\u00e7\u00f5es j\u00e1 a partir deste ano. Uma comiss\u00e3o coordenada por Arax\u00e1 e composta por representantes regionais foi nomeada e deve propor ao grupo as diretrizes da associa\u00e7\u00e3o at\u00e9 junho. &#8220;Essa comiss\u00e3o vai trabalhar para apresentar uma proposta de opera\u00e7\u00e3o, custos e recursos para o funcionamento dessa entidade. Os trabalhos j\u00e1 tiveram in\u00edcio e culminar\u00e3o na vota\u00e7\u00e3o de um estatuto&#8221;, ressalta o presidente da Academia Araxaense de Letras, Luiz Humberto Fran\u00e7a.<\/p>\n\n\n\n<p>O encontro teve a participa\u00e7\u00e3o presencial de 12 presidentes de academias mineiras, mas o grupo j\u00e1 tem 22 entidades participantes. O trabalho agora tamb\u00e9m passa pela mobiliza\u00e7\u00e3o daquelas que ainda n\u00e3o integram o movimento. &#8220;At\u00e9 o fim de abril queremos ampliar esse n\u00famero para come\u00e7armos de forma ainda mais expressiva. Faremos um levantamento para que todas sejam convidadas e participem conosco&#8221;, explica o presidente da Academia Divinopolitana de Letras, Fl\u00e1vio Ramos.<\/p>\n\n\n\n<p><strong>Encontro<\/strong><\/p>\n\n\n\n<p>Na avalia\u00e7\u00e3o dos participantes do encontro, a primeira reuni\u00e3o foi muito produtiva. &#8220;Encontramos em Arax\u00e1 amigos que t\u00eam o objetivo comum de fortalecer a l\u00edngua portuguesa e promover a literatura em suas comunidades. Vamos andar juntos a partir de agora&#8221;, conta a presidente da Academia de Letras de Arcos, Rosana Cristina Ferreira Silva.<\/p>\n\n\n\n<p>Al\u00e9m das discuss\u00f5es relacionadas \u00e0 cria\u00e7\u00e3o da entidade, os presidentes tamb\u00e9m debateram sobre projetos em comum e trocaram experi\u00eancias. &#8220;Teremos agora uma consultoria na \u00e1rea de projetos e a gente quer elaborar a\u00e7\u00f5es que possam atender a todos e, mais do que isso, continuar trocando ideias e crescendo juntos&#8221;, diz Luiz Humberto Fran\u00e7a.<\/p>\n\n\n\n<p>O grupo volta a se reunir em junho, na cidade de Divin\u00f3polis, no Centro-Oeste do Estado.<\/p>\n","protected":false},"excerpt":{"rendered":"<p>Comiss\u00e3ocom representantes regionais vai propor estatuto at\u00e9 junho O encontro das Academias de Letras do Interior de Minas Gerais, realizado<\/p>\n","protected":false},"author":2,"featured_media":231,"comment_status":"open","ping_status":"open","sticky":false,"template":"","format":"standard","meta":{"footnotes":""},"categories":[9,5],"tags":[],"class_list":["post-229","post","type-post","status-publish","format-standard","has-post-thumbnail","hentry","category-araxa","category-arte-e-cultura"],"_links":{"self":[{"href":"http:\/\/blogdoarmindomaia.com.br\/index.php?rest_route=\/wp\/v2\/posts\/229","targetHints":{"allow":["GET"]}}],"collection":[{"href":"http:\/\/blogdoarmindomaia.com.br\/index.php?rest_route=\/wp\/v2\/posts"}],"about":[{"href":"http:\/\/blogdoarmindomaia.com.br\/index.php?rest_route=\/wp\/v2\/types\/post"}],"author":[{"embeddable":true,"href":"http:\/\/blogdoarmindomaia.com.br\/index.php?rest_route=\/wp\/v2\/users\/2"}],"replies":[{"embeddable":true,"href":"http:\/\/blogdoarmindomaia.com.br\/index.php?rest_route=%2Fwp%2Fv2%2Fcomments&post=229"}],"version-history":[{"count":1,"href":"http:\/\/blogdoarmindomaia.com.br\/index.php?rest_route=\/wp\/v2\/posts\/229\/revisions"}],"predecessor-version":[{"id":232,"href":"http:\/\/blogdoarmindomaia.com.br\/index.php?rest_route=\/wp\/v2\/posts\/229\/revisions\/232"}],"wp:featuredmedia":[{"embeddable":true,"href":"http:\/\/blogdoarmindomaia.com.br\/index.php?rest_route=\/wp\/v2\/media\/231"}],"wp:attachment":[{"href":"http:\/\/blogdoarmindomaia.com.br\/index.php?rest_route=%2Fwp%2Fv2%2Fmedia&parent=229"}],"wp:term":[{"taxonomy":"category","embeddable":true,"href":"http:\/\/blogdoarmindomaia.com.br\/index.php?rest_route=%2Fwp%2Fv2%2Fcategories&post=229"},{"taxonomy":"post_tag","embeddable":true,"href":"http:\/\/blogdoarmindomaia.com.br\/index.php?rest_route=%2Fwp%2Fv2%2Ftags&post=229"}],"curies":[{"name":"wp","href":"https:\/\/api.w.org\/{rel}","templated":true}]}}