{"id":2296,"date":"2022-08-17T15:51:46","date_gmt":"2022-08-17T18:51:46","guid":{"rendered":"http:\/\/blogdoarmindomaia.com.br\/?p=2296"},"modified":"2022-08-17T15:51:50","modified_gmt":"2022-08-17T18:51:50","slug":"exposicao-foto-em-pauta-patrocinada-pela-cbmm-continua-em-araxa","status":"publish","type":"post","link":"http:\/\/blogdoarmindomaia.com.br\/?p=2296","title":{"rendered":"Exposi\u00e7\u00e3o \u201cFoto Em Pauta\u201d, patrocinada pela CBMM, continua em Arax\u00e1"},"content":{"rendered":"\n<figure class=\"wp-block-image size-full\"><img loading=\"lazy\" decoding=\"async\" width=\"1024\" height=\"964\" src=\"http:\/\/blogdoarmindomaia.com.br\/wp-content\/uploads\/2022\/08\/0a8954dd-4e9a-498a-9650-0645e816d863.jpg\" alt=\"\" class=\"wp-image-2297\" srcset=\"http:\/\/blogdoarmindomaia.com.br\/wp-content\/uploads\/2022\/08\/0a8954dd-4e9a-498a-9650-0645e816d863.jpg 1024w, http:\/\/blogdoarmindomaia.com.br\/wp-content\/uploads\/2022\/08\/0a8954dd-4e9a-498a-9650-0645e816d863-300x282.jpg 300w, http:\/\/blogdoarmindomaia.com.br\/wp-content\/uploads\/2022\/08\/0a8954dd-4e9a-498a-9650-0645e816d863-768x723.jpg 768w\" sizes=\"auto, (max-width: 1024px) 100vw, 1024px\" \/><\/figure>\n\n\n\n<p>A exposi\u00e7\u00e3o Foto Em Pauta ganhou mais uma semana em Arax\u00e1. A sele\u00e7\u00e3o das melhores imagens de exposi\u00e7\u00f5es que aconteceram nas diversas edi\u00e7\u00f5es do Festival de Fotografia de Tiradentes ficar\u00e1 at\u00e9 esta sexta-feira, 19 de agosto, no Teatro Municipal Maximiliano Rocha.<\/p>\n\n\n\n<p>A prorroga\u00e7\u00e3o tamb\u00e9m \u00e9 uma forma de comemorar o Dia da Fotografia, celebrado no dia 19 de agosto. E para deixar essa comemora\u00e7\u00e3o ainda melhor, neste dia ser\u00e1 realizada uma palestra para alunos de algumas escolas de Arax\u00e1, com o tema \u201cFotografia Contempor\u00e2nea\u201d.<\/p>\n\n\n\n<p>O evento acontecer\u00e1 no Teatro Municipal e ser\u00e1 mediado por Eug\u00eanio S\u00e1vio, diretor art\u00edstico da exposi\u00e7\u00e3o. Eug\u00eanio tamb\u00e9m far\u00e1 uma palestra, sobre o mesmo tema, aberta ao p\u00fablico araxaense no dia 19, \u00e0s 19 horas, no Teatro Maximiliano Rocha.<\/p>\n\n\n\n<p>A exposi\u00e7\u00e3o \u00e9 aberta ao p\u00fablico, das 8h \u00e0s 18h. Vale a pena passar pelo teatro e conferir o trabalho dos fot\u00f3grafos.&nbsp;<\/p>\n\n\n\n<p>A iniciativa conta com o apoio da CBMM, por meio da Lei de Incentivo \u00e0 Cultura.<\/p>\n","protected":false},"excerpt":{"rendered":"<p>A exposi\u00e7\u00e3o Foto Em Pauta ganhou mais uma semana em Arax\u00e1. A sele\u00e7\u00e3o das melhores imagens de exposi\u00e7\u00f5es que aconteceram<\/p>\n","protected":false},"author":2,"featured_media":2297,"comment_status":"open","ping_status":"open","sticky":false,"template":"","format":"standard","meta":{"footnotes":""},"categories":[9,5],"tags":[],"class_list":["post-2296","post","type-post","status-publish","format-standard","has-post-thumbnail","hentry","category-araxa","category-arte-e-cultura"],"_links":{"self":[{"href":"http:\/\/blogdoarmindomaia.com.br\/index.php?rest_route=\/wp\/v2\/posts\/2296","targetHints":{"allow":["GET"]}}],"collection":[{"href":"http:\/\/blogdoarmindomaia.com.br\/index.php?rest_route=\/wp\/v2\/posts"}],"about":[{"href":"http:\/\/blogdoarmindomaia.com.br\/index.php?rest_route=\/wp\/v2\/types\/post"}],"author":[{"embeddable":true,"href":"http:\/\/blogdoarmindomaia.com.br\/index.php?rest_route=\/wp\/v2\/users\/2"}],"replies":[{"embeddable":true,"href":"http:\/\/blogdoarmindomaia.com.br\/index.php?rest_route=%2Fwp%2Fv2%2Fcomments&post=2296"}],"version-history":[{"count":1,"href":"http:\/\/blogdoarmindomaia.com.br\/index.php?rest_route=\/wp\/v2\/posts\/2296\/revisions"}],"predecessor-version":[{"id":2298,"href":"http:\/\/blogdoarmindomaia.com.br\/index.php?rest_route=\/wp\/v2\/posts\/2296\/revisions\/2298"}],"wp:featuredmedia":[{"embeddable":true,"href":"http:\/\/blogdoarmindomaia.com.br\/index.php?rest_route=\/wp\/v2\/media\/2297"}],"wp:attachment":[{"href":"http:\/\/blogdoarmindomaia.com.br\/index.php?rest_route=%2Fwp%2Fv2%2Fmedia&parent=2296"}],"wp:term":[{"taxonomy":"category","embeddable":true,"href":"http:\/\/blogdoarmindomaia.com.br\/index.php?rest_route=%2Fwp%2Fv2%2Fcategories&post=2296"},{"taxonomy":"post_tag","embeddable":true,"href":"http:\/\/blogdoarmindomaia.com.br\/index.php?rest_route=%2Fwp%2Fv2%2Ftags&post=2296"}],"curies":[{"name":"wp","href":"https:\/\/api.w.org\/{rel}","templated":true}]}}