{"id":2302,"date":"2022-08-18T14:25:28","date_gmt":"2022-08-18T17:25:28","guid":{"rendered":"http:\/\/blogdoarmindomaia.com.br\/?p=2302"},"modified":"2022-08-18T14:25:33","modified_gmt":"2022-08-18T17:25:33","slug":"vem-ai-em-setembro-o-21o-open-araxa-de-voo-livre","status":"publish","type":"post","link":"http:\/\/blogdoarmindomaia.com.br\/?p=2302","title":{"rendered":"Vem a\u00ed em setembro, o 21\u00ba Open Arax\u00e1 de Voo Livre"},"content":{"rendered":"\n<figure class=\"wp-block-image size-full\"><img loading=\"lazy\" decoding=\"async\" width=\"589\" height=\"280\" src=\"http:\/\/blogdoarmindomaia.com.br\/wp-content\/uploads\/2022\/08\/Vem-ai-em-setembro-o-21o-Open-Araxa-de-Voo-Livre-pag-12.jpg\" alt=\"\" class=\"wp-image-2303\" srcset=\"http:\/\/blogdoarmindomaia.com.br\/wp-content\/uploads\/2022\/08\/Vem-ai-em-setembro-o-21o-Open-Araxa-de-Voo-Livre-pag-12.jpg 589w, http:\/\/blogdoarmindomaia.com.br\/wp-content\/uploads\/2022\/08\/Vem-ai-em-setembro-o-21o-Open-Araxa-de-Voo-Livre-pag-12-300x143.jpg 300w\" sizes=\"auto, (max-width: 589px) 100vw, 589px\" \/><\/figure>\n\n\n\n<figure class=\"wp-block-image size-full is-style-default\"><img loading=\"lazy\" decoding=\"async\" width=\"496\" height=\"338\" src=\"http:\/\/blogdoarmindomaia.com.br\/wp-content\/uploads\/2022\/08\/Marco-Antonio-Prado-piloto.png\" alt=\"\" class=\"wp-image-2304\" srcset=\"http:\/\/blogdoarmindomaia.com.br\/wp-content\/uploads\/2022\/08\/Marco-Antonio-Prado-piloto.png 496w, http:\/\/blogdoarmindomaia.com.br\/wp-content\/uploads\/2022\/08\/Marco-Antonio-Prado-piloto-300x204.png 300w, http:\/\/blogdoarmindomaia.com.br\/wp-content\/uploads\/2022\/08\/Marco-Antonio-Prado-piloto-130x90.png 130w\" sizes=\"auto, (max-width: 496px) 100vw, 496px\" \/><\/figure>\n\n\n\n<p><strong>Ap\u00f3s quatro anos sem a realiza\u00e7\u00e3o de provas oficiais de voo livre em Arax\u00e1, finalmente a cidade ir\u00e1 receber o 21\u00ba Open Arax\u00e1 de Voo Livre, numa realiza\u00e7\u00e3o\u00a0 do Clube Araxaense de Voo Livre e com a chancela da Confedera\u00e7\u00e3o Brasileira de Voo Livre. A reportagem do Jornal do Jornal Intera\u00e7\u00e3o conversou esta semana com exclusividade com o associado da CAVL, o araxaense Marco Ant\u00f4nio Prado, que tamb\u00e9m \u00e9 o atual presidente da Federa\u00e7\u00e3o Goiana de Voo Livre. Segundo Marco, \u201c n\u00f3s passamos pela pandemia e tudo est\u00e1 sendo normalizado e a gente n\u00e3o poderia\u00a0 ficar de fora. Ent\u00e3o a gente est\u00e1 trazendo entre os dias\u00a0 07 e 10 de setembro, \u00a0a 21\u00b0 edi\u00e7\u00e3o \u00a0do Open Arax\u00e1 de Voo Livre. Se trata de uma das competi\u00e7\u00f5es mais tradicionais do parapente do Brasil, que ter\u00e1 como palco a rampa de decolagem do Horizonte Perdido em Arax\u00e1.\u201d \u00a0Ainda de acordo com o empres\u00e1rio Marco Ant\u00f4nio, \u201c j\u00e1 t\u00eam pilotos do Brasil inteiro inscritos na prova, a rampa vai estar lotada, aqui v\u00e3o estar os melhores pilotos do Pa\u00eds, gra\u00e7as aos apoios importantes da CBMM, da Prefeitura de Arax\u00e1. A nossa expectativa \u00e9 de receber mais de cem pilotos, mas as suas equipes de apoio, que tamb\u00e9m v\u00e3o movimentar a nossa cidade durante os dias da prova e tamb\u00e9m fomentar o turismo e a economia da cidade\u201d. Finalizando, Marco, disse que, \u201c o pessoal que \u00e9 filiado ao \u00a0Clube Araxaense de Voo Livre, que \u00e9 o real organizador desse evento, j\u00e1 est\u00e1 se credenciando para participar da competi\u00e7\u00e3o. E aqueles pilotos que ainda n\u00e3o se inscreveram, podem procurar as redes sociais da CAVL e tamb\u00e9m nas redes sociais para saber de mais detalhes do evento. E outro detalhe, \u00e9 que as pessoas que quiserem fazer voo duplo durante o evento, \u00e9 s\u00f3 procurar o pessoal da organiza\u00e7\u00e3o no s\u00e1bado e no domingo\u201d.\u00a0\u00a0\u00a0 A competi\u00e7\u00e3o ter\u00e1 ainda uma grande estrutura para pilotos, equipes e visitantes quer forem acompanhar de perto a competi\u00e7\u00e3o, como: \u00a0restaurantes, quiosques, banheiros, camping, entre outros.<\/strong><\/p>\n","protected":false},"excerpt":{"rendered":"<p>Ap\u00f3s quatro anos sem a realiza\u00e7\u00e3o de provas oficiais de voo livre em Arax\u00e1, finalmente a cidade ir\u00e1 receber o<\/p>\n","protected":false},"author":2,"featured_media":2303,"comment_status":"open","ping_status":"open","sticky":false,"template":"","format":"standard","meta":{"footnotes":""},"categories":[9,15],"tags":[],"class_list":["post-2302","post","type-post","status-publish","format-standard","has-post-thumbnail","hentry","category-araxa","category-esportes"],"_links":{"self":[{"href":"http:\/\/blogdoarmindomaia.com.br\/index.php?rest_route=\/wp\/v2\/posts\/2302","targetHints":{"allow":["GET"]}}],"collection":[{"href":"http:\/\/blogdoarmindomaia.com.br\/index.php?rest_route=\/wp\/v2\/posts"}],"about":[{"href":"http:\/\/blogdoarmindomaia.com.br\/index.php?rest_route=\/wp\/v2\/types\/post"}],"author":[{"embeddable":true,"href":"http:\/\/blogdoarmindomaia.com.br\/index.php?rest_route=\/wp\/v2\/users\/2"}],"replies":[{"embeddable":true,"href":"http:\/\/blogdoarmindomaia.com.br\/index.php?rest_route=%2Fwp%2Fv2%2Fcomments&post=2302"}],"version-history":[{"count":1,"href":"http:\/\/blogdoarmindomaia.com.br\/index.php?rest_route=\/wp\/v2\/posts\/2302\/revisions"}],"predecessor-version":[{"id":2305,"href":"http:\/\/blogdoarmindomaia.com.br\/index.php?rest_route=\/wp\/v2\/posts\/2302\/revisions\/2305"}],"wp:featuredmedia":[{"embeddable":true,"href":"http:\/\/blogdoarmindomaia.com.br\/index.php?rest_route=\/wp\/v2\/media\/2303"}],"wp:attachment":[{"href":"http:\/\/blogdoarmindomaia.com.br\/index.php?rest_route=%2Fwp%2Fv2%2Fmedia&parent=2302"}],"wp:term":[{"taxonomy":"category","embeddable":true,"href":"http:\/\/blogdoarmindomaia.com.br\/index.php?rest_route=%2Fwp%2Fv2%2Fcategories&post=2302"},{"taxonomy":"post_tag","embeddable":true,"href":"http:\/\/blogdoarmindomaia.com.br\/index.php?rest_route=%2Fwp%2Fv2%2Ftags&post=2302"}],"curies":[{"name":"wp","href":"https:\/\/api.w.org\/{rel}","templated":true}]}}